{"id":10949,"date":"2022-04-27T13:57:58","date_gmt":"2022-04-27T11:57:58","guid":{"rendered":"https:\/\/www.culturalusa.com\/news\/?p=10949"},"modified":"2025-09-06T12:01:54","modified_gmt":"2025-09-06T10:01:54","slug":"douleurs-intenses-et-autres-symptomes-de-la-maladie-qui-conditionne-la-vie-de-bono","status":"publish","type":"post","link":"https:\/\/www.culturalusa.com\/news\/culture\/douleurs-intenses-et-autres-symptomes-de-la-maladie-qui-conditionne-la-vie-de-bono\/","title":{"rendered":"Douleurs intenses et autres sympt\u00f4mes de la maladie qui conditionne la vie de Bono"},"content":{"rendered":"<h2>En 2018, le chanteur du <strong>groupe U2<\/strong>, Bono Vox, a r\u00e9v\u00e9l\u00e9 au monde pourquoi il porte toujours des <strong>lunettes de soleil<\/strong> en public.<\/h2>\n<blockquote><p>Apr\u00e8s tout, ce n&rsquo;est pas une option esth\u00e9tique, mais une n\u00e9cessit\u00e9. Le chanteur souffre de glaucome, une maladie des yeux pouvant entra\u00eener la c\u00e9cit\u00e9.<\/p><\/blockquote>\n<p>Le glaucome est, selon la Soci\u00e9t\u00e9 portugaise d&rsquo;ophtalmologie, \u00ab\u00a0le nom donn\u00e9 \u00e0 un ensemble de maladies qui affectent le nerf optique, g\u00e9n\u00e9ralement de mani\u00e8re chronique, et peuvent entra\u00eener une <strong>perte progressive de la vision<\/strong> si elles ne sont pas d\u00e9tect\u00e9es t\u00f4t et trait\u00e9es correctement\u00a0\u00bb.<\/p>\n<p>Avoir plus de 40 ans, un membre de la famille atteint de la maladie, prendre des corticost\u00e9ro\u00efdes et souffrir d&rsquo;autres maladies, comme le diab\u00e8te, sont autant de facteurs qui contribuent \u00e0 l&rsquo;apparition du glaucome.<\/p>\n<p>Bien qu&rsquo;elle puisse \u00eatre asymptomatique, c&rsquo;est pourquoi il est n\u00e9cessaire d&rsquo;avoir des \u00ab\u00a0contr\u00f4les\u00a0\u00bb, certains sympt\u00f4mes se manifestent lorsque la maladie est \u00e0 un stade plus avanc\u00e9.<\/p>\n<p><span style=\"color: #800000;\"><strong>Les voici ci-dessous :<\/strong><\/span><\/p>\n<p><strong>Maux de t\u00eate s\u00e9v\u00e8res<\/strong>;<br \/>\n<strong>Naus\u00e9e<\/strong>;<br \/>\n<strong>Vomissement<\/strong>;<br \/>\n<strong>Yeux rouges<\/strong>;<br \/>\n<strong>Douleur oculaire tr\u00e8s intense<\/strong>.<\/p>\n<p><iframe loading=\"lazy\" title=\"YouTube video player\" src=\"https:\/\/www.youtube.com\/embed\/ujNeHIo7oTE\" width=\"100%\" height=\"385\" frameborder=\"0\" allowfullscreen=\"allowfullscreen\"><\/iframe><\/p>\n","protected":false},"excerpt":{"rendered":"<p>En 2018, le chanteur du groupe U2, Bono Vox, a r\u00e9v\u00e9l\u00e9 au monde pourquoi il porte toujours des lunettes de soleil en public. Apr\u00e8s tout, ce n&rsquo;est pas une option esth\u00e9tique, mais une n\u00e9cessit\u00e9. Le chanteur souffre de glaucome, une maladie des yeux pouvant entra\u00eener la c\u00e9cit\u00e9. Le glaucome est, selon la Soci\u00e9t\u00e9 portugaise d&rsquo;ophtalmologie, [&hellip;]<\/p>\n","protected":false},"author":1,"featured_media":10950,"comment_status":"open","ping_status":"closed","sticky":false,"template":"","format":"standard","meta":{"footnotes":""},"categories":[4],"tags":[2309,2314,2312,2311,2313,2310],"class_list":["post-10949","post","type-post","status-publish","format-standard","has-post-thumbnail","hentry","category-culture","tag-bono","tag-groupe-u2","tag-lunettes-de-soleil","tag-maladie","tag-perte-progressive-de-la-vision","tag-u2"],"aioseo_notices":[],"_links":{"self":[{"href":"https:\/\/www.culturalusa.com\/news\/wp-json\/wp\/v2\/posts\/10949","targetHints":{"allow":["GET"]}}],"collection":[{"href":"https:\/\/www.culturalusa.com\/news\/wp-json\/wp\/v2\/posts"}],"about":[{"href":"https:\/\/www.culturalusa.com\/news\/wp-json\/wp\/v2\/types\/post"}],"author":[{"embeddable":true,"href":"https:\/\/www.culturalusa.com\/news\/wp-json\/wp\/v2\/users\/1"}],"replies":[{"embeddable":true,"href":"https:\/\/www.culturalusa.com\/news\/wp-json\/wp\/v2\/comments?post=10949"}],"version-history":[{"count":5,"href":"https:\/\/www.culturalusa.com\/news\/wp-json\/wp\/v2\/posts\/10949\/revisions"}],"predecessor-version":[{"id":13740,"href":"https:\/\/www.culturalusa.com\/news\/wp-json\/wp\/v2\/posts\/10949\/revisions\/13740"}],"wp:featuredmedia":[{"embeddable":true,"href":"https:\/\/www.culturalusa.com\/news\/wp-json\/wp\/v2\/media\/10950"}],"wp:attachment":[{"href":"https:\/\/www.culturalusa.com\/news\/wp-json\/wp\/v2\/media?parent=10949"}],"wp:term":[{"taxonomy":"category","embeddable":true,"href":"https:\/\/www.culturalusa.com\/news\/wp-json\/wp\/v2\/categories?post=10949"},{"taxonomy":"post_tag","embeddable":true,"href":"https:\/\/www.culturalusa.com\/news\/wp-json\/wp\/v2\/tags?post=10949"}],"curies":[{"name":"wp","href":"https:\/\/api.w.org\/{rel}","templated":true}]}}