{"id":10971,"date":"2022-05-02T11:16:35","date_gmt":"2022-05-02T09:16:35","guid":{"rendered":"https:\/\/www.culturalusa.com\/news\/?p=10971"},"modified":"2022-05-02T11:16:35","modified_gmt":"2022-05-02T09:16:35","slug":"ultra-gauche-manifestation-du-1er-mai-a-paris-darmanin-denonce-des-violences-de-casseurs","status":"publish","type":"post","link":"https:\/\/www.culturalusa.com\/news\/politique\/ultra-gauche-manifestation-du-1er-mai-a-paris-darmanin-denonce-des-violences-de-casseurs\/","title":{"rendered":"Ultra-gauche : manifestation du 1er-Mai \u00e0 Paris, Darmanin d\u00e9nonce des violences de casseurs"},"content":{"rendered":"<p>G\u00e9rald Darmanin a d\u00e9nonc\u00e9 dimanche les \u00ab\u00a0violences inacceptables\u00a0\u00bb commises par des \u00ab\u00a0casseurs\u00a0\u00bb habill\u00e9s de noir et venus \u00ab\u00a0perturber les manifestations du 1er mai, notamment \u00e0 Paris\u00a0\u00bb, avec des dizaines d&rsquo;enseignes vandalis\u00e9es sur le parcours, bloquant la progression du cort\u00e8ge syndical.<\/p>\n<blockquote><p>\u00ab\u00a0Des casseurs viennent perturber les manifestations du 1er mai notamment \u00e0 Paris, en commettant des violences inacceptables\u00a0\u00bb, a tweet\u00e9 le ministre de l&rsquo;Int\u00e9rieur, assurant son \u00ab\u00a0plein soutien aux policiers et gendarmes mobilis\u00e9s\u00a0\u00bb.<\/p><\/blockquote>\n<p>Il n&rsquo;y a \u00ab\u00a0pas eu de d\u00e9faillances\u00a0\u00bb des autorit\u00e9s, a affirm\u00e9 M. Darmanin lors d&rsquo;un point presse \u00e0 la pr\u00e9fecture de police, faisant \u00e9tat de 45 interpellations peu avant 19H et de 8 bless\u00e9s parmi les forces de l&rsquo;ordre.<\/p>\n<p>Parmi les personnes interpell\u00e9es figure une femme suspect\u00e9e d&rsquo;avoir assen\u00e9 deux coups avec sa main sur le casque d&rsquo;un pompier alors que celui-ci \u00e9teignait un incendie, a-t-il pr\u00e9cis\u00e9. Le soldat du feu n&rsquo;a pas \u00e9t\u00e9 bless\u00e9.<\/p>\n<p>Cette agression, largement relay\u00e9e sur les r\u00e9seaux sociaux, a suscit\u00e9 une vive indignation. \u00ab\u00a0Cela suffit ! Honte \u00e0 la sauvagerie, incompr\u00e9hensible cette nouvelle agression vis-\u00e0-vis des sapeurs-pompiers de Paris dans l&rsquo;exercice de leurs fonctions, prot\u00e9ger les personnes, les biens de la Cit\u00e9 et le bon d\u00e9roulement de la manifestation\u00a0\u00bb, ont tweet\u00e9 les sapeurs-pompiers de Paris.<\/p>\n<p>Les premi\u00e8res tensions ont eu lieu quelques minutes seulement apr\u00e8s le d\u00e9part du cort\u00e8ge depuis la place de la R\u00e9publique. Un groupe tr\u00e8s mobile de manifestants, portant v\u00eatements, gants et masques noirs, s&rsquo;est d\u00e9tach\u00e9 du cort\u00e8ge principal \u00e0 hauteur de la rue Oberkampf pour se heurter aux forces de l&rsquo;ordre.<\/p>\n<p>Plus loin, au niveau de la place L\u00e9on Blum, un restaurant McDonald&rsquo;s a \u00e9t\u00e9 saccag\u00e9 et ses vitrines tagu\u00e9es de slogans anticapitalistes.<\/p>\n<p>Plusieurs dizaines d&rsquo;agences bancaires, immobili\u00e8res, de soci\u00e9t\u00e9s d&rsquo;assurances ainsi qu&rsquo;un magasin de produits bio ont subi le m\u00eame sort tout au long du parcours. Du mobilier urbain a \u00e9galement \u00e9t\u00e9 d\u00e9grad\u00e9, et de nombreuses poubelles ont \u00e9t\u00e9 incendi\u00e9es.<\/p>\n<p>De nouveaux affrontements entre ce pr\u00e9-cort\u00e8ge et les forces de l&rsquo;ordre se sont produits \u00e0 l&rsquo;arriv\u00e9e place de la Nation, destination finale de la manifestation, avec des grenades lacrymog\u00e8nes r\u00e9pondant \u00e0 des jets de projectiles.<\/p>\n<p>Le cort\u00e8ge syndical a lui \u00e9t\u00e9 bloqu\u00e9 au bout du boulevard Voltaire par un cordon de CRS avant de pouvoir acc\u00e9der \u00e0 la place de la Nation.<\/p>\n<p>La manifestation s&rsquo;est \u00e9lanc\u00e9e peu apr\u00e8s 14H30 de la place de la R\u00e9publique en direction de la place de la Nation, \u00e0 l&rsquo;appel de l&rsquo;intersyndicale CGT-Unsa-FSU-Solidaires, rejointes par les organisations \u00e9tudiante et lyc\u00e9ennes Unef, VL, MNL et FIDL, avec pour revendications les questions des salaires, des services publics, de protection sociale et de transition \u00e9cologique.<\/p>\n<p>De nombreux leaders politiques de <strong>(Extreme-Gauche, comme Jean-Luc M\u00e9lenchon)<\/strong> et Olivier Faure (PS) sont \u00e9galement pr\u00e9sents dans le cort\u00e8ge.<\/p>\n<p>Ailleurs, d&rsquo;autres incidents ont \u00e9galement perturb\u00e9 les manifestations.<\/p>\n<p>A Rennes, plusieurs centaines de <strong>militants d&rsquo;ultra-gauche<\/strong> ont jou\u00e9 pendant deux heures au chat et \u00e0 la souris avec les forces de l&rsquo;ordre, qui ont fait usage de lacrymog\u00e8nes et d&rsquo;un canon \u00e0 eau. Des feux de poubelles ont \u00e9t\u00e9 constat\u00e9s.<\/p>\n<p>A Nantes, les forces de l&rsquo;ordre sont intervenues pour disperser des militants d&rsquo;ultra-gauche qui commettaient des d\u00e9gradations, selon la pr\u00e9fecture. (AFP)<\/p>\n","protected":false},"excerpt":{"rendered":"<p>G\u00e9rald Darmanin a d\u00e9nonc\u00e9 dimanche les \u00ab\u00a0violences inacceptables\u00a0\u00bb commises par des \u00ab\u00a0casseurs\u00a0\u00bb habill\u00e9s de noir et venus \u00ab\u00a0perturber les manifestations du 1er mai, notamment \u00e0 Paris\u00a0\u00bb, avec des dizaines d&rsquo;enseignes vandalis\u00e9es sur le parcours, bloquant la progression du cort\u00e8ge syndical. \u00ab\u00a0Des casseurs viennent perturber les manifestations du 1er mai notamment \u00e0 Paris, en commettant des [&hellip;]<\/p>\n","protected":false},"author":1,"featured_media":10972,"comment_status":"open","ping_status":"closed","sticky":false,"template":"","format":"standard","meta":{"footnotes":""},"categories":[1494],"tags":[2323,949,1282,2322,1423],"class_list":["post-10971","post","type-post","status-publish","format-standard","has-post-thumbnail","hentry","category-politique","tag-casseurs","tag-extreme-gauche","tag-gerald-darmanin","tag-manifestation-du-1er-mai","tag-ultra-gauche"],"aioseo_notices":[],"_links":{"self":[{"href":"https:\/\/www.culturalusa.com\/news\/wp-json\/wp\/v2\/posts\/10971","targetHints":{"allow":["GET"]}}],"collection":[{"href":"https:\/\/www.culturalusa.com\/news\/wp-json\/wp\/v2\/posts"}],"about":[{"href":"https:\/\/www.culturalusa.com\/news\/wp-json\/wp\/v2\/types\/post"}],"author":[{"embeddable":true,"href":"https:\/\/www.culturalusa.com\/news\/wp-json\/wp\/v2\/users\/1"}],"replies":[{"embeddable":true,"href":"https:\/\/www.culturalusa.com\/news\/wp-json\/wp\/v2\/comments?post=10971"}],"version-history":[{"count":1,"href":"https:\/\/www.culturalusa.com\/news\/wp-json\/wp\/v2\/posts\/10971\/revisions"}],"predecessor-version":[{"id":10973,"href":"https:\/\/www.culturalusa.com\/news\/wp-json\/wp\/v2\/posts\/10971\/revisions\/10973"}],"wp:featuredmedia":[{"embeddable":true,"href":"https:\/\/www.culturalusa.com\/news\/wp-json\/wp\/v2\/media\/10972"}],"wp:attachment":[{"href":"https:\/\/www.culturalusa.com\/news\/wp-json\/wp\/v2\/media?parent=10971"}],"wp:term":[{"taxonomy":"category","embeddable":true,"href":"https:\/\/www.culturalusa.com\/news\/wp-json\/wp\/v2\/categories?post=10971"},{"taxonomy":"post_tag","embeddable":true,"href":"https:\/\/www.culturalusa.com\/news\/wp-json\/wp\/v2\/tags?post=10971"}],"curies":[{"name":"wp","href":"https:\/\/api.w.org\/{rel}","templated":true}]}}