{"id":10983,"date":"2022-05-05T13:18:14","date_gmt":"2022-05-05T11:18:14","guid":{"rendered":"https:\/\/www.culturalusa.com\/news\/?p=10983"},"modified":"2022-05-05T13:18:14","modified_gmt":"2022-05-05T11:18:14","slug":"climat-jour-du-depassement-des-ressources-planetaires-pour-la-france","status":"publish","type":"post","link":"https:\/\/www.culturalusa.com\/news\/technologie\/climat-jour-du-depassement-des-ressources-planetaires-pour-la-france\/","title":{"rendered":"Climat : \u00ab\u00a0Jour du d\u00e9passement\u00a0\u00bb des ressources plan\u00e9taires pour la France"},"content":{"rendered":"<p>Si toute l&rsquo;humanit\u00e9 vivait comme les Fran\u00e7ais, elle aurait consomm\u00e9 ce 5 mai toutes les ressources que la plan\u00e8te peut renouveler en un an, a annonc\u00e9 <strong>WWF<\/strong>, estimant que la France pouvait faire reculer ce \u00ab\u00a0jour du d\u00e9passement\u00a0\u00bb de 25 jours d&rsquo;ici 2027.<\/p>\n<p>Chaque ann\u00e9e, l&rsquo;ONG am\u00e9ricaine Global Footprint Network calcule le \u00ab\u00a0jour du d\u00e9passement\u00a0\u00bb pour le monde -29 juillet en 2021-, en croisant l&#8217;empreinte \u00e9cologique des activit\u00e9s humaines (surfaces terrestre et maritime n\u00e9cessaires pour produire les ressources consomm\u00e9es et pour absorber les d\u00e9chets de la population) et la \u00ab\u00a0biocapacit\u00e9\u00a0\u00bb de la Terre (capacit\u00e9 des \u00e9cosyst\u00e8mes \u00e0 se r\u00e9g\u00e9n\u00e9rer et \u00e0 absorber les d\u00e9chets produits par l&rsquo;Homme, notamment la s\u00e9questration du CO2).<\/p>\n<p>Cet indice qui ne cesse de se d\u00e9grader depuis des d\u00e9cennies (\u00e0 l&rsquo;exception de l&rsquo;ann\u00e9e 2020 marqu\u00e9e par la crise du Covid-19) vise \u00e0 illustrer la consommation d&rsquo;une population humaine en expansion sur une plan\u00e8te limit\u00e9e. Et il se d\u00e9cline \u00e9galement par pays.<\/p>\n<h3>Pour 2022, le jour du d\u00e9passement pour la France tombe le 5 mai, environ 5 mois plus t\u00f4t qu&rsquo;en 1961. Si le monde entier consommait aujourd&rsquo;hui comme les Fran\u00e7ais, il faudrait 2,9 Terres pour subvenir aux besoins des habitants, pr\u00e9cisent Global Footprint et son partenaire WWF.<\/h3>\n<p>\u00ab\u00a0Tous les pr\u00e9sidents de la Ve R\u00e9publique ont laiss\u00e9 l&#8217;empreinte \u00e9cologique du pays se d\u00e9grader. En moyenne, selon les donn\u00e9es utilis\u00e9es chaque ann\u00e9e par le Global Footprint Network, entre 1981 et 2007, le Jour du d\u00e9passement a avanc\u00e9 de 10 jours \u00e0 l&rsquo;issue de chaque mandat\u00a0\u00bb, a d\u00e9nonc\u00e9 WWF France dans un communiqu\u00e9.<\/p>\n<p>Mais \u00ab\u00a0bonne nouvelle: nous n&rsquo;y sommes pas condamn\u00e9s\u00a0\u00bb, a comment\u00e9 sa pr\u00e9sidente d&rsquo;honneur Isabelle Autissier.<\/p>\n<blockquote><p>Passant en revue trois sc\u00e9narios possibles, l&rsquo;ONG estime ainsi que le nouveau quinquennat d&rsquo;Emmanuel Macron \u00ab\u00a0peut renverser la tendance\u00a0\u00bb. Dans un tel sc\u00e9nario de \u00ab\u00a0planification \u00e9cologique\u00a0\u00bb, la France pourrait ainsi gagner 25 jours (30 mai) d&rsquo;ici 2027.<\/p><\/blockquote>\n<p>Cela impliquerait une planification et un financement de la transition dans tous les secteurs, avec des objectifs et des mesures \u00ab\u00a0plus ambitieux qu&rsquo;actuellement\u00a0\u00bb, notamment diviser par deux l&rsquo;utilisation de pesticides, parvenir \u00e0 25% de terres cultiv\u00e9es en bio, r\u00e9aliser 700.000 r\u00e9novations compl\u00e8tes chaque ann\u00e9e, soutenir les alternatives \u00e0 la voiture, faire baisser de 20% la consommation de prot\u00e9ines animales, acc\u00e9l\u00e9rer le d\u00e9veloppement des \u00e9nergies renouvelables.<\/p>\n<p>Dans le sc\u00e9nario \u00ab\u00a0engagements d\u00e9j\u00e0 pris\u00a0\u00bb, qui correspond \u00e0 l&rsquo;application des lois et objectifs d\u00e9j\u00e0 formalis\u00e9s ces cinq derni\u00e8res ann\u00e9es (Strat\u00e9gie nationale bas-carbone, lois Mobilit\u00e9, Alimentation, Anti-gaspillage, Climat&#8230;), la France gagnerait 3 jours, pour atteindre le 8 mai en 2027.<\/p>\n<p>Dans un sc\u00e9nario du \u00ab\u00a0laisser-aller\u00a0\u00bb le Jour du d\u00e9passement avancerait au contraire de deux jours, au 3 mai en 2027. (AFP)<\/p>\n","protected":false},"excerpt":{"rendered":"<p>Si toute l&rsquo;humanit\u00e9 vivait comme les Fran\u00e7ais, elle aurait consomm\u00e9 ce 5 mai toutes les ressources que la plan\u00e8te peut renouveler en un an, a annonc\u00e9 WWF, estimant que la France pouvait faire reculer ce \u00ab\u00a0jour du d\u00e9passement\u00a0\u00bb de 25 jours d&rsquo;ici 2027. Chaque ann\u00e9e, l&rsquo;ONG am\u00e9ricaine Global Footprint Network calcule le \u00ab\u00a0jour du d\u00e9passement\u00a0\u00bb [&hellip;]<\/p>\n","protected":false},"author":1,"featured_media":10984,"comment_status":"open","ping_status":"closed","sticky":false,"template":"","format":"standard","meta":{"footnotes":""},"categories":[6],"tags":[208,2325,2326],"class_list":["post-10983","post","type-post","status-publish","format-standard","has-post-thumbnail","hentry","category-technologie","tag-climat","tag-ressources-planetaires","tag-wwf"],"aioseo_notices":[],"_links":{"self":[{"href":"https:\/\/www.culturalusa.com\/news\/wp-json\/wp\/v2\/posts\/10983","targetHints":{"allow":["GET"]}}],"collection":[{"href":"https:\/\/www.culturalusa.com\/news\/wp-json\/wp\/v2\/posts"}],"about":[{"href":"https:\/\/www.culturalusa.com\/news\/wp-json\/wp\/v2\/types\/post"}],"author":[{"embeddable":true,"href":"https:\/\/www.culturalusa.com\/news\/wp-json\/wp\/v2\/users\/1"}],"replies":[{"embeddable":true,"href":"https:\/\/www.culturalusa.com\/news\/wp-json\/wp\/v2\/comments?post=10983"}],"version-history":[{"count":1,"href":"https:\/\/www.culturalusa.com\/news\/wp-json\/wp\/v2\/posts\/10983\/revisions"}],"predecessor-version":[{"id":10985,"href":"https:\/\/www.culturalusa.com\/news\/wp-json\/wp\/v2\/posts\/10983\/revisions\/10985"}],"wp:featuredmedia":[{"embeddable":true,"href":"https:\/\/www.culturalusa.com\/news\/wp-json\/wp\/v2\/media\/10984"}],"wp:attachment":[{"href":"https:\/\/www.culturalusa.com\/news\/wp-json\/wp\/v2\/media?parent=10983"}],"wp:term":[{"taxonomy":"category","embeddable":true,"href":"https:\/\/www.culturalusa.com\/news\/wp-json\/wp\/v2\/categories?post=10983"},{"taxonomy":"post_tag","embeddable":true,"href":"https:\/\/www.culturalusa.com\/news\/wp-json\/wp\/v2\/tags?post=10983"}],"curies":[{"name":"wp","href":"https:\/\/api.w.org\/{rel}","templated":true}]}}