{"id":10989,"date":"2022-05-06T12:43:03","date_gmt":"2022-05-06T10:43:03","guid":{"rendered":"https:\/\/www.culturalusa.com\/news\/?p=10989"},"modified":"2022-05-06T12:45:25","modified_gmt":"2022-05-06T10:45:25","slug":"union-de-lextreme-gauche-et-de-la-gauche-le-tour-de-force-de-melenchon-qui-plonge-le-ps-dans-linconnu","status":"publish","type":"post","link":"https:\/\/www.culturalusa.com\/news\/actualite\/union-de-lextreme-gauche-et-de-la-gauche-le-tour-de-force-de-melenchon-qui-plonge-le-ps-dans-linconnu\/","title":{"rendered":"Union de l&rsquo;Extr\u00eame-Gauche et de la Gauche, le tour de force de M\u00e9lenchon qui plonge le PS dans l&rsquo;inconnu"},"content":{"rendered":"<p>Malgr\u00e9 de profondes divergences, <strong>Jean-Luc M\u00e9lenchon (Extr\u00eame-Gauche)<\/strong> a accompli le tour de force de r\u00e9unir les principaux partis de gauche sous la banni\u00e8re de la Nouvelle Union populaire \u00e9cologique et sociale pour une aventure commune qui pose la question de la <strong>survie du PS<\/strong>.<\/p>\n<p>Longtemps fantasm\u00e9e et souvent qualifi\u00e9e d&rsquo;impossible, l&rsquo;union des gauches est devenue une r\u00e9alit\u00e9 dans la nuit de jeudi \u00e0 vendredi lorsque le Conseil national du PS a adopt\u00e9, au terme de d\u00e9bats parfois tendus, \u00e0 62 % l&rsquo;accord avec La France insoumise.<\/p>\n<p>Ce changement d&rsquo;orientation historique consacre un grand vainqueur: Jean-Luc M\u00e9lenchon qui, fort de ses 22 % au premier tour de la pr\u00e9sidentielle, a r\u00e9ussi son OPA sur la gauche, unissant sous un m\u00eame drapeau le PS mais aussi les \u00e9cologistes d&rsquo;EELV et les communistes, dans la perspective des l\u00e9gislatives de juin o\u00f9 il vise \u00e0 devenir \u00ab\u00a0Premier ministre\u00a0\u00bb.<\/p>\n<p>La photo de famille est pr\u00e9vue pour samedi lors d&rsquo;une Convention d&rsquo;investiture de la \u00ab\u00a0Nouvelle union populaire \u00e9cologique et sociale\u00a0\u00bb (Nupes) \u00e0 Aubervilliers, pr\u00e8s de Paris.<\/p>\n<p>L&rsquo;\u00e9v\u00e9nement marque aussi une rupture profonde pour le PS, notamment par rapport au quinquennat Hollande, dont les cons\u00e9quences \u00e0 court et moyen terme restent ind\u00e9cises.<\/p>\n<p>Le chef des n\u00e9gociateurs socialistes Pierre Jouvet s&rsquo;est f\u00e9licit\u00e9 vendredi de ce \u00ab\u00a0rassemblement historique\u00a0\u00bb qu&rsquo;attendaient \u00ab\u00a0les Fran\u00e7ais d\u00e9sesp\u00e9r\u00e9s de cette d\u00e9sunion\u00a0\u00bb.<\/p>\n<p>\u00ab\u00a0Nous avons prouv\u00e9 que nous \u00e9tions capables de converger vers un projet commun pour changer la vie des gens\u00a0\u00bb, s&rsquo;est r\u00e9joui le repr\u00e9sentant de la nouvelle vague du PS o\u00f9 une fracture g\u00e9n\u00e9rationnelle est clairement apparue ces derniers jours.<\/p>\n<p>Avec, d&rsquo;un c\u00f4t\u00e9, une jeune garde impatiente de nouer des accords sur les cendres du fiasco de la candidate socialiste Anne Hidalgo \u00e0 la pr\u00e9sidentielle (1,74 %). Et, de l&rsquo;autre, les \u00ab\u00a0\u00e9l\u00e9phants\u00a0\u00bb comme Fran\u00e7ois Hollande, Bernard Cazeneuve, Jean-Marc Ayrault ou Jean-Christophe Cambad\u00e9lis, vent debout contre cette union avec M. M\u00e9lenchon qui ne les a jamais m\u00e9nag\u00e9s.<\/p>\n<p>A LFI, on applaudit, \u00e0 l&rsquo;image de l&rsquo;eurod\u00e9put\u00e9e LFI Manon Aubry, que \u00ab\u00a0le Parti socialiste renoue avec son Histoire, avec la bataille pour les grandes conqu\u00eates sociales\u00a0\u00bb.<\/p>\n<p>\u00ab\u00a0Je me souviens la premi\u00e8re fois qu&rsquo;on a vu le Parti socialiste, il y a une grosse semaine, j&rsquo;avais le sentiment d&rsquo;avoir en face de moi un nouveau Parti socialiste, pr\u00eat \u00e0 revenir sur les lois El Khomri [sur le droit du travail], pr\u00eat \u00e0 d\u00e9fendre la retraite \u00e0 60 ans, la VIe R\u00e9publique, et m\u00eame \u00e0 ne pas respecter certaines r\u00e8gles europ\u00e9ennes\u00a0\u00bb, a-t-elle ajout\u00e9.<\/p>\n<h3>Le PS, \u00ab\u00a0c&rsquo;est fini\u00a0\u00bb<\/h3>\n<blockquote><p>Ce virage \u00e0 gauche conduit le politologue (et ancien candidat LR aux r\u00e9gionales de 2015) Dominique Reyni\u00e9 \u00e0 dire que le Parti socialiste, \u00ab\u00a0c&rsquo;est fini\u00a0\u00bb, du moins en tant que \u00ab\u00a0formation de gouvernement, qui acc\u00e8de au pouvoir, qui gouverne, qui conduit les affaires publiques de fa\u00e7on raisonnable, qui peut mener des r\u00e9formes\u00a0\u00bb.<\/p><\/blockquote>\n<p>\u00ab\u00a0Le Parti socialiste d\u00e9sormais se retrouve dans le sillage lointain d&rsquo;une force qui est une force protestataire, La France insoumise\u00a0\u00bb, a-t-il estim\u00e9 sur BFMTV, rappelant les diff\u00e9rences au d\u00e9part \u00e9normes entre PS et LFI, notamment dans leur \u00ab\u00a0rapport \u00e0 l&rsquo;Europe, \u00e0 l&rsquo;universalisme, \u00e0 la R\u00e9publique\u00a0\u00bb.<\/p>\n<p>Plusieurs figures du PS se sont \u00e9lev\u00e9es contre ce \u00ab\u00a0grand \u00e9cart\u00a0\u00bb sur plusieurs points programmatiques-cl\u00e9, combl\u00e9 au prix de nombreuses contorsions s\u00e9mantiques. Certains ont d&rsquo;ores et d\u00e9j\u00e0 appel\u00e9 \u00e0 \u00ab\u00a0l&rsquo;insoumission aux Insoumis\u00a0\u00bb comme le s\u00e9nateur Rachid Temal.<\/p>\n<p>La puissante pr\u00e9sidente de la r\u00e9gion Occitanie Carole Delga, oppos\u00e9e \u00e0 l&rsquo;accord, s&rsquo;inqui\u00e8te, elle, du peu de circonscriptions r\u00e9serv\u00e9es au PS (70 sur 577) et a pr\u00e9venu qu&rsquo;elle soutiendrait au cas par cas des candidats dissidents.<\/p>\n<p>Or, \u00e0 ce propos, Manon Aubry a rappel\u00e9 que \u00ab\u00a0chaque formation politique exclura toute personne qui voudra se pr\u00e9senter sous les couleurs politiques alors qu&rsquo;il n&rsquo;a pas \u00e9t\u00e9 investi par notre nouvelle union populaire\u00a0\u00bb.<\/p>\n<p>L&rsquo;ex-Premier ministre Bernard Cazeneuve a d\u00e9j\u00e0 rendu sa carte du PS. D&rsquo;autres membres pourraient suivre et quitter un parti \u00ab\u00a0transform\u00e9 en paillasson\u00a0\u00bb, comme le regrettait mercredi aupr\u00e8s de l&rsquo;AFP le pr\u00e9sident du d\u00e9partement de l&rsquo;H\u00e9rault et ancien d\u00e9put\u00e9 Kl\u00e9ber Mesquidale, 76 ans, dont 47 ans au PS.<\/p>\n<p>Du c\u00f4t\u00e9 de la majorit\u00e9 d&rsquo;Emmanuel Macron, on s&#8217;empresse d\u00e9j\u00e0 \u00e0 leur tendre la main. \u00ab\u00a0Je dis : +Rejoignez-nous+ aux sociaux-d\u00e9mocrates. Nos portes sont grandes ouvertes\u00a0\u00bb, a insist\u00e9 vendredi le patron de LREM Stanislas Guerini. (AFP &amp; Lepoint)<\/p>\n","protected":false},"excerpt":{"rendered":"<p>Malgr\u00e9 de profondes divergences, Jean-Luc M\u00e9lenchon (Extr\u00eame-Gauche) a accompli le tour de force de r\u00e9unir les principaux partis de gauche sous la banni\u00e8re de la Nouvelle Union populaire \u00e9cologique et sociale pour une aventure commune qui pose la question de la survie du PS. Longtemps fantasm\u00e9e et souvent qualifi\u00e9e d&rsquo;impossible, l&rsquo;union des gauches est devenue [&hellip;]<\/p>\n","protected":false},"author":1,"featured_media":9253,"comment_status":"open","ping_status":"closed","sticky":false,"template":"","format":"standard","meta":{"footnotes":""},"categories":[30],"tags":[949,2327,953,1759],"class_list":["post-10989","post","type-post","status-publish","format-standard","has-post-thumbnail","hentry","category-actualite","tag-extreme-gauche","tag-gauche","tag-melenchon","tag-ps"],"aioseo_notices":[],"_links":{"self":[{"href":"https:\/\/www.culturalusa.com\/news\/wp-json\/wp\/v2\/posts\/10989","targetHints":{"allow":["GET"]}}],"collection":[{"href":"https:\/\/www.culturalusa.com\/news\/wp-json\/wp\/v2\/posts"}],"about":[{"href":"https:\/\/www.culturalusa.com\/news\/wp-json\/wp\/v2\/types\/post"}],"author":[{"embeddable":true,"href":"https:\/\/www.culturalusa.com\/news\/wp-json\/wp\/v2\/users\/1"}],"replies":[{"embeddable":true,"href":"https:\/\/www.culturalusa.com\/news\/wp-json\/wp\/v2\/comments?post=10989"}],"version-history":[{"count":1,"href":"https:\/\/www.culturalusa.com\/news\/wp-json\/wp\/v2\/posts\/10989\/revisions"}],"predecessor-version":[{"id":10990,"href":"https:\/\/www.culturalusa.com\/news\/wp-json\/wp\/v2\/posts\/10989\/revisions\/10990"}],"wp:featuredmedia":[{"embeddable":true,"href":"https:\/\/www.culturalusa.com\/news\/wp-json\/wp\/v2\/media\/9253"}],"wp:attachment":[{"href":"https:\/\/www.culturalusa.com\/news\/wp-json\/wp\/v2\/media?parent=10989"}],"wp:term":[{"taxonomy":"category","embeddable":true,"href":"https:\/\/www.culturalusa.com\/news\/wp-json\/wp\/v2\/categories?post=10989"},{"taxonomy":"post_tag","embeddable":true,"href":"https:\/\/www.culturalusa.com\/news\/wp-json\/wp\/v2\/tags?post=10989"}],"curies":[{"name":"wp","href":"https:\/\/api.w.org\/{rel}","templated":true}]}}