{"id":10992,"date":"2022-05-09T15:32:52","date_gmt":"2022-05-09T13:32:52","guid":{"rendered":"https:\/\/www.culturalusa.com\/news\/?p=10992"},"modified":"2022-05-09T15:32:52","modified_gmt":"2022-05-09T13:32:52","slug":"les-europeens-vantent-lunion-et-la-paix-face-a-poutine","status":"publish","type":"post","link":"https:\/\/www.culturalusa.com\/news\/politique\/les-europeens-vantent-lunion-et-la-paix-face-a-poutine\/","title":{"rendered":"Les Europ\u00e9ens, vantent l&rsquo;union et la paix face \u00e0 Poutine"},"content":{"rendered":"<p>L&rsquo;<strong>Union europ\u00e9enne<\/strong> affiche ses valeurs de paix et d&rsquo;unit\u00e9 en opposition au discours guerrier de Vladimir Poutine, en c\u00e9l\u00e9brant \u00e0 Strasbourg la Journ\u00e9e de l&rsquo;Europe autour du pr\u00e9sident fran\u00e7ais Emmanuel Macron, fra\u00eechement r\u00e9\u00e9lu.<\/p>\n<p>En fin d&rsquo;apr\u00e8s-midi, le chef d&rsquo;Etat se rendra ensuite \u00e0 Berlin, r\u00e9servant, comme de coutume, la premi\u00e8re visite officielle depuis sa r\u00e9\u00e9lection au chancelier allemand Olaf Scholz.<\/p>\n<p>Un appui \u00e0 l&rsquo;amiti\u00e9 franco-allemande, \u00ab\u00a0avec une symbolique encore plus forte du jour de la f\u00eate de l&rsquo;Europe\u00a0\u00bb, souligne-t-on \u00e0 l&rsquo;Elys\u00e9e.<\/p>\n<p>En ce 9 mai, jour \u00e9galement de c\u00e9l\u00e9bration par la Russie de la victoire sur l&rsquo;Allemagne nazie en 1945, \u00e0 l&rsquo;occasion duquel le pr\u00e9sident russe Vladimir Poutine a assur\u00e9 que son arm\u00e9e d\u00e9fendait \u00ab\u00a0la patrie\u00a0\u00bb en Ukraine, \u00ab\u00a0deux mod\u00e8les s&rsquo;affirmeront face \u00e0 face\u00a0\u00bb, consid\u00e8re la pr\u00e9sidence fran\u00e7aise.<\/p>\n<blockquote><p>\u00ab\u00a0Ce 9 mai, l&rsquo;histoire retiendra qu&rsquo;\u00e0 Moscou, une arm\u00e9e d&rsquo;agression d\u00e9filait et qu&rsquo;ici \u00e0 Strasbourg, capitale de la r\u00e9conciliation de l&rsquo;Europe, des centaines de citoyens se r\u00e9unissaient pour refonder notre union\u00a0\u00bb, a pr\u00e9dit le secr\u00e9taire d&rsquo;Etat aux Affaires europ\u00e9ennes, lors de la c\u00e9r\u00e9monie de cl\u00f4ture de la Conf\u00e9rence sur l&rsquo;avenir de l&rsquo;Europe au Parlement europ\u00e9en \u00e0 Strasbourg.<\/p><\/blockquote>\n<p>Dans l&rsquo;h\u00e9micycle du Parlement europ\u00e9en, le discours d&rsquo;Emmanuel Macron, attendu en fin de c\u00e9r\u00e9monie, \u00ab\u00a0vise(ra) \u00e0 recevoir les propositions des citoyens et \u00e0 poser un certain nombre d&rsquo;enjeux dans le contexte de la guerre en Ukraine\u00a0\u00bb, avance l&rsquo;Elys\u00e9e.<\/p>\n<h3>Respiration d\u00e9mocratique<\/h3>\n<p>N\u00e9e d&rsquo;une id\u00e9e du pr\u00e9sident fran\u00e7ais, la Conf\u00e9rence sur l&rsquo;avenir de l&rsquo;Europe avait d\u00e9but\u00e9 tr\u00e8s laborieusement il y a un an, entre un enthousiasme tr\u00e8s limit\u00e9 de la part de certains et la crise sanitaire compliquant d\u00e9bats et rencontres.<\/p>\n<p>Au final, \u00e0 travers un vaste processus de panels et de groupes de travail th\u00e9matiques, associant 800 citoyens, des \u00e9lus, des repr\u00e9sentants divers de la soci\u00e9t\u00e9 civile, quelque 325 mesures d\u00e9clinant 49 propositions ont \u00e9t\u00e9 approuv\u00e9es le 30 avril.<\/p>\n<p>L&rsquo;Elys\u00e9e consid\u00e8re que cette consultation a \u00e9t\u00e9 \u00ab\u00a0un moment de respiration d\u00e9mocratique\u00a0\u00bb. Et ce malgr\u00e9 un \u00e9cho limit\u00e9 et des critiques sur la place de citoyens, consid\u00e9r\u00e9e par certains comme superficielle, ainsi que sur ce que les partis politiques contempteurs de l&rsquo;UE ont d\u00e9nonc\u00e9 comme un entre-soi trop pro-europ\u00e9en.<\/p>\n<p>Le rapport final de cette consultation citoyenne est officiellement remis lundi aux pr\u00e9sidents des trois institutions europ\u00e9ennes: Roberta Metsola pour le Parlement, Ursula von der Leyen pour la Commission et Emmanuel Macron, la France assurant la pr\u00e9sidence tournante du Conseil de l&rsquo;UE jusqu&rsquo;\u00e0 fin juin.<\/p>\n<p>A charge d\u00e9sormais aux dirigeants de l&rsquo;UE de d\u00e9cider de donner vie ou pas \u00e0 ces demandes citoyennes pour une Europe aux comp\u00e9tences plus larges, plus participative et plus sociale.<\/p>\n<p>\u00ab\u00a0Ces propositions montrent la voie \u00e0 suivre pour notre union pour les d\u00e9cennies \u00e0 venir: une union plus int\u00e9gr\u00e9e, plus d\u00e9mocratique, capable d&rsquo;agir plus rapidement et de mani\u00e8re plus d\u00e9cisive face aux d\u00e9fis auxquels nous serons confront\u00e9s\u00a0\u00bb, a estim\u00e9 l&rsquo;eurod\u00e9put\u00e9 lib\u00e9ral belge Guy Verhofstadt, co-pr\u00e9sident de cette conf\u00e9rence.<\/p>\n<h3>Trait\u00e9s europ\u00e9ens<\/h3>\n<p>Esp\u00e9rant voir son poids politique renforc\u00e9, le Parlement europ\u00e9en a lanc\u00e9 le mouvement d\u00e8s la semaine derni\u00e8re, en appelant au d\u00e9marrage d&rsquo;une proc\u00e9dure de changement des trait\u00e9s europ\u00e9ens.<\/p>\n<p>Une \u00e9tape risqu\u00e9e mais n\u00e9cessaire pour certaines des propositions, comme, par exemple, donner un droit d&rsquo;initiative au Parlement ou \u00e9largir les comp\u00e9tences de Bruxelles en mati\u00e8re de d\u00e9fense ou de sant\u00e9.<\/p>\n<p>L&rsquo;unanimit\u00e9 des Etats membres, n\u00e9cessaire sur un certain nombre de sujets, la fiscalit\u00e9 notamment, et source fr\u00e9quente de blocages, comme le montre actuellement les discussions difficiles sur un embargo du p\u00e9trole russe, est \u00e9galement remise en cause.<\/p>\n<p>Si la mise en place d&rsquo;un \u00ab\u00a0f\u00e9d\u00e9ralisme pragmatique et d&rsquo;id\u00e9aux\u00a0\u00bb dans une UE destin\u00e9e \u00e0 s&rsquo;\u00e9largir \u00ab\u00a0n\u00e9cessite une proc\u00e9dure de changement de trait\u00e9s, alors allons-y, avec courage et assurance\u00a0\u00bb, avait lanc\u00e9 mercredi, devant les eurod\u00e9put\u00e9s, le Premier ministre italien Mario Draghi.<\/p>\n<p>Une r\u00e9vision des trait\u00e9s, \u00ab\u00a0n&rsquo;est ni un totem, ni un tabou\u00a0\u00bb, affirme de son c\u00f4t\u00e9 l&rsquo;Elys\u00e9e.<\/p>\n<p>En revanche, une dizaine de pays de l&rsquo;UE, dont le Danemark, la Su\u00e8de, la Finlande et la Bulgarie, ont fustig\u00e9 lundi les \u00ab\u00a0tentatives inconsid\u00e9r\u00e9es et pr\u00e9matur\u00e9es\u00a0\u00bb de lancer une proc\u00e9dure de changement des trait\u00e9s.<\/p>\n","protected":false},"excerpt":{"rendered":"<p>L&rsquo;Union europ\u00e9enne affiche ses valeurs de paix et d&rsquo;unit\u00e9 en opposition au discours guerrier de Vladimir Poutine, en c\u00e9l\u00e9brant \u00e0 Strasbourg la Journ\u00e9e de l&rsquo;Europe autour du pr\u00e9sident fran\u00e7ais Emmanuel Macron, fra\u00eechement r\u00e9\u00e9lu. En fin d&rsquo;apr\u00e8s-midi, le chef d&rsquo;Etat se rendra ensuite \u00e0 Berlin, r\u00e9servant, comme de coutume, la premi\u00e8re visite officielle depuis sa r\u00e9\u00e9lection [&hellip;]<\/p>\n","protected":false},"author":1,"featured_media":8443,"comment_status":"open","ping_status":"closed","sticky":false,"template":"","format":"standard","meta":{"footnotes":""},"categories":[1494],"tags":[1531,690,173],"class_list":["post-10992","post","type-post","status-publish","format-standard","has-post-thumbnail","hentry","category-politique","tag-europeens","tag-poutine","tag-union-europeenne"],"aioseo_notices":[],"_links":{"self":[{"href":"https:\/\/www.culturalusa.com\/news\/wp-json\/wp\/v2\/posts\/10992","targetHints":{"allow":["GET"]}}],"collection":[{"href":"https:\/\/www.culturalusa.com\/news\/wp-json\/wp\/v2\/posts"}],"about":[{"href":"https:\/\/www.culturalusa.com\/news\/wp-json\/wp\/v2\/types\/post"}],"author":[{"embeddable":true,"href":"https:\/\/www.culturalusa.com\/news\/wp-json\/wp\/v2\/users\/1"}],"replies":[{"embeddable":true,"href":"https:\/\/www.culturalusa.com\/news\/wp-json\/wp\/v2\/comments?post=10992"}],"version-history":[{"count":1,"href":"https:\/\/www.culturalusa.com\/news\/wp-json\/wp\/v2\/posts\/10992\/revisions"}],"predecessor-version":[{"id":10993,"href":"https:\/\/www.culturalusa.com\/news\/wp-json\/wp\/v2\/posts\/10992\/revisions\/10993"}],"wp:featuredmedia":[{"embeddable":true,"href":"https:\/\/www.culturalusa.com\/news\/wp-json\/wp\/v2\/media\/8443"}],"wp:attachment":[{"href":"https:\/\/www.culturalusa.com\/news\/wp-json\/wp\/v2\/media?parent=10992"}],"wp:term":[{"taxonomy":"category","embeddable":true,"href":"https:\/\/www.culturalusa.com\/news\/wp-json\/wp\/v2\/categories?post=10992"},{"taxonomy":"post_tag","embeddable":true,"href":"https:\/\/www.culturalusa.com\/news\/wp-json\/wp\/v2\/tags?post=10992"}],"curies":[{"name":"wp","href":"https:\/\/api.w.org\/{rel}","templated":true}]}}