{"id":10994,"date":"2022-05-10T16:47:09","date_gmt":"2022-05-10T14:47:09","guid":{"rendered":"https:\/\/www.culturalusa.com\/news\/?p=10994"},"modified":"2022-05-10T16:47:09","modified_gmt":"2022-05-10T14:47:09","slug":"lue-accuse-la-russie-davoir-paralyse-des-satellites-pour-preparer-linvasion","status":"publish","type":"post","link":"https:\/\/www.culturalusa.com\/news\/monde\/lue-accuse-la-russie-davoir-paralyse-des-satellites-pour-preparer-linvasion\/","title":{"rendered":"L&rsquo;UE accuse la Russie d&rsquo;avoir paralys\u00e9 des satellites pour pr\u00e9parer l&rsquo;invasion"},"content":{"rendered":"<p>L&rsquo;Union europ\u00e9enne a accus\u00e9 mardi les autorit\u00e9s russes d&rsquo;avoir men\u00e9 une <strong>cyberattaque contre un r\u00e9seau de satellites<\/strong> une heure avant l&rsquo;invasion de l&rsquo;Ukraine pour pr\u00e9parer le terrain \u00e0 son assaut.<\/p>\n<h3>C&rsquo;est la premi\u00e8re fois que l&rsquo;UE accuse ouvertement le pouvoir russe d&rsquo;avoir men\u00e9 une cyberattaque, a pr\u00e9cis\u00e9 le chef de la diplomatie europ\u00e9enne Josep Borrell au cours d&rsquo;une conf\u00e9rence de presse \u00e0 Bruxelles.<\/h3>\n<blockquote><p>\u00ab\u00a0La cyberattaque a eu lieu une heure avant l&rsquo;invasion non provoqu\u00e9e et injustifi\u00e9e de l&rsquo;Ukraine par la Russie le 24 f\u00e9vrier 2022, facilitant ainsi l&rsquo;agression militaire\u00a0\u00bb, souligne l&rsquo;UE dans une d\u00e9claration au nom des 27 Etats membres.<\/p><\/blockquote>\n<p>\u00ab\u00a0L&rsquo;attaque a caus\u00e9 des perturbations importantes dans les communications qui ont affect\u00e9 les services publics, les entreprises et les citoyens utilisateurs en Ukraine, et elle a \u00e9galement touch\u00e9 plusieurs \u00c9tats membres de l&rsquo;UE\u00a0\u00bb, rappelle-t-elle.<\/p>\n<p>\u00ab\u00a0L&rsquo;Union europ\u00e9enne et ses \u00c9tats membres, ainsi que ses partenaires internationaux, condamnent fermement la cyberactivit\u00e9 malveillante men\u00e9e par la F\u00e9d\u00e9ration de Russie contre l&rsquo;Ukraine, qui a vis\u00e9 le r\u00e9seau de satellites KA-SAT, exploit\u00e9 par Viasat\u00a0\u00bb, ajoute le texte.<\/p>\n<p>\u00ab\u00a0Nous pouvons l&rsquo;attribuer au gouvernement russe\u00a0\u00bb, a d\u00e9clar\u00e9 Josep Borrell.<\/p>\n<p>L&rsquo;UE affirmait jusqu&rsquo;\u00e0 ce jour que les cyberattaques provenaient \u00ab\u00a0de l&rsquo;int\u00e9rieur de la Russie\u00a0\u00bb, mais sans incriminer les autorit\u00e9s russes.<\/p>\n<p>\u00ab\u00a0L&rsquo;Union europ\u00e9enne, en \u00e9troite collaboration avec ses partenaires, envisage de prendre de nouvelles mesures pour pr\u00e9venir, d\u00e9courager, dissuader et r\u00e9agir \u00e0 de tels comportements malveillants dans le cyberespace\u00a0\u00bb, affirme la d\u00e9claration.<\/p>\n<h3>\u00ab\u00a0L&rsquo;Union europ\u00e9enne continuera de fournir un soutien politique, financier et mat\u00e9riel coordonn\u00e9 \u00e0 l&rsquo;Ukraine pour renforcer sa cyber-r\u00e9silience\u00a0\u00bb, ajoute-t-elle.<\/h3>\n<p>L&rsquo;attaque contre l&rsquo;op\u00e9rateur de satellites am\u00e9ricain Viasat avait mis hors ligne des milliers d&rsquo;utilisateurs d&rsquo;Internet en Allemagne, en France, en Hongrie, en Gr\u00e8ce, en Italie et en Pologne.<\/p>\n<p>La Russie a envahi son voisin pro-occidental aux premi\u00e8res heures du 24 f\u00e9vrier et a cherch\u00e9 \u00e0 chasser les dirigeants du pays. L&rsquo;assaut dure maintenant depuis plus de deux mois et la r\u00e9sistance des Ukrainiens a inflig\u00e9 de lourdes pertes \u00e0 l&rsquo;arm\u00e9e russe, oblig\u00e9e de recentrer son attaque sur l&rsquo;est du pays.<\/p>\n<p>Les militaires et les experts ont craint que la guerre men\u00e9e par la Russie en Ukraine ne d\u00e9bouche sur une vague de cyberattaques d\u00e9vastatrices susceptibles d&rsquo;avoir un effet mondial. Mais le sc\u00e9nario du pire a \u00e9t\u00e9 \u00e9vit\u00e9 jusqu&rsquo;\u00e0 pr\u00e9sent, car les attaques observ\u00e9es semblent \u00eatre contenues dans leur impact et leur port\u00e9e g\u00e9ographique. (AFP)<\/p>\n","protected":false},"excerpt":{"rendered":"<p>L&rsquo;Union europ\u00e9enne a accus\u00e9 mardi les autorit\u00e9s russes d&rsquo;avoir men\u00e9 une cyberattaque contre un r\u00e9seau de satellites une heure avant l&rsquo;invasion de l&rsquo;Ukraine pour pr\u00e9parer le terrain \u00e0 son assaut. C&rsquo;est la premi\u00e8re fois que l&rsquo;UE accuse ouvertement le pouvoir russe d&rsquo;avoir men\u00e9 une cyberattaque, a pr\u00e9cis\u00e9 le chef de la diplomatie europ\u00e9enne Josep Borrell [&hellip;]<\/p>\n","protected":false},"author":1,"featured_media":10995,"comment_status":"open","ping_status":"closed","sticky":false,"template":"","format":"standard","meta":{"footnotes":""},"categories":[1372],"tags":[2270,2328,388,333],"class_list":["post-10994","post","type-post","status-publish","format-standard","has-post-thumbnail","hentry","category-monde","tag-invasion-de-lukraine","tag-reseau-de-satellites","tag-russie","tag-ukraine"],"aioseo_notices":[],"_links":{"self":[{"href":"https:\/\/www.culturalusa.com\/news\/wp-json\/wp\/v2\/posts\/10994","targetHints":{"allow":["GET"]}}],"collection":[{"href":"https:\/\/www.culturalusa.com\/news\/wp-json\/wp\/v2\/posts"}],"about":[{"href":"https:\/\/www.culturalusa.com\/news\/wp-json\/wp\/v2\/types\/post"}],"author":[{"embeddable":true,"href":"https:\/\/www.culturalusa.com\/news\/wp-json\/wp\/v2\/users\/1"}],"replies":[{"embeddable":true,"href":"https:\/\/www.culturalusa.com\/news\/wp-json\/wp\/v2\/comments?post=10994"}],"version-history":[{"count":1,"href":"https:\/\/www.culturalusa.com\/news\/wp-json\/wp\/v2\/posts\/10994\/revisions"}],"predecessor-version":[{"id":10996,"href":"https:\/\/www.culturalusa.com\/news\/wp-json\/wp\/v2\/posts\/10994\/revisions\/10996"}],"wp:featuredmedia":[{"embeddable":true,"href":"https:\/\/www.culturalusa.com\/news\/wp-json\/wp\/v2\/media\/10995"}],"wp:attachment":[{"href":"https:\/\/www.culturalusa.com\/news\/wp-json\/wp\/v2\/media?parent=10994"}],"wp:term":[{"taxonomy":"category","embeddable":true,"href":"https:\/\/www.culturalusa.com\/news\/wp-json\/wp\/v2\/categories?post=10994"},{"taxonomy":"post_tag","embeddable":true,"href":"https:\/\/www.culturalusa.com\/news\/wp-json\/wp\/v2\/tags?post=10994"}],"curies":[{"name":"wp","href":"https:\/\/api.w.org\/{rel}","templated":true}]}}