{"id":10997,"date":"2022-05-11T17:24:02","date_gmt":"2022-05-11T15:24:02","guid":{"rendered":"https:\/\/www.culturalusa.com\/news\/?p=10997"},"modified":"2022-05-11T17:24:02","modified_gmt":"2022-05-11T15:24:02","slug":"en-2021-la-cyber-criminalite-a-coute-plus-de-6-000-milliards-de-dollars","status":"publish","type":"post","link":"https:\/\/www.culturalusa.com\/news\/economie\/en-2021-la-cyber-criminalite-a-coute-plus-de-6-000-milliards-de-dollars\/","title":{"rendered":"En 2021 la Cyber-Criminalit\u00e9 a co\u00fbt\u00e9 plus de 6.000 milliards de dollars"},"content":{"rendered":"<p>La <strong>cyber-criminalit\u00e9<\/strong> se fait plus mena\u00e7ante et a co\u00fbt\u00e9 plus de 6.000 milliards de dollars (5.700 milliards d&rsquo;euros) au monde l&rsquo;an dernier, selon un rapport d&rsquo;experts cit\u00e9 par Alessandro Profumo, patron du g\u00e9ant italien de l&rsquo;a\u00e9ronautique et de la d\u00e9fense Leonardo.<\/p>\n<blockquote><p>\u00ab\u00a0Les nouvelles menaces dans le domaine de la <strong>cyber-s\u00e9curit\u00e9<\/strong> au cours des deux derni\u00e8res ann\u00e9es ont \u00e9t\u00e9 des +dommages collat\u00e9raux+ de l&rsquo;\u00e9pid\u00e9mie de Covid-19 et de l&rsquo;acc\u00e9l\u00e9ration de la num\u00e9risation que celle-ci a entra\u00een\u00e9e\u00a0\u00bb, a d\u00e9clar\u00e9 M. Profumo en ouvrant \u00e0 Rome Cybertech Europe 2022, un congr\u00e8s d&rsquo;experts se d\u00e9roulant sur fond de guerre en Ukraine.<\/p><\/blockquote>\n<p>\u00ab\u00a0Les cyber-attaques ont \u00e9t\u00e9 de plus en plus nombreuses, sophistiqu\u00e9es et avec un impact croissant. En 2021 le co\u00fbt total de la cyber-criminalit\u00e9 a d\u00e9pass\u00e9 les 6.000 milliards de dollars. Un cinqui\u00e8me de ces attaques a vis\u00e9 l&rsquo;Europe\u00a0\u00bb, a soulign\u00e9 M. Profumo, citant des chiffres de l&rsquo;Association italienne pour la s\u00e9curit\u00e9 informatique (Clusit) qui a elle-m\u00eame utilis\u00e9 un rapport du groupe d&rsquo;experts am\u00e9ricains Cybersecurity Ventures.<\/p>\n<p>La cyber-s\u00e9curit\u00e9 est devenue un enjeu essentiel pour la <strong>Commission europ\u00e9enne<\/strong> et pour les Etats-membres de l&rsquo;UE en vue de garantir leurs \u00ab\u00a0souverainet\u00e9 num\u00e9rique et autonomie strat\u00e9gique\u00a0\u00bb, a-t-il ajout\u00e9.<\/p>\n<p>Mais les besoins de sp\u00e9cialistes dans ce domaine sont tr\u00e8s importants et \u00ab\u00a055% des entreprises europ\u00e9ennes peinent \u00e0 embaucher alors qu&rsquo;il manque au moins 200.000 experts\u00a0\u00bb, a-t-il assur\u00e9.<\/p>\n<p>Le secteur manque d&rsquo;experts, mais aussi de coordination, selon des responsables.<\/p>\n<p>\u00ab\u00a0Notre syst\u00e8me de notifications des incidents (informatiques, ndlr) ne fonctionne pas\u00a0\u00bb car il est \u00ab\u00a0trop lourd, trop bureaucratique\u00a0\u00bb, avait d\u00e9clar\u00e9 il y a deux semaines Juhan Lepassaar, directeur ex\u00e9cutif de l&rsquo;Agence de l&rsquo;UE pour la cybers\u00e9curit\u00e9 (Enisa), cit\u00e9 par Euractiv, un site d&rsquo;informations consacr\u00e9 aux affaires europ\u00e9ennes.<\/p>\n<p>Les probl\u00e8mes de cyber-s\u00e9curit\u00e9 ont par ailleurs \u00e9t\u00e9 exacerb\u00e9s par la guerre en Ukraine.<\/p>\n<p>\u00ab\u00a0Nous avons not\u00e9 une pression accrue\u00a0\u00bb depuis le d\u00e9but de la guerre, a d\u00e9clar\u00e9 en avril M. Profumo, dont le groupe poss\u00e8de une branche sp\u00e9cialis\u00e9e consacr\u00e9e \u00e0 la cyber-s\u00e9curit\u00e9.<\/p>\n<h3>Le Fonds mon\u00e9taire internationale (FMI) a affirm\u00e9 le mois dernier que la guerre en Ukraine avait \u00ab\u00a0soulev\u00e9 de graves pr\u00e9occupations pour les op\u00e9rations informatiques\u00a0\u00bb.<\/h3>\n<p>\u00ab\u00a0Les attaques (informatiques, ndlr) pourraient cibler des institutions financi\u00e8res d&rsquo;importance syst\u00e9mique. En cas de succ\u00e8s, ces attaques pourraient entra\u00eener une perte de confiance dans le syst\u00e8me financier plus large, avec un impact potentiellement n\u00e9gatif sur la stabilit\u00e9 financi\u00e8re mondiale\u00a0\u00bb, avait conclu le FMI. (AFP)<\/p>\n","protected":false},"excerpt":{"rendered":"<p>La cyber-criminalit\u00e9 se fait plus mena\u00e7ante et a co\u00fbt\u00e9 plus de 6.000 milliards de dollars (5.700 milliards d&rsquo;euros) au monde l&rsquo;an dernier, selon un rapport d&rsquo;experts cit\u00e9 par Alessandro Profumo, patron du g\u00e9ant italien de l&rsquo;a\u00e9ronautique et de la d\u00e9fense Leonardo. \u00ab\u00a0Les nouvelles menaces dans le domaine de la cyber-s\u00e9curit\u00e9 au cours des deux derni\u00e8res [&hellip;]<\/p>\n","protected":false},"author":1,"featured_media":10515,"comment_status":"open","ping_status":"closed","sticky":false,"template":"","format":"standard","meta":{"footnotes":""},"categories":[1],"tags":[180,2329,2146],"class_list":["post-10997","post","type-post","status-publish","format-standard","has-post-thumbnail","hentry","category-economie","tag-commission-europeenne","tag-cyber-criminalite","tag-cyber-securite"],"aioseo_notices":[],"_links":{"self":[{"href":"https:\/\/www.culturalusa.com\/news\/wp-json\/wp\/v2\/posts\/10997","targetHints":{"allow":["GET"]}}],"collection":[{"href":"https:\/\/www.culturalusa.com\/news\/wp-json\/wp\/v2\/posts"}],"about":[{"href":"https:\/\/www.culturalusa.com\/news\/wp-json\/wp\/v2\/types\/post"}],"author":[{"embeddable":true,"href":"https:\/\/www.culturalusa.com\/news\/wp-json\/wp\/v2\/users\/1"}],"replies":[{"embeddable":true,"href":"https:\/\/www.culturalusa.com\/news\/wp-json\/wp\/v2\/comments?post=10997"}],"version-history":[{"count":1,"href":"https:\/\/www.culturalusa.com\/news\/wp-json\/wp\/v2\/posts\/10997\/revisions"}],"predecessor-version":[{"id":10998,"href":"https:\/\/www.culturalusa.com\/news\/wp-json\/wp\/v2\/posts\/10997\/revisions\/10998"}],"wp:featuredmedia":[{"embeddable":true,"href":"https:\/\/www.culturalusa.com\/news\/wp-json\/wp\/v2\/media\/10515"}],"wp:attachment":[{"href":"https:\/\/www.culturalusa.com\/news\/wp-json\/wp\/v2\/media?parent=10997"}],"wp:term":[{"taxonomy":"category","embeddable":true,"href":"https:\/\/www.culturalusa.com\/news\/wp-json\/wp\/v2\/categories?post=10997"},{"taxonomy":"post_tag","embeddable":true,"href":"https:\/\/www.culturalusa.com\/news\/wp-json\/wp\/v2\/tags?post=10997"}],"curies":[{"name":"wp","href":"https:\/\/api.w.org\/{rel}","templated":true}]}}