{"id":1100,"date":"2013-06-12T20:55:29","date_gmt":"2013-06-12T18:55:29","guid":{"rendered":"http:\/\/www.culturalusa.com\/news\/?p=1100"},"modified":"2013-06-12T20:55:29","modified_gmt":"2013-06-12T18:55:29","slug":"le-fmi-approuve-le-versement-dune-nouvelle-tranche-daide-au-portugal","status":"publish","type":"post","link":"https:\/\/www.culturalusa.com\/news\/portugal\/le-fmi-approuve-le-versement-dune-nouvelle-tranche-daide-au-portugal\/","title":{"rendered":"Le FMI approuve le versement d&rsquo;une nouvelle tranche d&rsquo;aide au Portugal"},"content":{"rendered":"<p><img loading=\"lazy\" decoding=\"async\" src=\"http:\/\/www.culturalusa.com\/news\/wp-content\/uploads\/2012\/07\/ue-fmi.jpg\" alt=\"FMI\" width=\"467\" height=\"280\" class=\"aligncenter size-full wp-image-694\" srcset=\"https:\/\/www.culturalusa.com\/news\/wp-content\/uploads\/2012\/07\/ue-fmi.jpg 467w, https:\/\/www.culturalusa.com\/news\/wp-content\/uploads\/2012\/07\/ue-fmi-275x165.jpg 275w\" sizes=\"auto, (max-width: 467px) 100vw, 467px\" \/>Le Fonds mon\u00e9taire international (FMI) a annonc\u00e9 avoir conclu la septi\u00e8me \u00e9valuation du plan d&rsquo;aide du Portugal et approuv\u00e9 le versement d&rsquo;une nouvelle tranche de 657,47 millions d&rsquo;euros dans le cadre du plan de sauvetage international accord\u00e9 au pays en mai 2011.<\/p>\n<p>La contribution du FMI dans le cadre du plan d&rsquo;assistance financi\u00e8re international de 78 milliards d&rsquo;euros accord\u00e9 au Portugal il y a deux ans s&rsquo;\u00e9l\u00e8ve \u00e0 22,56 milliards au total, pr\u00e9cise l&rsquo;institution dans un communiqu\u00e9.<\/p>\n<p>Commenc\u00e9 le 25 f\u00e9vrier, le dernier examen, qui a dur\u00e9 pr\u00e8s de trois semaines, a \u00e9t\u00e9 le plus long et \u00e0 l&rsquo;\u00e9vidence le plus difficile depuis que la \u00ab\u00a0tro\u00efka\u00a0\u00bb (UE-FMI-BCE) des cr\u00e9anciers passe \u00e0 la loupe les comptes du pays.<\/p>\n<p>La tro\u00efka avait d\u00e9j\u00e0 pr\u00e9sent\u00e9 les conclusions de cet examen le 15 mars, estimant que le plan d&rsquo;aide restait \u00ab\u00a0globalement sur les rails\u00a0\u00bb.<\/p>\n<p>Les cr\u00e9anciers du pays avaient \u00e9galement accept\u00e9 de revoir l&rsquo;objectif de d\u00e9ficit de 4,5 \u00e0 5,5% du PIB en 2013, de 2,5 \u00e0 4% du PIB en 2014 et de 2,5% du PIB en 2015.<\/p>\n<p>En \u00e9change, le Portugal s&rsquo;est engag\u00e9 \u00e0 mettre en oeuvre de nouvelles mesures d&rsquo;aust\u00e9rit\u00e9 pour compenser celles rejet\u00e9es en avril par la Cour constitutionnelle, caract\u00e9ris\u00e9e par une hausse g\u00e9n\u00e9ralis\u00e9e des imp\u00f4ts, et permettre ainsi de respecter les objectifs budg\u00e9taires fix\u00e9s par les cr\u00e9anciers.<\/p>\n<p>Ces mesures ont \u00e9t\u00e9 valid\u00e9es par le Parlement vendredi dans le cadre d&rsquo;un budget rectificatif, approuv\u00e9 sans probl\u00e8me gr\u00e2ce \u00e0 la confortable majorit\u00e9 dont la coalition centre-droit au pouvoir dispose, malgr\u00e9 le vote contre du Parti socialiste, principale force de l&rsquo;opposition, et de l&rsquo;extr\u00eame-gauche.<\/p>\n<p style=\"text-align:center;\"><script type=\"text\/javascript\"><!--\ngoogle_ad_client = \"ca-pub-2727717456356200\";\n\/* CulturaLusa 468x60 *\/\ngoogle_ad_slot = \"2785499263\";\ngoogle_ad_width = 468;\ngoogle_ad_height = 60;\n\/\/-->\n<\/script><br \/>\n<script type=\"text\/javascript\"\nsrc=\"http:\/\/pagead2.googlesyndication.com\/pagead\/show_ads.js\">\n<\/script><\/p>\n","protected":false},"excerpt":{"rendered":"<p>Le Fonds mon\u00e9taire international (FMI) a annonc\u00e9 avoir conclu la septi\u00e8me \u00e9valuation du plan d&rsquo;aide du Portugal et approuv\u00e9 le versement d&rsquo;une nouvelle tranche de 657,47 millions d&rsquo;euros dans le cadre du plan de sauvetage international accord\u00e9 au pays en mai 2011. La contribution du FMI dans le cadre du plan d&rsquo;assistance financi\u00e8re international de [&hellip;]<\/p>\n","protected":false},"author":1,"featured_media":0,"comment_status":"open","ping_status":"closed","sticky":false,"template":"","format":"standard","meta":{"footnotes":""},"categories":[3],"tags":[],"class_list":["post-1100","post","type-post","status-publish","format-standard","hentry","category-portugal"],"aioseo_notices":[],"_links":{"self":[{"href":"https:\/\/www.culturalusa.com\/news\/wp-json\/wp\/v2\/posts\/1100","targetHints":{"allow":["GET"]}}],"collection":[{"href":"https:\/\/www.culturalusa.com\/news\/wp-json\/wp\/v2\/posts"}],"about":[{"href":"https:\/\/www.culturalusa.com\/news\/wp-json\/wp\/v2\/types\/post"}],"author":[{"embeddable":true,"href":"https:\/\/www.culturalusa.com\/news\/wp-json\/wp\/v2\/users\/1"}],"replies":[{"embeddable":true,"href":"https:\/\/www.culturalusa.com\/news\/wp-json\/wp\/v2\/comments?post=1100"}],"version-history":[{"count":0,"href":"https:\/\/www.culturalusa.com\/news\/wp-json\/wp\/v2\/posts\/1100\/revisions"}],"wp:attachment":[{"href":"https:\/\/www.culturalusa.com\/news\/wp-json\/wp\/v2\/media?parent=1100"}],"wp:term":[{"taxonomy":"category","embeddable":true,"href":"https:\/\/www.culturalusa.com\/news\/wp-json\/wp\/v2\/categories?post=1100"},{"taxonomy":"post_tag","embeddable":true,"href":"https:\/\/www.culturalusa.com\/news\/wp-json\/wp\/v2\/tags?post=1100"}],"curies":[{"name":"wp","href":"https:\/\/api.w.org\/{rel}","templated":true}]}}