{"id":11002,"date":"2022-05-13T18:31:41","date_gmt":"2022-05-13T16:31:41","guid":{"rendered":"https:\/\/www.culturalusa.com\/news\/?p=11002"},"modified":"2022-05-13T18:31:41","modified_gmt":"2022-05-13T16:31:41","slug":"covid-19-il-y-a-pres-dun-million-de-possibles-reinfections-en-france","status":"publish","type":"post","link":"https:\/\/www.culturalusa.com\/news\/actualite\/covid-19-il-y-a-pres-dun-million-de-possibles-reinfections-en-france\/","title":{"rendered":"Covid-19 : il y a pr\u00e8s d&rsquo;un million de possibles r\u00e9infections en France"},"content":{"rendered":"<p>La France approche du million de cas possibles de r\u00e9infections par le Covid-19, avec la flamb\u00e9e de contaminations li\u00e9es au variant Omicron, a indiqu\u00e9 vendredi Sant\u00e9 publique France.<\/p>\n<blockquote><p>\u00ab\u00a0Les r\u00e9sultats obtenus sur les pr\u00e9l\u00e8vements compris entre le 2 mars 2021 et le 24 avril 2022 montrent 961.550 cas possibles de r\u00e9infection identifi\u00e9s, dont 96,7% depuis le 06 d\u00e9cembre 2021\u00a0\u00bb, selon l&rsquo;agence sanitaire.<\/p><\/blockquote>\n<p>Sant\u00e9 Publique France parle de r\u00e9infection possible lorsqu&rsquo;un premier \u00e9pisode de Covid est suivi d&rsquo;un deuxi\u00e8me, \u00e0 condition qu&rsquo;ils soient espac\u00e9s d&rsquo;au moins 60 jours.<\/p>\n<p>Deux cat\u00e9gories ont \u00e9t\u00e9 plus touch\u00e9es: les adultes \u00e2g\u00e9s de 18 \u00e0 40 ans, et les professionnels de sant\u00e9. C&rsquo;est le possible reflet d&rsquo;une plus grande exposition au risque, d&rsquo;une moindre adoption des mesures de pr\u00e9vention ou d&rsquo;une moindre couverture vaccinale.<\/p>\n<h3>Les femmes ont \u00e9t\u00e9 un peu plus r\u00e9infect\u00e9es que les hommes.<\/h3>\n<p>L&rsquo;\u00e9crasante majorit\u00e9 des deuxi\u00e8mes \u00e9pisodes est survenue lors de la cinqui\u00e8me vague de la pand\u00e9mie. Le <strong>variant Omicron<\/strong>, tr\u00e8s contagieux, est en cause dans une quasi totalit\u00e9 des r\u00e9infections possibles (pr\u00e8s de 93%), selon les r\u00e9sultats de criblage disponibles et interpr\u00e9tables.<\/p>\n<p>\u00ab\u00a0Apr\u00e8s une courte stabilisation d\u00e9but janvier 2022, la proportion des cas possibles de r\u00e9infection rapport\u00e9s \u00e0 l&rsquo;ensemble des cas de Covid-19 a r\u00e9guli\u00e8rement augment\u00e9\u00a0\u00bb et a repr\u00e9sent\u00e9 6,9% la semaine du 19 avril, a not\u00e9 Sant\u00e9 publique France.<\/p>\n<p>Le rebond de la circulation du Sars-Cov-2 au printemps et l&rsquo;\u00e9mergence du sous-lignage d&rsquo;Omicron BA.2, plus transmissible que BA.1 et devenu majoritaire, sont \u00ab\u00a0deux facteurs pouvant jouer un r\u00f4le dans la tendance actuelle \u00e0 l&rsquo;augmentation du nombre de r\u00e9infections\u00a0\u00bb.<\/p>\n<p>\u00ab\u00a0Il semble de plus vraisemblable que la diminution de la protection immunitaire post-infectieuse ou post-vaccinale au cours du temps dans la population fran\u00e7aise amplifie ce ph\u00e9nom\u00e8ne\u00a0\u00bb, \u00e9crit SPF.<\/p>\n<p>Le d\u00e9lai moyen entre les deux \u00e9pisodes d&rsquo;infection est d&rsquo;un peu plus de 7 mois.<\/p>\n<p>Sant\u00e9 publique France a rappel\u00e9 les limites sur ses \u00e9valuations de r\u00e9infections, par manque de donn\u00e9es cliniques, virologiques ou \u00e9pid\u00e9miologiques.<\/p>\n<p>Au regard de la description des cas de r\u00e9infections pr\u00e9coces dans le monde, l&rsquo;agence fran\u00e7aise s&rsquo;est aussi interrog\u00e9e sur un abaissement \u00e0 30 jours du d\u00e9lai pris en compte entre deux \u00e9pisodes de Covid.<\/p>\n<p>Mais \u00ab\u00a0l&rsquo;analyse des r\u00e9infections possibles survenues entre 30 et 59 jours montre qu&rsquo;il est d\u00e9licat de les prendre en compte\u00a0\u00bb. \u00ab\u00a0Le plus probable est que ce soit des cas d&rsquo;infection prolong\u00e9e plut\u00f4t que des cas de r\u00e9infection\u00a0\u00bb, a pr\u00e9cis\u00e9 SPF lors d&rsquo;un point presse. (AFP)<\/p>\n","protected":false},"excerpt":{"rendered":"<p>La France approche du million de cas possibles de r\u00e9infections par le Covid-19, avec la flamb\u00e9e de contaminations li\u00e9es au variant Omicron, a indiqu\u00e9 vendredi Sant\u00e9 publique France. \u00ab\u00a0Les r\u00e9sultats obtenus sur les pr\u00e9l\u00e8vements compris entre le 2 mars 2021 et le 24 avril 2022 montrent 961.550 cas possibles de r\u00e9infection identifi\u00e9s, dont 96,7% depuis [&hellip;]<\/p>\n","protected":false},"author":1,"featured_media":9162,"comment_status":"open","ping_status":"closed","sticky":false,"template":"","format":"standard","meta":{"footnotes":""},"categories":[30],"tags":[1214,2333,2136],"class_list":["post-11002","post","type-post","status-publish","format-standard","has-post-thumbnail","hentry","category-actualite","tag-covid-19","tag-reinfections-en-france","tag-variant-omicron"],"aioseo_notices":[],"_links":{"self":[{"href":"https:\/\/www.culturalusa.com\/news\/wp-json\/wp\/v2\/posts\/11002","targetHints":{"allow":["GET"]}}],"collection":[{"href":"https:\/\/www.culturalusa.com\/news\/wp-json\/wp\/v2\/posts"}],"about":[{"href":"https:\/\/www.culturalusa.com\/news\/wp-json\/wp\/v2\/types\/post"}],"author":[{"embeddable":true,"href":"https:\/\/www.culturalusa.com\/news\/wp-json\/wp\/v2\/users\/1"}],"replies":[{"embeddable":true,"href":"https:\/\/www.culturalusa.com\/news\/wp-json\/wp\/v2\/comments?post=11002"}],"version-history":[{"count":1,"href":"https:\/\/www.culturalusa.com\/news\/wp-json\/wp\/v2\/posts\/11002\/revisions"}],"predecessor-version":[{"id":11003,"href":"https:\/\/www.culturalusa.com\/news\/wp-json\/wp\/v2\/posts\/11002\/revisions\/11003"}],"wp:featuredmedia":[{"embeddable":true,"href":"https:\/\/www.culturalusa.com\/news\/wp-json\/wp\/v2\/media\/9162"}],"wp:attachment":[{"href":"https:\/\/www.culturalusa.com\/news\/wp-json\/wp\/v2\/media?parent=11002"}],"wp:term":[{"taxonomy":"category","embeddable":true,"href":"https:\/\/www.culturalusa.com\/news\/wp-json\/wp\/v2\/categories?post=11002"},{"taxonomy":"post_tag","embeddable":true,"href":"https:\/\/www.culturalusa.com\/news\/wp-json\/wp\/v2\/tags?post=11002"}],"curies":[{"name":"wp","href":"https:\/\/api.w.org\/{rel}","templated":true}]}}