{"id":11004,"date":"2022-05-15T13:22:07","date_gmt":"2022-05-15T11:22:07","guid":{"rendered":"https:\/\/www.culturalusa.com\/news\/?p=11004"},"modified":"2022-05-15T13:22:07","modified_gmt":"2022-05-15T11:22:07","slug":"la-finlande-sanna-marin-premiere-ministre-va-officialiser-sa-candidature-a-lotan","status":"publish","type":"post","link":"https:\/\/www.culturalusa.com\/news\/monde\/la-finlande-sanna-marin-premiere-ministre-va-officialiser-sa-candidature-a-lotan\/","title":{"rendered":"La Finlande, Sanna Marin premi\u00e8re ministre va officialiser sa candidature \u00e0 l&rsquo;Otan"},"content":{"rendered":"<h2>La Finlande va officialiser sa candidature \u00e0 l&rsquo;Otan, r\u00e9union d\u00e9cisive en Su\u00e8de<\/h2>\n<p>La Finlande doit officialiser sa candidature \u00e0 l&rsquo;Otan ce dimanche, avant une r\u00e9union d\u00e9cisive du parti au pouvoir en Su\u00e8de en vue d&rsquo;une probable demande d&rsquo;adh\u00e9sion commune des deux pays.<\/p>\n<p>\u00ab\u00a0Nous esp\u00e9rons pouvoir envoyer nos candidatures cette semaine, ensemble avec la Su\u00e8de. Ils ont leur propre processus mais j&rsquo;esp\u00e8re que nous prendrons les d\u00e9cisions au m\u00eame moment\u00a0\u00bb, a d\u00e9clar\u00e9 samedi la Premi\u00e8re ministre finlandaise Sanna Marin.<\/p>\n<p>Moins de trois mois apr\u00e8s le d\u00e9but de la guerre en Ukraine, les deux pays s&rsquo;appr\u00eatent \u00e0 tourner la page de non-alignements militaires vieux de plus de 75 ans en Finlande et remontant au XIXe si\u00e8cle en Su\u00e8de.<\/p>\n<p>Apr\u00e8s avoir rompu avec leur neutralit\u00e9 dans les ann\u00e9es 1990 avec la fin de la Guerre froide, en devenant partenaires de l&rsquo;Otan et membres de l&rsquo;Union europ\u00e9enne, les deux pays nordiques s&rsquo;amarreraient ainsi un peu plus aux blocs occidentaux.<\/p>\n<p>Une bascule qui s&rsquo;est faite progressivement depuis l&rsquo;attaque russe contre l&rsquo;Ukraine 24 f\u00e9vrier, acc\u00e9l\u00e9r\u00e9e par une flamb\u00e9e pro-Otan dans l&rsquo;opinion publique des deux pays.<\/p>\n<p>Avec une Finlande premi\u00e8re \u00e0 prendre l&rsquo;initiative, et une Su\u00e8de soucieuse de ne pas se retrouver comme le seul pays autour de la mer Baltique \u00e0 ne pas \u00eatre membre de l&rsquo;alliance.<\/p>\n<p>Trois jours apr\u00e8s avoir publiquement annonc\u00e9 vouloir voir leur pays rejoindre l&rsquo;Otan \u00ab\u00a0sans d\u00e9lai\u00a0\u00bb, le pr\u00e9sident finlandais Sauli Niinist\u00f6 et la Premi\u00e8re ministre Sanna Marin doivent officialiser la d\u00e9cision d&rsquo;Helsinki, \u00e0 l&rsquo;occasion d&rsquo;une conf\u00e9rence de presse \u00e0 13H00 (10H00 GMT).<\/p>\n<p>Au terme d&rsquo;une r\u00e9union d&rsquo;un conseil gouvernemental, ils doivent saisir le Parlement d&rsquo;un projet d&rsquo;adh\u00e9sion, soumis aux d\u00e9put\u00e9s lundi.<\/p>\n<p>Samedi, le chef de l&rsquo;Etat finlandais a t\u00e9l\u00e9phon\u00e9 \u00e0 son homologue russe Vladimir Poutine pour l&rsquo;informer de la candidature de son pays \u00ab\u00a0dans les tout prochains jours\u00a0\u00bb, dans une conversation d\u00e9crite comme \u00ab\u00a0directe et sans d\u00e9tour\u00a0\u00bb.<\/p>\n<p>\u00ab\u00a0Eviter les tensions a \u00e9t\u00e9 consid\u00e9r\u00e9 comme important\u00a0\u00bb, a relat\u00e9 M. Niinist\u00f6, un des dirigeants europ\u00e9ens ayant le plus dialogu\u00e9 avec Vladimir Poutine ces derni\u00e8res ann\u00e9es.<\/p>\n<p>Selon le Kremlin, le pr\u00e9sident russe lui a signifi\u00e9 qu&rsquo;adh\u00e9rer \u00e0 l&rsquo;Otan \u00ab\u00a0serait une erreur, puisqu&rsquo;il n&rsquo;y a aucune menace \u00e0 la s\u00e9curit\u00e9 de la Finlande\u00a0\u00bb.<\/p>\n<h3>\u00a0\u00ab\u00a0Pas d&rsquo;autre choix\u00a0\u00bb<\/h3>\n<p>Selon les derniers sondages, la part des Finlandais voulant rejoindre l&rsquo;alliance \u00e0 d\u00e9pass\u00e9 les trois quarts, soit le triple du niveau d&rsquo;avant la guerre en Ukraine.<\/p>\n<p>En Su\u00e8de, le soutien a \u00e9galement bondi, mais autour des 50% &#8211; pour environ 20% d&rsquo;avis d\u00e9favorables.<\/p>\n<p>Les hauts responsables du parti social-d\u00e9mocrate dirig\u00e9 par la Premi\u00e8re ministre Magdalena Andersson se retrouvent dimanche apr\u00e8s-midi pour d\u00e9cider si le parti doit abandonner sa ligne historique anti-adh\u00e9sion, encore r\u00e9affirm\u00e9e lors d&rsquo;un congr\u00e8s en novembre dernier.<\/p>\n<p>Des voix se sont \u00e9lev\u00e9es dans le parti pour d\u00e9noncer une d\u00e9cision pr\u00e9cipit\u00e9e et un d\u00e9bat escamot\u00e9.<\/p>\n<p>Mais pour les analystes, il est improbable que le parti d\u00e9cide de ne pas monter dans le train en marche, au moment o\u00f9 la Russie est embourb\u00e9e dans sa guerre en Ukraine.<\/p>\n<p>\u00ab\u00a0Il n&rsquo;y a peut-\u00eatre pas le m\u00eame sentiment d&rsquo;urgence\u00a0\u00bb qu&rsquo;en Finlande, reconna\u00eet Robert Dalsj\u00f6, chercheur \u00e0 l&rsquo;Agence su\u00e9doise de recherche pour la d\u00e9fense.<\/p>\n<p>\u00ab\u00a0Mais les dirigeants su\u00e9dois ont r\u00e9alis\u00e9 qu&rsquo;ils n&rsquo;avaient pas vraiment d&rsquo;autre choix. Une fois que la Finlande y va, il faut faire pareil\u00a0\u00bb, dit-il \u00e0 l&rsquo;AFP.<\/p>\n<p>Un obstacle impr\u00e9vu s&rsquo;est ajout\u00e9 vendredi, rappelant que la route entre une candidature et une adh\u00e9sion \u00e9tait longue de plusieurs mois, avec la n\u00e9cessit\u00e9 d&rsquo;une ratification unanime par chacun des 30 membres.<\/p>\n<p>Alors que la Finlande et la Su\u00e8de assuraient avoir des signaux favorables d&rsquo;Ankara, le pr\u00e9sident turc Recep Tayyip Erdogan a exprim\u00e9 son hostilit\u00e9 \u00e0 leur entr\u00e9e.<\/p>\n<p>La Turquie leur reproche, et \u00e0 Stockholm particuli\u00e8rement, de faire preuve d&rsquo;une trop grande mansu\u00e9tude vis-\u00e0-vis du Parti des travailleurs du Kurdistan, le PKK, bien qu&rsquo;il soit sur la liste de l&rsquo;UE des organisations terroristes.<\/p>\n<p>Le ministre turc des Affaires \u00e9trang\u00e8res, Mevlut Cavusoglu, s&rsquo;est toutefois dit pr\u00eat \u00e0 en discuter avec les deux pays, ainsi qu&rsquo;avec les autres nations de l&rsquo;Otan.<\/p>\n<p>Son homologue finlandais, Pekka Haavisto, s&rsquo;est lui dit \u00ab\u00a0confiant\u00a0\u00bb dans la possibilit\u00e9 de s&rsquo;entendre avec la Turquie. (AFP)<\/p>\n","protected":false},"excerpt":{"rendered":"<p>La Finlande va officialiser sa candidature \u00e0 l&rsquo;Otan, r\u00e9union d\u00e9cisive en Su\u00e8de La Finlande doit officialiser sa candidature \u00e0 l&rsquo;Otan ce dimanche, avant une r\u00e9union d\u00e9cisive du parti au pouvoir en Su\u00e8de en vue d&rsquo;une probable demande d&rsquo;adh\u00e9sion commune des deux pays. \u00ab\u00a0Nous esp\u00e9rons pouvoir envoyer nos candidatures cette semaine, ensemble avec la Su\u00e8de. Ils [&hellip;]<\/p>\n","protected":false},"author":1,"featured_media":11005,"comment_status":"open","ping_status":"closed","sticky":false,"template":"","format":"standard","meta":{"footnotes":""},"categories":[1372],"tags":[132,667,2334],"class_list":["post-11004","post","type-post","status-publish","format-standard","has-post-thumbnail","hentry","category-monde","tag-finlande","tag-otan","tag-sanna-marin"],"aioseo_notices":[],"_links":{"self":[{"href":"https:\/\/www.culturalusa.com\/news\/wp-json\/wp\/v2\/posts\/11004","targetHints":{"allow":["GET"]}}],"collection":[{"href":"https:\/\/www.culturalusa.com\/news\/wp-json\/wp\/v2\/posts"}],"about":[{"href":"https:\/\/www.culturalusa.com\/news\/wp-json\/wp\/v2\/types\/post"}],"author":[{"embeddable":true,"href":"https:\/\/www.culturalusa.com\/news\/wp-json\/wp\/v2\/users\/1"}],"replies":[{"embeddable":true,"href":"https:\/\/www.culturalusa.com\/news\/wp-json\/wp\/v2\/comments?post=11004"}],"version-history":[{"count":1,"href":"https:\/\/www.culturalusa.com\/news\/wp-json\/wp\/v2\/posts\/11004\/revisions"}],"predecessor-version":[{"id":11006,"href":"https:\/\/www.culturalusa.com\/news\/wp-json\/wp\/v2\/posts\/11004\/revisions\/11006"}],"wp:featuredmedia":[{"embeddable":true,"href":"https:\/\/www.culturalusa.com\/news\/wp-json\/wp\/v2\/media\/11005"}],"wp:attachment":[{"href":"https:\/\/www.culturalusa.com\/news\/wp-json\/wp\/v2\/media?parent=11004"}],"wp:term":[{"taxonomy":"category","embeddable":true,"href":"https:\/\/www.culturalusa.com\/news\/wp-json\/wp\/v2\/categories?post=11004"},{"taxonomy":"post_tag","embeddable":true,"href":"https:\/\/www.culturalusa.com\/news\/wp-json\/wp\/v2\/tags?post=11004"}],"curies":[{"name":"wp","href":"https:\/\/api.w.org\/{rel}","templated":true}]}}