{"id":11007,"date":"2022-05-16T18:16:43","date_gmt":"2022-05-16T16:16:43","guid":{"rendered":"https:\/\/www.culturalusa.com\/news\/?p=11007"},"modified":"2022-05-16T18:19:41","modified_gmt":"2022-05-16T16:19:41","slug":"la-suede-annonce-sa-candidature-a-lotan-et-une-nouvelle-ere","status":"publish","type":"post","link":"https:\/\/www.culturalusa.com\/news\/monde\/la-suede-annonce-sa-candidature-a-lotan-et-une-nouvelle-ere\/","title":{"rendered":"La Su\u00e8de annonce sa candidature \u00e0 l&rsquo;Otan et une \u00ab\u00a0nouvelle \u00e8re\u00a0\u00bb"},"content":{"rendered":"<p>Au lendemain de la Finlande, la Su\u00e8de a officialis\u00e9 lundi sa candidature \u00e0 l&rsquo;Otan, actant la bascule historique des deux pays non-align\u00e9s vers le giron de l&rsquo;alliance, en cons\u00e9quence directe de l&rsquo;invasion russe de l&rsquo;Ukraine.<\/p>\n<p>Apr\u00e8s pr\u00e8s de deux si\u00e8cles de neutralit\u00e9 puis de non-alignement militaire, \u00ab\u00a0nous quittons une \u00e8re pour entrer dans une nouvelle\u00a0\u00bb, a soulign\u00e9 la Premi\u00e8re ministre su\u00e9doise Magdalena Andersson lors d&rsquo;une conf\u00e9rence de presse.<\/p>\n<h3>Stockholm s&rsquo;attend \u00e0 \u00eatre membre d&rsquo;ici un an maximum, a-t-elle affirm\u00e9 alors que l&rsquo;Otan tente de calmer une hostilit\u00e9 de derni\u00e8re minute affich\u00e9e par la Turquie.<\/h3>\n<p>L&rsquo;unanimit\u00e9 et la ratification parlementaire des trente membres actuels de l&rsquo;alliance est n\u00e9cessaire pour faire entrer un nouveau membre.<\/p>\n<blockquote><p>La perspective d&rsquo;une entr\u00e9e su\u00e9do-finlandaise dans l&rsquo;Otan \u00ab\u00a0ne constitue pas une menace imm\u00e9diate\u00a0\u00bb, a r\u00e9agi lundi Vladimir Poutine, apr\u00e8s plusieurs d\u00e9clarations exprimant l&rsquo;irritation de Moscou ces derniers jours.<\/p><\/blockquote>\n<p>Mais la Russie r\u00e9agirait \u00e0 des d\u00e9ploiements d'\u00a0\u00bbinfrastructures militaires\u00a0\u00bb dans les deux pays nordiques, a averti le pr\u00e9sident russe.<\/p>\n<p>La Premi\u00e8re ministre su\u00e9doise avait men\u00e9 lundi matin des discussions avec les chefs de partis au Parlement, pour constater qu&rsquo;elle disposait d&rsquo;une large majorit\u00e9.<\/p>\n<p>Avec la bascule historique du parti social-d\u00e9mocrate au pouvoir dimanche, six des huit partis au Parlement su\u00e9dois sont d\u00e9sormais en faveur d&rsquo;une adh\u00e9sion, repr\u00e9sentant une majorit\u00e9 th\u00e9orique de 304 d\u00e9put\u00e9s sur 349, soit plus de 85%.<\/p>\n<p>Depuis l&rsquo;invasion russe de l&rsquo;Ukraine, Helsinki a \u00e9t\u00e9 \u00e0 l&rsquo;initiative pour l&rsquo;adh\u00e9sion \u00e0 l&rsquo;Otan, avec une Su\u00e8de plus suiviste.<\/p>\n<p>Seuls les membres b\u00e9n\u00e9ficient du parapluie de l&rsquo;Otan, pas les candidats, ce qui a pouss\u00e9 Stockholm et Helsinki \u00e0 demander des assurances de s\u00e9curit\u00e9 \u00e0 plusieurs pays de l&rsquo;Alliance.<\/p>\n<p>\u00ab\u00a0La Su\u00e8de va se retrouver dans une position vuln\u00e9rable durant la p\u00e9riode d&rsquo;adh\u00e9sion\u00a0\u00bb, a soulign\u00e9 Mme Andersson.<\/p>\n<p>Les pays nordiques voisins &#8211; Norv\u00e8ge, Danemark et Islande, tous trois d\u00e9j\u00e0 membres de l&rsquo;Otan &#8211; ont promis lundi d&rsquo;assister la Su\u00e8de et la Finlande \u00ab\u00a0par tous les moyens n\u00e9cessaires\u00a0\u00bb en cas d&rsquo;agression.<\/p>\n<p>\u00ab\u00a0Nous sommes voisins, nous sommes amis. Nous sommes impatients de devenir alli\u00e9s au sein de l&rsquo;Otan\u00a0\u00bb, a d\u00e9clar\u00e9 la dirigeante danoise, Mette Frederiksen.<\/p>\n<p>Le pr\u00e9sident fran\u00e7ais Emmanuel Macron soutient \u00ab\u00a0pleinement\u00a0\u00bb la d\u00e9cision su\u00e9doise, a r\u00e9agi l&rsquo;Elys\u00e9e.<\/p>\n<h3>\u00ab\u00a0Grave erreur\u00a0\u00bb<\/h3>\n<p>Pour Moscou en revanche, les candidatures de la Su\u00e8de et de la Finlande \u00e0 l&rsquo;Otan en r\u00e9action \u00e0 l&rsquo;offensive russe contre l&rsquo;Ukraine constituent une \u00ab\u00a0grave erreur\u00a0\u00bb dont \u00ab\u00a0les cons\u00e9quences auront une port\u00e9e consid\u00e9rable\u00a0\u00bb, selon le vice-ministre russe des Affaires \u00e9trang\u00e8res, Sergue\u00ef Riabkov.<\/p>\n<p>Alors que le Kremlin a justifi\u00e9 son invasion de l&rsquo;Ukraine par le risque d&rsquo;extension de l&rsquo;Otan \u00e0 ses portes, une adh\u00e9sion de la Finlande rallongera de quelque 1.300 kilom\u00e8tres la fronti\u00e8re entre la Russie et les pays de l&rsquo;alliance.<\/p>\n<p>Avec la Su\u00e8de en plus, la mer Baltique deviendrait un \u00ab\u00a0lac Otan\u00a0\u00bb, en dehors des eaux russes au large de l&rsquo;enclave russe de Kaliningrad et de Saint-P\u00e9tersbourg.<\/p>\n<p>\u00ab\u00a0Nous sommes convaincus que l&rsquo;entr\u00e9e dans l&rsquo;Otan de la Finlande et de la Su\u00e8de ne va ni renforcer ni am\u00e9liorer l&rsquo;architecture s\u00e9curitaire de notre continent\u00a0\u00bb, a affirm\u00e9 lundi le porte-parole du Kremlin, Dmitri Peskov.<\/p>\n<p>L&rsquo;Eduskunta, le Parlement finlandais, m\u00e8ne lundi une session marathon pour examiner la candidature pr\u00e9sent\u00e9e officiellement dimanche par l&rsquo;ex\u00e9cutif, avant un vote qui interviendra au plus t\u00f4t mardi.<\/p>\n<p>Selon les derniers pointages des m\u00e9dias finlandais, au moins 85% des 200 \u00e9lus vont voter oui.<\/p>\n<p>\u00ab\u00a0Le seul pays qui menace la s\u00e9curit\u00e9 europ\u00e9enne, et m\u00e8ne ouvertement une guerre d&rsquo;agression, c&rsquo;est la Russie\u00a0\u00bb, a affirm\u00e9 la Premi\u00e8re ministre finlandaise Sanna Marin en ouvrant les d\u00e9bats. \u00ab\u00a0Notre environnement de s\u00e9curit\u00e9 a fondamentalement chang\u00e9\u00a0\u00bb.<\/p>\n<p>Du fait du grand nombre d&rsquo;interventions pr\u00e9vues &#8211; plus de 150 &#8211; le vote ne pourra avoir lieu d\u00e8s ce lundi, a pr\u00e9venu le pr\u00e9sident de la chambre Matti Vanhanen.<\/p>\n<p>Les candidatures formelles doivent \u00eatre transmises au si\u00e8ge de l&rsquo;Otan plus tard dans la semaine, Stockholm et Helsinki pr\u00e9voyant une candidature simultan\u00e9e, sans doute mercredi.<\/p>\n<p>L&rsquo;Otan avait assur\u00e9 que les deux pays seraient accueillis \u00ab\u00a0\u00e0 bras ouverts\u00a0\u00bb, mais le pr\u00e9sident turc Recep Tayyip Erdogan est venu brouiller la perspective d&rsquo;une unanimit\u00e9 sans difficult\u00e9, en se disant hostile \u00e0 l&rsquo;entr\u00e9e su\u00e9do-finlandaise.<\/p>\n<p>La Turquie leur reproche &#8211; surtout \u00e0 Stockholm &#8211; de faire preuve d&rsquo;une trop grande mansu\u00e9tude vis-\u00e0-vis du Parti des travailleurs du Kurdistan, le PKK, bien qu&rsquo;il soit sur la liste de l&rsquo;UE des organisations terroristes.<\/p>\n<p>Une d\u00e9l\u00e9gation diplomatique su\u00e9doise va \u00eatre envoy\u00e9e pour \u00ab\u00a0voir comment la question peut \u00eatre r\u00e9solue\u00a0\u00bb, a annonc\u00e9 lundi le ministre su\u00e9dois de la D\u00e9fense Peter Hultqvist. (AFP)<\/p>\n","protected":false},"excerpt":{"rendered":"<p>Au lendemain de la Finlande, la Su\u00e8de a officialis\u00e9 lundi sa candidature \u00e0 l&rsquo;Otan, actant la bascule historique des deux pays non-align\u00e9s vers le giron de l&rsquo;alliance, en cons\u00e9quence directe de l&rsquo;invasion russe de l&rsquo;Ukraine. Apr\u00e8s pr\u00e8s de deux si\u00e8cles de neutralit\u00e9 puis de non-alignement militaire, \u00ab\u00a0nous quittons une \u00e8re pour entrer dans une nouvelle\u00a0\u00bb, [&hellip;]<\/p>\n","protected":false},"author":1,"featured_media":11009,"comment_status":"open","ping_status":"closed","sticky":false,"template":"","format":"standard","meta":{"footnotes":""},"categories":[1372],"tags":[667,426],"class_list":["post-11007","post","type-post","status-publish","format-standard","has-post-thumbnail","hentry","category-monde","tag-otan","tag-suede"],"aioseo_notices":[],"_links":{"self":[{"href":"https:\/\/www.culturalusa.com\/news\/wp-json\/wp\/v2\/posts\/11007","targetHints":{"allow":["GET"]}}],"collection":[{"href":"https:\/\/www.culturalusa.com\/news\/wp-json\/wp\/v2\/posts"}],"about":[{"href":"https:\/\/www.culturalusa.com\/news\/wp-json\/wp\/v2\/types\/post"}],"author":[{"embeddable":true,"href":"https:\/\/www.culturalusa.com\/news\/wp-json\/wp\/v2\/users\/1"}],"replies":[{"embeddable":true,"href":"https:\/\/www.culturalusa.com\/news\/wp-json\/wp\/v2\/comments?post=11007"}],"version-history":[{"count":1,"href":"https:\/\/www.culturalusa.com\/news\/wp-json\/wp\/v2\/posts\/11007\/revisions"}],"predecessor-version":[{"id":11008,"href":"https:\/\/www.culturalusa.com\/news\/wp-json\/wp\/v2\/posts\/11007\/revisions\/11008"}],"wp:featuredmedia":[{"embeddable":true,"href":"https:\/\/www.culturalusa.com\/news\/wp-json\/wp\/v2\/media\/11009"}],"wp:attachment":[{"href":"https:\/\/www.culturalusa.com\/news\/wp-json\/wp\/v2\/media?parent=11007"}],"wp:term":[{"taxonomy":"category","embeddable":true,"href":"https:\/\/www.culturalusa.com\/news\/wp-json\/wp\/v2\/categories?post=11007"},{"taxonomy":"post_tag","embeddable":true,"href":"https:\/\/www.culturalusa.com\/news\/wp-json\/wp\/v2\/tags?post=11007"}],"curies":[{"name":"wp","href":"https:\/\/api.w.org\/{rel}","templated":true}]}}