{"id":11010,"date":"2022-05-16T18:39:35","date_gmt":"2022-05-16T16:39:35","guid":{"rendered":"https:\/\/www.culturalusa.com\/news\/?p=11010"},"modified":"2022-05-16T18:44:58","modified_gmt":"2022-05-16T16:44:58","slug":"elisabeth-borne-succede-a-jean-castex-au-poste-de-premier-ministre","status":"publish","type":"post","link":"https:\/\/www.culturalusa.com\/news\/politique\/elisabeth-borne-succede-a-jean-castex-au-poste-de-premier-ministre\/","title":{"rendered":"Elisabeth Borne succ\u00e9de \u00e0 Jean Castex au poste de Premier ministre"},"content":{"rendered":"<p>Le chef du gouvernement a d\u00e9missionn\u00e9 ce lundi, apr\u00e8s que Macron ait propos\u00e9 un remaniement au sein de l&rsquo;ex\u00e9cutif apr\u00e8s sa victoire \u00e0 la pr\u00e9sidentielle.<\/p>\n<blockquote><p>Le pr\u00e9sident fran\u00e7ais Emmanuel Macron a\u00a0 nomm\u00e9 Elisabeth Borne, ce lundi, pour succ\u00e9der au poste de Premier ministre, devenant ainsi la deuxi\u00e8me femme \u00e0 occuper ce poste, la premi\u00e8re femme en 30 ans, rapporte le journal fran\u00e7ais Le Monde.<\/p><\/blockquote>\n<p>Borne a \u00e9t\u00e9 d\u00e9sign\u00e9 par les m\u00e9dias fran\u00e7ais comme le favori du pr\u00e9sident pour succ\u00e9der \u00e0 Jean Castex, qui a pr\u00e9sent\u00e9 sa d\u00e9mission ce lundi.<\/p>\n<p>Borne occupait d\u00e9j\u00e0 le poste de ministre du Travail, de l&rsquo;Emploi et de l&rsquo;Int\u00e9gration, et est devenu ministre de l&rsquo;Environnement en 2019, apr\u00e8s avoir gouvern\u00e9 dans le domaine des transports et de la transition \u00e9cologique. Son cursus, bas\u00e9 sur des politiques vertes et sociales, pla\u00eet au pr\u00e9sident fran\u00e7ais, qui cherchait un candidat pour attaquer l&rsquo;\u00e9lectorat de gauche avant les l\u00e9gislatives des 12 et 19 juin.<\/p>\n<p>Selon TF1, Elisabeth Borne est arriv\u00e9e au palais de l&rsquo;\u00c9lys\u00e9e quelques minutes apr\u00e8s que le premier ministre a annonc\u00e9 sa d\u00e9mission.<\/p>\n<p>L&rsquo;actuelle ministre du Travail pourrait ainsi devenir la premi\u00e8re femme \u00e0 diriger le gouvernement fran\u00e7ais depuis \u00c9dith Cresson, qui a gouvern\u00e9 un peu moins d&rsquo;un an dans les ann\u00e9es 1990, entre mai 1991 et avril 1992.<\/p>\n<p>Par le biais de Twitter, le candidat de <span style=\"color: #800000;\"><strong>Extr\u00eame-gauche<\/strong><\/span> aux prochaines \u00e9lections l\u00e9gislatives, <span style=\"color: #800000;\"><strong>Jean-Luc M\u00e9lenchon<\/strong><\/span>, a critiqu\u00e9 la nomination attendue de Borne, pointant du doigt certaines politiques mises en \u0153uvre pendant son mandat de ministre du Travail.<\/p>\n<p>\u00ab\u00a0R\u00e9duction de la subvention pour un million de ch\u00f4meurs, suppression des tarifs r\u00e9glementaires du gaz, report de dix ans de la fin du nucl\u00e9aire, ouverture \u00e0 la concurrence de la SNCF et de la RATP. En route vers une nouvelle \u00e8re d&rsquo;abus sociaux !\u00a0\u00bb, a d\u00e9clar\u00e9 le candidat, autour duquel se sont rassembl\u00e9s les partis de gauche.<\/p>\n<p>Jean Castex a d\u00e9missionn\u00e9 environ un mois avant les \u00e9lections l\u00e9gislatives, auxquelles participaient le parti de Macron, La R\u00e9publique En Marche!, le Rassemblement National, et de la gauche de M\u00e9lenchon.<\/p>\n<p>Sur Twitter, Emmanuel Macron a remerci\u00e9 le travail de Jean Castex, qui dirige le gouvernement fran\u00e7ais depuis juin 2020. \u00ab Depuis pr\u00e8s de deux ans, il a travaill\u00e9 avec passion et engagement au service de la France. Nous sommes fiers du travail accompli et des r\u00e9sultats. atteints ensemble\u00a0\u00bb, a \u00e9crit le chef de l&rsquo;Etat.<\/p>\n","protected":false},"excerpt":{"rendered":"<p>Le chef du gouvernement a d\u00e9missionn\u00e9 ce lundi, apr\u00e8s que Macron ait propos\u00e9 un remaniement au sein de l&rsquo;ex\u00e9cutif apr\u00e8s sa victoire \u00e0 la pr\u00e9sidentielle. Le pr\u00e9sident fran\u00e7ais Emmanuel Macron a\u00a0 nomm\u00e9 Elisabeth Borne, ce lundi, pour succ\u00e9der au poste de Premier ministre, devenant ainsi la deuxi\u00e8me femme \u00e0 occuper ce poste, la premi\u00e8re femme [&hellip;]<\/p>\n","protected":false},"author":1,"featured_media":11011,"comment_status":"open","ping_status":"closed","sticky":false,"template":"","format":"standard","meta":{"footnotes":""},"categories":[1494],"tags":[1577,371],"class_list":["post-11010","post","type-post","status-publish","format-standard","has-post-thumbnail","hentry","category-politique","tag-elisabeth-borne","tag-premier-ministre"],"aioseo_notices":[],"_links":{"self":[{"href":"https:\/\/www.culturalusa.com\/news\/wp-json\/wp\/v2\/posts\/11010","targetHints":{"allow":["GET"]}}],"collection":[{"href":"https:\/\/www.culturalusa.com\/news\/wp-json\/wp\/v2\/posts"}],"about":[{"href":"https:\/\/www.culturalusa.com\/news\/wp-json\/wp\/v2\/types\/post"}],"author":[{"embeddable":true,"href":"https:\/\/www.culturalusa.com\/news\/wp-json\/wp\/v2\/users\/1"}],"replies":[{"embeddable":true,"href":"https:\/\/www.culturalusa.com\/news\/wp-json\/wp\/v2\/comments?post=11010"}],"version-history":[{"count":3,"href":"https:\/\/www.culturalusa.com\/news\/wp-json\/wp\/v2\/posts\/11010\/revisions"}],"predecessor-version":[{"id":11014,"href":"https:\/\/www.culturalusa.com\/news\/wp-json\/wp\/v2\/posts\/11010\/revisions\/11014"}],"wp:featuredmedia":[{"embeddable":true,"href":"https:\/\/www.culturalusa.com\/news\/wp-json\/wp\/v2\/media\/11011"}],"wp:attachment":[{"href":"https:\/\/www.culturalusa.com\/news\/wp-json\/wp\/v2\/media?parent=11010"}],"wp:term":[{"taxonomy":"category","embeddable":true,"href":"https:\/\/www.culturalusa.com\/news\/wp-json\/wp\/v2\/categories?post=11010"},{"taxonomy":"post_tag","embeddable":true,"href":"https:\/\/www.culturalusa.com\/news\/wp-json\/wp\/v2\/tags?post=11010"}],"curies":[{"name":"wp","href":"https:\/\/api.w.org\/{rel}","templated":true}]}}