{"id":11025,"date":"2022-05-20T11:27:39","date_gmt":"2022-05-20T09:27:39","guid":{"rendered":"https:\/\/www.culturalusa.com\/news\/?p=11025"},"modified":"2022-05-20T11:27:39","modified_gmt":"2022-05-20T09:27:39","slug":"minimum-vieillesse-un-beneficiaire-sur-deux-ny-recourt-pas","status":"publish","type":"post","link":"https:\/\/www.culturalusa.com\/news\/actualite\/minimum-vieillesse-un-beneficiaire-sur-deux-ny-recourt-pas\/","title":{"rendered":"Minimum vieillesse : un b\u00e9n\u00e9ficiaire sur deux n&rsquo;y recourt pas"},"content":{"rendered":"<p>Parmi les personnes seules de 65 ans ou plus pouvant pr\u00e9tendre au <strong>minimum vieillesse<\/strong>, une sur deux ne le touchait pas en 2016, selon une \u00e9tude publi\u00e9e par la Drees, qui estime que 790 millions d&rsquo;euros ont \u00e9t\u00e9 ainsi non vers\u00e9s.<\/p>\n<blockquote><p>Pr\u00e8s de 650.000 personnes \u00e9taient, il y a 6 ans, \u00e9ligibles au minimum vieillesse mais seules un peu moins de 326.0000 d&rsquo;entre elles (50 %) le percevaient effectivement, selon les travaux de la Direction de la recherche, des \u00e9tudes, de l&rsquo;\u00e9valuation et des statistiques (Drees).<\/p><\/blockquote>\n<p>Selon des donn\u00e9es fiscales, les non-recourants (soit un peu plus de 321.000 personnes) auraient b\u00e9n\u00e9fici\u00e9, s&rsquo;ils en avaient fait la demande, de 205 euros en moyenne (contre 337 euros en moyenne pour ceux qui l&rsquo;ont bel et bien touch\u00e9), d\u00e9taille le service statistique des minist\u00e8res sociaux. En tout, 790 millions d&rsquo;euros ont ainsi \u00e9t\u00e9 non vers\u00e9s.<\/p>\n<h3>Selon l&rsquo;\u00e9tude, le taux de non-recours est plus \u00e9lev\u00e9 chez les femmes (52 %) que chez les hommes (44 %) et plus l&rsquo;\u00e2ge des b\u00e9n\u00e9ficiaires potentiels est \u00e9lev\u00e9, plus le non-recours est important.<\/h3>\n<p>Emmanuel Macron avait annonc\u00e9 lors de sa campagne pour la pr\u00e9sidentielle entendre verser \u00ab\u00a0automatiquement\u00a0\u00bb les aides sociales \u00ab\u00a0\u00e0 ceux qui y ont droit, pour \u00e9viter le non-recours et la fraude\u00a0\u00bb.<\/p>\n<p>Mais cette \u00ab\u00a0solidarit\u00e9 \u00e0 la source\u00a0\u00bb ne concernerait que la prime d&rsquo;activit\u00e9, les allocations familiales, l&rsquo;aide au logement et le revenu de solidarit\u00e9 active (RSA), et pas le minimum vieillesse.<\/p>\n","protected":false},"excerpt":{"rendered":"<p>Parmi les personnes seules de 65 ans ou plus pouvant pr\u00e9tendre au minimum vieillesse, une sur deux ne le touchait pas en 2016, selon une \u00e9tude publi\u00e9e par la Drees, qui estime que 790 millions d&rsquo;euros ont \u00e9t\u00e9 ainsi non vers\u00e9s. Pr\u00e8s de 650.000 personnes \u00e9taient, il y a 6 ans, \u00e9ligibles au minimum vieillesse [&hellip;]<\/p>\n","protected":false},"author":1,"featured_media":11026,"comment_status":"open","ping_status":"closed","sticky":false,"template":"","format":"standard","meta":{"footnotes":""},"categories":[30],"tags":[2341,992],"class_list":["post-11025","post","type-post","status-publish","format-standard","has-post-thumbnail","hentry","category-actualite","tag-minimum-vieillesse","tag-retraite"],"aioseo_notices":[],"_links":{"self":[{"href":"https:\/\/www.culturalusa.com\/news\/wp-json\/wp\/v2\/posts\/11025","targetHints":{"allow":["GET"]}}],"collection":[{"href":"https:\/\/www.culturalusa.com\/news\/wp-json\/wp\/v2\/posts"}],"about":[{"href":"https:\/\/www.culturalusa.com\/news\/wp-json\/wp\/v2\/types\/post"}],"author":[{"embeddable":true,"href":"https:\/\/www.culturalusa.com\/news\/wp-json\/wp\/v2\/users\/1"}],"replies":[{"embeddable":true,"href":"https:\/\/www.culturalusa.com\/news\/wp-json\/wp\/v2\/comments?post=11025"}],"version-history":[{"count":1,"href":"https:\/\/www.culturalusa.com\/news\/wp-json\/wp\/v2\/posts\/11025\/revisions"}],"predecessor-version":[{"id":11027,"href":"https:\/\/www.culturalusa.com\/news\/wp-json\/wp\/v2\/posts\/11025\/revisions\/11027"}],"wp:featuredmedia":[{"embeddable":true,"href":"https:\/\/www.culturalusa.com\/news\/wp-json\/wp\/v2\/media\/11026"}],"wp:attachment":[{"href":"https:\/\/www.culturalusa.com\/news\/wp-json\/wp\/v2\/media?parent=11025"}],"wp:term":[{"taxonomy":"category","embeddable":true,"href":"https:\/\/www.culturalusa.com\/news\/wp-json\/wp\/v2\/categories?post=11025"},{"taxonomy":"post_tag","embeddable":true,"href":"https:\/\/www.culturalusa.com\/news\/wp-json\/wp\/v2\/tags?post=11025"}],"curies":[{"name":"wp","href":"https:\/\/api.w.org\/{rel}","templated":true}]}}