{"id":11031,"date":"2022-05-23T12:08:11","date_gmt":"2022-05-23T10:08:11","guid":{"rendered":"https:\/\/www.culturalusa.com\/news\/?p=11031"},"modified":"2022-05-23T12:08:11","modified_gmt":"2022-05-23T10:08:11","slug":"legislatives-2022-la-majorite-macron-et-lextreme-gauche-toujours-au-coude-a-coude","status":"publish","type":"post","link":"https:\/\/www.culturalusa.com\/news\/politique\/legislatives-2022-la-majorite-macron-et-lextreme-gauche-toujours-au-coude-a-coude\/","title":{"rendered":"L\u00e9gislatives 2022: la majorit\u00e9 (Macron) et l&rsquo;Extr\u00eame-Gauche toujours au coude \u00e0 coude"},"content":{"rendered":"<p>Selon un sondage, la majorit\u00e9 pr\u00e9sidentielle et l&rsquo;alliance de l&rsquo;Extr\u00eame-Gauche et de Gauche (Nupes) se trouvent au coude \u00e0 coude devant le Rassemblement national (RN) en intentions de vote pour les l\u00e9gislatives de juin, indique un sondage diffus\u00e9 qui pronostique une forte abstention.<\/p>\n<blockquote><p>Comme lors de la pr\u00e9sidentielle d&rsquo;avril, trois blocs se partagent les intentions de vote pour les l\u00e9gislatives: la majorit\u00e9 pr\u00e9sidentielle d&rsquo;Emmanuel Macron arrive en t\u00eate avec 28 %, juste devant la Nupes de <span style=\"color: #800000;\">Jean-Luc M\u00e9lenchon (Extr\u00eame-Gauche)<\/span> 27 %, tous deux se situant dans la marge d&rsquo;erreur, suivis par le Rassemblement national de Marine Le Pen (21 %), souligne le sondage Ipsos\/Cevipof pour Le Monde<\/p><\/blockquote>\n<p>Le parti Les R\u00e9publicains arrive en quatri\u00e8me position avec 9 % des intentions de vote et Reconqu\u00eate !, le parti du pol\u00e9miste d&rsquo;extr\u00eame droite Eric Zemmour, se place en cinqui\u00e8me position avec 6 %.<\/p>\n<p>A partir de ces intentions de vote, les projections en si\u00e8ge accordent la majorit\u00e9 absolue \u00e0 la coalition pr\u00e9sidentielle (LREM\/MoDem\/Horizons\/Agir), qui recueillerait entre 290 et 330 si\u00e8ges, la fourchette basse \u00e9tant tr\u00e8s proche des 289 \u00e9lus n\u00e9cessaires pour qu&rsquo;elle puisse gouverner sans s&rsquo;allier \u00e0 d&rsquo;autres formations.<\/p>\n<p>La Nupes deviendrait la deuxi\u00e8me formation \u00e0 l&rsquo;Assembl\u00e9e nationale avec entre 165 et 195 si\u00e8ges, devant LR qui en conserverait 35 \u00e0 65 et le RN qui en obtiendrait entre 20 et 45.<\/p>\n<p>Selon cette enqu\u00eate, la moiti\u00e9 seulement des Fran\u00e7ais sont certains d&rsquo;aller voter au premier tour des l\u00e9gislatives (entre 45 et 49 %). Il y a cinq ans ces \u00e9lections avaient \u00e9t\u00e9 marqu\u00e9es par une abstention historique de plus de 51,3 % au premier tour, et m\u00eame de 57,4 % au second tour.<\/p>\n<p>Les intentions de vote ne constituent pas une pr\u00e9vision du r\u00e9sultat du scrutin. Elles donnent une indication des rapports de force et des dynamiques au jour de la r\u00e9alisation du sondage.<\/p>\n<p>Celui-ci a \u00e9t\u00e9 r\u00e9alis\u00e9 du 16 au 19 mai aupr\u00e8s d&rsquo;un \u00e9chantillon de 11.247 personnes repr\u00e9sentatif de la population fran\u00e7aise, inscrite sur les listes \u00e9lectorales, \u00e2g\u00e9e de 18 ans et plus. La marge d&rsquo;erreur se situe entre 0,3 et 0,9 %. (AFP &amp; CL)<\/p>\n","protected":false},"excerpt":{"rendered":"<p>Selon un sondage, la majorit\u00e9 pr\u00e9sidentielle et l&rsquo;alliance de l&rsquo;Extr\u00eame-Gauche et de Gauche (Nupes) se trouvent au coude \u00e0 coude devant le Rassemblement national (RN) en intentions de vote pour les l\u00e9gislatives de juin, indique un sondage diffus\u00e9 qui pronostique une forte abstention. Comme lors de la pr\u00e9sidentielle d&rsquo;avril, trois blocs se partagent les intentions [&hellip;]<\/p>\n","protected":false},"author":1,"featured_media":11032,"comment_status":"open","ping_status":"closed","sticky":false,"template":"","format":"standard","meta":{"footnotes":""},"categories":[1494],"tags":[642,949,2346,2347],"class_list":["post-11031","post","type-post","status-publish","format-standard","has-post-thumbnail","hentry","category-politique","tag-emmanuel-macron","tag-extreme-gauche","tag-jean-luc-melenchon","tag-legislatives-2022"],"aioseo_notices":[],"_links":{"self":[{"href":"https:\/\/www.culturalusa.com\/news\/wp-json\/wp\/v2\/posts\/11031","targetHints":{"allow":["GET"]}}],"collection":[{"href":"https:\/\/www.culturalusa.com\/news\/wp-json\/wp\/v2\/posts"}],"about":[{"href":"https:\/\/www.culturalusa.com\/news\/wp-json\/wp\/v2\/types\/post"}],"author":[{"embeddable":true,"href":"https:\/\/www.culturalusa.com\/news\/wp-json\/wp\/v2\/users\/1"}],"replies":[{"embeddable":true,"href":"https:\/\/www.culturalusa.com\/news\/wp-json\/wp\/v2\/comments?post=11031"}],"version-history":[{"count":1,"href":"https:\/\/www.culturalusa.com\/news\/wp-json\/wp\/v2\/posts\/11031\/revisions"}],"predecessor-version":[{"id":11033,"href":"https:\/\/www.culturalusa.com\/news\/wp-json\/wp\/v2\/posts\/11031\/revisions\/11033"}],"wp:featuredmedia":[{"embeddable":true,"href":"https:\/\/www.culturalusa.com\/news\/wp-json\/wp\/v2\/media\/11032"}],"wp:attachment":[{"href":"https:\/\/www.culturalusa.com\/news\/wp-json\/wp\/v2\/media?parent=11031"}],"wp:term":[{"taxonomy":"category","embeddable":true,"href":"https:\/\/www.culturalusa.com\/news\/wp-json\/wp\/v2\/categories?post=11031"},{"taxonomy":"post_tag","embeddable":true,"href":"https:\/\/www.culturalusa.com\/news\/wp-json\/wp\/v2\/tags?post=11031"}],"curies":[{"name":"wp","href":"https:\/\/api.w.org\/{rel}","templated":true}]}}