{"id":11037,"date":"2022-05-25T15:14:14","date_gmt":"2022-05-25T13:14:14","guid":{"rendered":"https:\/\/www.culturalusa.com\/news\/?p=11037"},"modified":"2022-05-25T15:14:14","modified_gmt":"2022-05-25T13:14:14","slug":"les-promoteurs-immobiliers-sont-inquiets-sur-la-chute-des-ventes","status":"publish","type":"post","link":"https:\/\/www.culturalusa.com\/news\/economie\/les-promoteurs-immobiliers-sont-inquiets-sur-la-chute-des-ventes\/","title":{"rendered":"Les promoteurs immobiliers sont inquiets sur la chute des ventes"},"content":{"rendered":"<p>La F\u00e9d\u00e9ration des promoteurs immobiliers (FPI) s&rsquo;est inqui\u00e9t\u00e9e mercredi d&rsquo;une situation \u00ab\u00a0vraiment grave\u00a0\u00bb sur le march\u00e9 du neuf, les mises en vente et r\u00e9servations ayant chut\u00e9 au premier trimestre.<\/p>\n<blockquote><p>\u00ab\u00a0La situation est vraiment grave\u00a0\u00bb, a d\u00e9clar\u00e9 lors d&rsquo;une conf\u00e9rence de presse le pr\u00e9sident de la FPI, Pascal Boulanger, \u00ab\u00a0\u00e7a continue \u00e0 aller mal et \u00e7a va de plus en plus mal dans les chiffres\u00a0\u00bb.<\/p><\/blockquote>\n<p>Selon les donn\u00e9es collect\u00e9es par la FPI, qui revendique de couvrir environ 90% du march\u00e9, le nombre de logements neufs vendus \u00e0 des particuliers au premier trimestre a chut\u00e9 de pr\u00e8s de 15% en un an.<\/p>\n<p>Le nombre de logements mis en vente a lui recul\u00e9 de quelque 30%, tandis que les prix des appartements ont augment\u00e9 de 5,4% en un an.<\/p>\n<h3>\u00ab\u00a0De m\u00e9moire, depuis 2012 nous n&rsquo;avons jamais eu des chiffres aussi mauvais\u00a0\u00bb, a assur\u00e9 Pascal Boulanger, expliquant cette morosit\u00e9 par trois ph\u00e9nom\u00e8nes.<\/h3>\n<p>D&rsquo;abord \u00ab\u00a0une \u00e9norme absence de signatures de permis de construire\u00a0\u00bb, la FPI jugeant les maires de plus en plus r\u00e9ticents \u00e0 d\u00e9livrer des autorisations.<\/p>\n<p>Ensuite \u00ab\u00a0des co\u00fbts de construction incontr\u00f4lables\u00a0\u00bb, le bouleversement des cha\u00eenes d&rsquo;approvisionnement puis la flamb\u00e9e des prix de l&rsquo;\u00e9nergie cons\u00e9cutive \u00e0 la guerre en Ukraine ayant fortement impact\u00e9 le secteur du b\u00e2timent.<\/p>\n<p>Et enfin le \u00ab\u00a0taux d&rsquo;usure\u00a0\u00bb \u00e0 partir duquel il est interdit d&rsquo;octroyer un pr\u00eat bancaire. Avec la remont\u00e9e rapide des taux d&rsquo;int\u00e9r\u00eat, de plus en plus de pr\u00eats immobiliers sont retoqu\u00e9s car d\u00e9passant ce taux, qui n&rsquo;est r\u00e9actualis\u00e9 que tous les trois mois.<\/p>\n<p>Pascal Boulanger a dit avoir demand\u00e9 \u00e0 la Banque de France et au ministre de l&rsquo;Economie Bruno Le Maire de passer \u00e0 une actualisation tous les mois.<\/p>\n","protected":false},"excerpt":{"rendered":"<p>La F\u00e9d\u00e9ration des promoteurs immobiliers (FPI) s&rsquo;est inqui\u00e9t\u00e9e mercredi d&rsquo;une situation \u00ab\u00a0vraiment grave\u00a0\u00bb sur le march\u00e9 du neuf, les mises en vente et r\u00e9servations ayant chut\u00e9 au premier trimestre. \u00ab\u00a0La situation est vraiment grave\u00a0\u00bb, a d\u00e9clar\u00e9 lors d&rsquo;une conf\u00e9rence de presse le pr\u00e9sident de la FPI, Pascal Boulanger, \u00ab\u00a0\u00e7a continue \u00e0 aller mal et \u00e7a [&hellip;]<\/p>\n","protected":false},"author":1,"featured_media":11038,"comment_status":"open","ping_status":"closed","sticky":false,"template":"","format":"standard","meta":{"footnotes":""},"categories":[1],"tags":[2352,165,2351],"class_list":["post-11037","post","type-post","status-publish","format-standard","has-post-thumbnail","hentry","category-economie","tag-chute-des-ventes","tag-immobilier","tag-promoteurs-immobiliers"],"aioseo_notices":[],"_links":{"self":[{"href":"https:\/\/www.culturalusa.com\/news\/wp-json\/wp\/v2\/posts\/11037","targetHints":{"allow":["GET"]}}],"collection":[{"href":"https:\/\/www.culturalusa.com\/news\/wp-json\/wp\/v2\/posts"}],"about":[{"href":"https:\/\/www.culturalusa.com\/news\/wp-json\/wp\/v2\/types\/post"}],"author":[{"embeddable":true,"href":"https:\/\/www.culturalusa.com\/news\/wp-json\/wp\/v2\/users\/1"}],"replies":[{"embeddable":true,"href":"https:\/\/www.culturalusa.com\/news\/wp-json\/wp\/v2\/comments?post=11037"}],"version-history":[{"count":1,"href":"https:\/\/www.culturalusa.com\/news\/wp-json\/wp\/v2\/posts\/11037\/revisions"}],"predecessor-version":[{"id":11039,"href":"https:\/\/www.culturalusa.com\/news\/wp-json\/wp\/v2\/posts\/11037\/revisions\/11039"}],"wp:featuredmedia":[{"embeddable":true,"href":"https:\/\/www.culturalusa.com\/news\/wp-json\/wp\/v2\/media\/11038"}],"wp:attachment":[{"href":"https:\/\/www.culturalusa.com\/news\/wp-json\/wp\/v2\/media?parent=11037"}],"wp:term":[{"taxonomy":"category","embeddable":true,"href":"https:\/\/www.culturalusa.com\/news\/wp-json\/wp\/v2\/categories?post=11037"},{"taxonomy":"post_tag","embeddable":true,"href":"https:\/\/www.culturalusa.com\/news\/wp-json\/wp\/v2\/tags?post=11037"}],"curies":[{"name":"wp","href":"https:\/\/api.w.org\/{rel}","templated":true}]}}