{"id":11040,"date":"2022-05-27T11:48:34","date_gmt":"2022-05-27T09:48:34","guid":{"rendered":"https:\/\/www.culturalusa.com\/news\/?p=11040"},"modified":"2022-05-27T11:48:34","modified_gmt":"2022-05-27T09:48:34","slug":"pouvoir-dachat-climat-et-sante-borne-fixe-les-trois-urgences-du-gouvernement","status":"publish","type":"post","link":"https:\/\/www.culturalusa.com\/news\/politique\/pouvoir-dachat-climat-et-sante-borne-fixe-les-trois-urgences-du-gouvernement\/","title":{"rendered":"Pouvoir d&rsquo;achat, climat et sant\u00e9, Borne fixe les trois \u00ab\u00a0urgences du gouvernement\u00a0\u00bb"},"content":{"rendered":"<p>Le <strong>pouvoir d&rsquo;achat, la sant\u00e9 et le climat<\/strong> sont les trois \u00ab\u00a0urgences\u00a0\u00bb auxquelles le gouvernement doit s&rsquo;atteler, a indiqu\u00e9 vendredi <strong>Elisabeth Borne<\/strong> apr\u00e8s avoir fix\u00e9 \u00ab\u00a0trois mots d&rsquo;ordre\u00a0\u00bb \u00e0 ses ministres r\u00e9unis \u00e0 Matignon: \u00ab\u00a0rapidit\u00e9, efficacit\u00e9 et r\u00e9sultats\u00a0\u00bb.<\/p>\n<blockquote><p>\u00ab\u00a0Les premi\u00e8res semaines de notre action doivent \u00eatre consacr\u00e9es \u00e0 r\u00e9pondre aux urgences des Fran\u00e7ais\u00a0\u00bb, a plaid\u00e9 la Premi\u00e8re ministre \u00e0 l&rsquo;issue de deux heures de r\u00e9union \u00e0 Matignon avec l&rsquo;ensemble du gouvernement.<\/p><\/blockquote>\n<p>Entr\u00e9e en fonction mi-mai dans un contexte de forte inflation, Mme Borne a ainsi fix\u00e9 trois priorit\u00e9s, en commen\u00e7ant par le pouvoir d&rsquo;achat, qui donnera lieu \u00e0 des mesures d\u00e8s la reprise des travaux parlementaires apr\u00e8s les l\u00e9gislatives (12 et 19 juin).<\/p>\n<p>\u00ab\u00a0Nous sommes convenus qu&rsquo;il ne devait y avoir ni oubli\u00e9s ni angles morts. Outre les retrait\u00e9s, les salari\u00e9s, les ind\u00e9pendants, les agents publics, j&rsquo;ai demand\u00e9 \u00e0 mes ministres d&rsquo;avoir une attention particuli\u00e8re pour les \u00e9tudiants\u00a0\u00bb, a soulign\u00e9 Mme Borne devant la presse.<\/p>\n<p>Alors que les h\u00f4pitaux font face \u00e0 une p\u00e9nurie de personnels, Mme Borne a assur\u00e9 avoir demand\u00e9 aux \u00ab\u00a0ministres concern\u00e9s\u00a0\u00bb de lui \u00ab\u00a0faire des propositions tr\u00e8s rapidement pour prendre des mesures efficaces pour l&rsquo;\u00e9t\u00e9\u00a0\u00bb.<\/p>\n<p>Enfin, la cheffe du gouvernement a dit vouloir mener le \u00ab\u00a0chantier\u00a0\u00bb de la planification \u00e9cologique \u00ab\u00a0\u00e0 marche rapide\u00a0\u00bb, appelant tous les minist\u00e8res \u00e0 \u00ab\u00a0se mobiliser\u00a0\u00bb et \u00ab\u00a0participer\u00a0\u00bb.<\/p>\n<p>\u00ab\u00a0Mais ces chantiers d&rsquo;urgence n&rsquo;\u00e9puisent \u00e9videmment pas l&rsquo;action du gouvernement\u00a0\u00bb, a relev\u00e9 la Premi\u00e8re ministre, qui a donn\u00e9 \u00ab\u00a0trois mots d&rsquo;ordre: rapidit\u00e9, efficacit\u00e9 et r\u00e9sultats\u00a0\u00bb.<\/p>\n<p>Afin de r\u00e9aliser le suivi de ces feuilles de route, Mme Borne a annonc\u00e9 qu&rsquo;un s\u00e9minaire gouvernemental se d\u00e9roulerait \u00ab\u00a0avant la fin du mois de juin\u00a0\u00bb autour d&rsquo;Emmanuel Macron. Et qu&rsquo;elle-m\u00eame r\u00e9unirait les ministres \u00ab\u00a0dans le m\u00eame format\u00a0\u00bb tous les mois \u00e0 Matignon. (AFP)<\/p>\n","protected":false},"excerpt":{"rendered":"<p>Le pouvoir d&rsquo;achat, la sant\u00e9 et le climat sont les trois \u00ab\u00a0urgences\u00a0\u00bb auxquelles le gouvernement doit s&rsquo;atteler, a indiqu\u00e9 vendredi Elisabeth Borne apr\u00e8s avoir fix\u00e9 \u00ab\u00a0trois mots d&rsquo;ordre\u00a0\u00bb \u00e0 ses ministres r\u00e9unis \u00e0 Matignon: \u00ab\u00a0rapidit\u00e9, efficacit\u00e9 et r\u00e9sultats\u00a0\u00bb. \u00ab\u00a0Les premi\u00e8res semaines de notre action doivent \u00eatre consacr\u00e9es \u00e0 r\u00e9pondre aux urgences des Fran\u00e7ais\u00a0\u00bb, a plaid\u00e9 [&hellip;]<\/p>\n","protected":false},"author":1,"featured_media":11041,"comment_status":"open","ping_status":"closed","sticky":false,"template":"","format":"standard","meta":{"footnotes":""},"categories":[1494],"tags":[208,1577,2353,935],"class_list":["post-11040","post","type-post","status-publish","format-standard","has-post-thumbnail","hentry","category-politique","tag-climat","tag-elisabeth-borne","tag-pouvoir-dachat","tag-sante"],"aioseo_notices":[],"_links":{"self":[{"href":"https:\/\/www.culturalusa.com\/news\/wp-json\/wp\/v2\/posts\/11040","targetHints":{"allow":["GET"]}}],"collection":[{"href":"https:\/\/www.culturalusa.com\/news\/wp-json\/wp\/v2\/posts"}],"about":[{"href":"https:\/\/www.culturalusa.com\/news\/wp-json\/wp\/v2\/types\/post"}],"author":[{"embeddable":true,"href":"https:\/\/www.culturalusa.com\/news\/wp-json\/wp\/v2\/users\/1"}],"replies":[{"embeddable":true,"href":"https:\/\/www.culturalusa.com\/news\/wp-json\/wp\/v2\/comments?post=11040"}],"version-history":[{"count":1,"href":"https:\/\/www.culturalusa.com\/news\/wp-json\/wp\/v2\/posts\/11040\/revisions"}],"predecessor-version":[{"id":11042,"href":"https:\/\/www.culturalusa.com\/news\/wp-json\/wp\/v2\/posts\/11040\/revisions\/11042"}],"wp:featuredmedia":[{"embeddable":true,"href":"https:\/\/www.culturalusa.com\/news\/wp-json\/wp\/v2\/media\/11041"}],"wp:attachment":[{"href":"https:\/\/www.culturalusa.com\/news\/wp-json\/wp\/v2\/media?parent=11040"}],"wp:term":[{"taxonomy":"category","embeddable":true,"href":"https:\/\/www.culturalusa.com\/news\/wp-json\/wp\/v2\/categories?post=11040"},{"taxonomy":"post_tag","embeddable":true,"href":"https:\/\/www.culturalusa.com\/news\/wp-json\/wp\/v2\/tags?post=11040"}],"curies":[{"name":"wp","href":"https:\/\/api.w.org\/{rel}","templated":true}]}}