{"id":11050,"date":"2022-05-30T16:17:12","date_gmt":"2022-05-30T14:17:12","guid":{"rendered":"https:\/\/www.culturalusa.com\/news\/?p=11050"},"modified":"2022-05-30T16:17:12","modified_gmt":"2022-05-30T14:17:12","slug":"lotan-estime-avoir-le-droit-de-deployer-ses-forces-a-lest-de-leurope","status":"publish","type":"post","link":"https:\/\/www.culturalusa.com\/news\/monde\/lotan-estime-avoir-le-droit-de-deployer-ses-forces-a-lest-de-leurope\/","title":{"rendered":"L\u2019Otan estime avoir le droit de d\u00e9ployer ses forces \u00e0 l\u2019est de l\u2019Europe"},"content":{"rendered":"<p>Le chef adjoint de l&rsquo;Otan, Mircea Geoana, a estim\u00e9 que dans le contexte de l&rsquo;invasion russe en Ukraine, l&rsquo;<strong>Alliance atlantique<\/strong> n&rsquo;\u00e9tait plus tenue par ses anciens engagements envers Moscou de ne pas d\u00e9ployer ses forces en Europe orientale.<\/p>\n<blockquote><p>L&rsquo;Acte fondateur sur les relations entre l&rsquo;Otan et la Russie, sign\u00e9 il y a 25 ans, pr\u00e9voyait entre autres des mesures visant \u00e0 \u00ab pr\u00e9venir toute concentration de forces conventionnelles \u00bb, notamment en Europe centrale et orientale.<\/p><\/blockquote>\n<p>Mais en attaquant l&rsquo;Ukraine et en rompant tout dialogue avec l&rsquo;Alliance, la Russie a elle-m\u00eame \u00ab invalid\u00e9 le contenu de cet Acte fondateur \u00bb, a soulign\u00e9 Mircea Geoana dans une interview \u00e0 l&rsquo;Agence France-Presse \u00e0 Vilnius.<\/p>\n<p>Les Russes \u00ab s&rsquo;y \u00e9taient engag\u00e9s \u00e0 ne pas agresser les voisins, c&rsquo;est ce qu&rsquo;ils sont en train de faire, et \u00e0 tenir des consultations r\u00e9guli\u00e8res avec l&rsquo;Otan, ce qu&rsquo;ils ne font pas \u00bb, a pr\u00e9cis\u00e9 Mircea Geoana.<\/p>\n<h3>Une r\u00e9union au sommet \u00e0 la mi-juin<\/h3>\n<p>L&rsquo;Acte fondateur \u00ab ne fonctionne simplement pas, \u00e0 cause de la Russie \u00bb, a-t-il estim\u00e9. Selon le chef adjoint de l&rsquo;Otan, l&rsquo;Alliance n&rsquo;a d\u00e9sormais plus \u00ab aucune restriction \u00bb pour se doter d&rsquo;une \u00ab posture robuste sur le flanc est \u00bb.<\/p>\n<p>En 2017, l&rsquo;Otan a d\u00e9j\u00e0 d\u00e9ploy\u00e9 des groupements tactiques multinationaux dans les \u00c9tats baltes et en Pologne pour dissuader la Russie, puis envoy\u00e9 des renforts apr\u00e8s l&rsquo;invasion russe de l&rsquo;Ukraine fin f\u00e9vrier.<\/p>\n<p>Les \u00c9tats baltes souhaitent actuellement une pr\u00e9sence de l&rsquo;Otan encore plus importante et lui demandent notamment de d\u00e9velopper des brigades, \u00e0 la place de groupements tactiques moins importants.<\/p>\n<p>Les ministres de la D\u00e9fense de l&rsquo;Otan se r\u00e9uniront \u00e0 la mi-juin pour discuter de cette question, et les dirigeants de l&rsquo;Alliance devraient sanctionner les d\u00e9cisions lors du sommet qui se tiendra \u00e0 Madrid \u00e0 la fin du m\u00eame mois. (AFP)<\/p>\n","protected":false},"excerpt":{"rendered":"<p>Le chef adjoint de l&rsquo;Otan, Mircea Geoana, a estim\u00e9 que dans le contexte de l&rsquo;invasion russe en Ukraine, l&rsquo;Alliance atlantique n&rsquo;\u00e9tait plus tenue par ses anciens engagements envers Moscou de ne pas d\u00e9ployer ses forces en Europe orientale. L&rsquo;Acte fondateur sur les relations entre l&rsquo;Otan et la Russie, sign\u00e9 il y a 25 ans, pr\u00e9voyait [&hellip;]<\/p>\n","protected":false},"author":1,"featured_media":11051,"comment_status":"open","ping_status":"closed","sticky":false,"template":"","format":"standard","meta":{"footnotes":""},"categories":[1372],"tags":[2358,2357,667,388,333],"class_list":["post-11050","post","type-post","status-publish","format-standard","has-post-thumbnail","hentry","category-monde","tag-alliance-atlantique","tag-lest-de-leurope","tag-otan","tag-russie","tag-ukraine"],"aioseo_notices":[],"_links":{"self":[{"href":"https:\/\/www.culturalusa.com\/news\/wp-json\/wp\/v2\/posts\/11050","targetHints":{"allow":["GET"]}}],"collection":[{"href":"https:\/\/www.culturalusa.com\/news\/wp-json\/wp\/v2\/posts"}],"about":[{"href":"https:\/\/www.culturalusa.com\/news\/wp-json\/wp\/v2\/types\/post"}],"author":[{"embeddable":true,"href":"https:\/\/www.culturalusa.com\/news\/wp-json\/wp\/v2\/users\/1"}],"replies":[{"embeddable":true,"href":"https:\/\/www.culturalusa.com\/news\/wp-json\/wp\/v2\/comments?post=11050"}],"version-history":[{"count":1,"href":"https:\/\/www.culturalusa.com\/news\/wp-json\/wp\/v2\/posts\/11050\/revisions"}],"predecessor-version":[{"id":11052,"href":"https:\/\/www.culturalusa.com\/news\/wp-json\/wp\/v2\/posts\/11050\/revisions\/11052"}],"wp:featuredmedia":[{"embeddable":true,"href":"https:\/\/www.culturalusa.com\/news\/wp-json\/wp\/v2\/media\/11051"}],"wp:attachment":[{"href":"https:\/\/www.culturalusa.com\/news\/wp-json\/wp\/v2\/media?parent=11050"}],"wp:term":[{"taxonomy":"category","embeddable":true,"href":"https:\/\/www.culturalusa.com\/news\/wp-json\/wp\/v2\/categories?post=11050"},{"taxonomy":"post_tag","embeddable":true,"href":"https:\/\/www.culturalusa.com\/news\/wp-json\/wp\/v2\/tags?post=11050"}],"curies":[{"name":"wp","href":"https:\/\/api.w.org\/{rel}","templated":true}]}}