{"id":11062,"date":"2022-06-03T19:06:33","date_gmt":"2022-06-03T17:06:33","guid":{"rendered":"https:\/\/www.culturalusa.com\/news\/?p=11062"},"modified":"2022-06-03T19:06:33","modified_gmt":"2022-06-03T17:06:33","slug":"uber-taxi-est-interdit-par-la-haute-autorite-judiciaire-suisse","status":"publish","type":"post","link":"https:\/\/www.culturalusa.com\/news\/economie\/uber-taxi-est-interdit-par-la-haute-autorite-judiciaire-suisse\/","title":{"rendered":"Uber Taxi est interdit par la haute autorit\u00e9 judiciaire Suisse"},"content":{"rendered":"<p>La plus haute autorit\u00e9 judiciaire suisse a indiqu\u00e9 vendredi que <strong>les chauffeurs d&rsquo;Uber doivent \u00eatre consid\u00e9r\u00e9s comme des salari\u00e9s<\/strong>, confirmant une d\u00e9cision prise par Gen\u00e8ve qui demande \u00e0 la soci\u00e9t\u00e9 se mettre en r\u00e8gle pour poursuivre ses activit\u00e9s.<\/p>\n<blockquote><p>La Cour de justice du canton de Gen\u00e8ve \u00ab\u00a0n&rsquo;est pas tomb\u00e9e dans l&rsquo;arbitraire concernant le service de transport en retenant une relation de travail entre les chauffeurs Uber op\u00e9rant \u00e0 Gen\u00e8ve\u00a0\u00bb et la soci\u00e9t\u00e9, a indiqu\u00e9 le Tribunal f\u00e9d\u00e9ral dans un communiqu\u00e9.<\/p><\/blockquote>\n<p>\u00ab\u00a0En clair, les chauffeurs d&rsquo;Uber ne pourront plus \u00eatre consid\u00e9r\u00e9s comme des ind\u00e9pendants, mais sont reconnus comme des salari\u00e9s\u00a0\u00bb, ont comment\u00e9 les autorit\u00e9s cantonales genevoises dans un communiqu\u00e9.<\/p>\n<h3>\u00ab\u00a0L&rsquo;entreprise va donc devoir cesser son activit\u00e9 le temps de se mettre en r\u00e8gle avec la loi\u00a0\u00bb, ont-elles ajout\u00e9.<\/h3>\n<p>D\u00e8s samedi minuit, Uber est ainsi interdit de poursuivre son activit\u00e9 sur le territoire genevois.<\/p>\n<p>La saga judiciaire entre Uber et l&rsquo;Etat de Gen\u00e8ve, qui remonte \u00e0 2019, trouve ainsi son \u00e9pilogue.<\/p>\n<p>La d\u00e9cision prise par le Tribunal f\u00e9d\u00e9ral constitue, selon le canton de Gen\u00e8ve, \u00ab\u00a0une avanc\u00e9e majeure pour le respect des conditions de travail, la protection des salari\u00e9s et la lutte contre la concurrence d\u00e9loyale.\u00a0\u00bb<\/p>\n<p>Selon Gen\u00e8ve, cette \u00ab\u00a0victoire (est) d&rsquo;autant plus importante que cette jurisprudence aura des cons\u00e9quences pour tous les cantons suisses\u00a0\u00bb. L&rsquo;option Uber Taxi est d\u00e9j\u00e0 disponible dans de nombreuses villes suisses, comme \u00e0 Berne, Zurich et Lausanne.<\/p>\n<p>Dans un communiqu\u00e9, Uber indique que des centaines de chauffeurs VTC sont concern\u00e9s \u00e0 Gen\u00e8ve.<\/p>\n<p>La soci\u00e9t\u00e9 bas\u00e9e en Californie explique que la d\u00e9cision du Tribunal f\u00e9d\u00e9ral ne leur \u00ab\u00a0laisse pas d&rsquo;autre choix que de suspendre temporairement (ses) services VTC dans le canton pendant que nous prenons \u00e0 nouveau contact avec les autorit\u00e9s respectives pour trouver une solution acceptable pour tous.\u00a0\u00bb<\/p>\n<p>Dans un autre arr\u00eat publi\u00e9 vendredi, concernant cette fois le service de livraison de repas Uber Eats, le Tribunal f\u00e9d\u00e9ral conclut aussi que les livreurs doivent \u00eatre consid\u00e9r\u00e9s comme des employ\u00e9s.<\/p>\n<p>Selon Uber, cette derni\u00e8re d\u00e9cision n&rsquo;a \u00ab\u00a0aucun impact sur (&#8230;) Uber Eats \u00e0 Gen\u00e8ve o\u00f9 nous ne travaillons plus avec des coursiers ind\u00e9pendants\u00a0\u00bb.<\/p>\n<p>Uber a d\u00e9plor\u00e9 que l&rsquo;ensemble des d\u00e9cisions prises par le Tribunal f\u00e9d\u00e9ral \u00ab\u00a0ne tiennent pas compte du fait que les chauffeurs et les coursiers ne veulent pas \u00eatre employ\u00e9s\u00a0\u00bb. (AFP)<\/p>\n","protected":false},"excerpt":{"rendered":"<p>La plus haute autorit\u00e9 judiciaire suisse a indiqu\u00e9 vendredi que les chauffeurs d&rsquo;Uber doivent \u00eatre consid\u00e9r\u00e9s comme des salari\u00e9s, confirmant une d\u00e9cision prise par Gen\u00e8ve qui demande \u00e0 la soci\u00e9t\u00e9 se mettre en r\u00e8gle pour poursuivre ses activit\u00e9s. La Cour de justice du canton de Gen\u00e8ve \u00ab\u00a0n&rsquo;est pas tomb\u00e9e dans l&rsquo;arbitraire concernant le service de [&hellip;]<\/p>\n","protected":false},"author":1,"featured_media":11063,"comment_status":"open","ping_status":"closed","sticky":false,"template":"","format":"standard","meta":{"footnotes":""},"categories":[1],"tags":[2365,2364,2363],"class_list":["post-11062","post","type-post","status-publish","format-standard","has-post-thumbnail","hentry","category-economie","tag-cour-de-justice-de-geneve","tag-suisse","tag-uber-taxi"],"aioseo_notices":[],"_links":{"self":[{"href":"https:\/\/www.culturalusa.com\/news\/wp-json\/wp\/v2\/posts\/11062","targetHints":{"allow":["GET"]}}],"collection":[{"href":"https:\/\/www.culturalusa.com\/news\/wp-json\/wp\/v2\/posts"}],"about":[{"href":"https:\/\/www.culturalusa.com\/news\/wp-json\/wp\/v2\/types\/post"}],"author":[{"embeddable":true,"href":"https:\/\/www.culturalusa.com\/news\/wp-json\/wp\/v2\/users\/1"}],"replies":[{"embeddable":true,"href":"https:\/\/www.culturalusa.com\/news\/wp-json\/wp\/v2\/comments?post=11062"}],"version-history":[{"count":1,"href":"https:\/\/www.culturalusa.com\/news\/wp-json\/wp\/v2\/posts\/11062\/revisions"}],"predecessor-version":[{"id":11064,"href":"https:\/\/www.culturalusa.com\/news\/wp-json\/wp\/v2\/posts\/11062\/revisions\/11064"}],"wp:featuredmedia":[{"embeddable":true,"href":"https:\/\/www.culturalusa.com\/news\/wp-json\/wp\/v2\/media\/11063"}],"wp:attachment":[{"href":"https:\/\/www.culturalusa.com\/news\/wp-json\/wp\/v2\/media?parent=11062"}],"wp:term":[{"taxonomy":"category","embeddable":true,"href":"https:\/\/www.culturalusa.com\/news\/wp-json\/wp\/v2\/categories?post=11062"},{"taxonomy":"post_tag","embeddable":true,"href":"https:\/\/www.culturalusa.com\/news\/wp-json\/wp\/v2\/tags?post=11062"}],"curies":[{"name":"wp","href":"https:\/\/api.w.org\/{rel}","templated":true}]}}