{"id":11066,"date":"2022-06-17T16:49:10","date_gmt":"2022-06-17T14:49:10","guid":{"rendered":"https:\/\/www.culturalusa.com\/news\/?p=11066"},"modified":"2022-06-17T16:49:10","modified_gmt":"2022-06-17T14:49:10","slug":"retraites-pas-dallongement-possible-de-la-duree-de-cotisation-pour-laurent-berger","status":"publish","type":"post","link":"https:\/\/www.culturalusa.com\/news\/economie\/retraites-pas-dallongement-possible-de-la-duree-de-cotisation-pour-laurent-berger\/","title":{"rendered":"Retraites: \u00ab\u00a0pas d&rsquo;allongement possible\u00a0\u00bb de la dur\u00e9e de cotisation pour Laurent Berger"},"content":{"rendered":"<p>Les militants de la CFDT ont donn\u00e9 un \u00ab\u00a0mandat clair\u00a0\u00bb \u00e0 ses dirigeants, en fermant la porte \u00e0 un allongement de la dur\u00e9e de cotisation dans le dossier des retraites, a soulign\u00e9 vendredi le num\u00e9ro un du syndicat Laurent Berger, \u00ab\u00a0\u00e0 l&rsquo;aise\u00a0\u00bb avec cette position.<\/p>\n<p>\u00ab\u00a0Je crois que le congr\u00e8s nous a dit hier [jeudi] qu&rsquo;il n&rsquo;y avait pas d&rsquo;allongement possible\u00a0\u00bb au-del\u00e0 de la loi Touraine, a-t-il soulign\u00e9 au cours d&rsquo;une conf\u00e9rence de presse.<\/p>\n<p>\u00ab\u00a0C&rsquo;\u00e9tait bien pour les congressistes (&#8230;) de rappeler (&#8230;) que la loi Touraine s&rsquo;applique et juste la loi Touraine\u00a0\u00bb, qui pr\u00e9voit un allongement progressif de la dur\u00e9e de cotisation jusqu&rsquo;en 2034, a-t-il ajout\u00e9.<\/p>\n<p>M. Berger commentait un vote des militants, lors du 50e Congr\u00e8s de la CFDT, qui a modifi\u00e9 sa r\u00e9solution g\u00e9n\u00e9rale, autrement dit sa feuille de route pour les quatre ann\u00e9es \u00e0 venir, en affirmant que \u00ab\u00a0l&rsquo;allongement de l&rsquo;esp\u00e9rance de vie ne pouvait justifier une augmentation de l&rsquo;\u00e2ge moyen de liquidation\u00a0\u00bb &#8211; soit la position inverse de celle propos\u00e9e par la direction dans le texte initiale.<\/p>\n<p>M. Berger a soulign\u00e9 que l&rsquo;intention de la direction n&rsquo;\u00e9tait pas de sugg\u00e9rer une augmentation de la dur\u00e9e de cotisation, mais de rappeler que le syst\u00e8me \u00ab\u00a0le plus juste\u00a0\u00bb ne consistait pas selon la CFDT \u00e0 fixer un \u00e2ge de d\u00e9part mais une dur\u00e9e de cotisation, en lien avec l&rsquo;esp\u00e9rance de vie.<\/p>\n<p>Les d\u00e9bats ont en tout cas d\u00e9montr\u00e9 le caract\u00e8re \u00ab\u00a0sensible\u00a0\u00bb du sujet, a-t-il soulign\u00e9. \u00ab\u00a0Je le pensais avant ce congr\u00e8s qu&rsquo;il y avait beaucoup d&rsquo;irritations et beaucoup de tensions potentielles au sujet des retraites, je le pense encore plus apr\u00e8s\u00a0\u00bb, a-t-il dit.<\/p>\n<p>Dans son discours de cl\u00f4ture, M. Berger a insist\u00e9 sur la coh\u00e9sion de la CFDT sur le sujet.<\/p>\n<p>\u00ab\u00a0Pas plus que nous ne r\u00e9clamions de nouvelle hausse de la dur\u00e9e de cotisation hier, nous n&rsquo;en r\u00e9clamerons demain (&#8230;) La CFDT sera d\u00e9termin\u00e9e et unie sur les retraites !\u00a0\u00bb, a-t-il dit lors de son discours de cl\u00f4ture, sous les applaudissements nourris de la salle.<\/p>\n<p>Preuve de cette unit\u00e9 du premier syndicat fran\u00e7ais: sa r\u00e9solution g\u00e9n\u00e9rale a \u00e9t\u00e9 adopt\u00e9e par 90,91% des voix vendredi matin.<\/p>\n","protected":false},"excerpt":{"rendered":"<p>Les militants de la CFDT ont donn\u00e9 un \u00ab\u00a0mandat clair\u00a0\u00bb \u00e0 ses dirigeants, en fermant la porte \u00e0 un allongement de la dur\u00e9e de cotisation dans le dossier des retraites, a soulign\u00e9 vendredi le num\u00e9ro un du syndicat Laurent Berger, \u00ab\u00a0\u00e0 l&rsquo;aise\u00a0\u00bb avec cette position. \u00ab\u00a0Je crois que le congr\u00e8s nous a dit hier [jeudi] [&hellip;]<\/p>\n","protected":false},"author":1,"featured_media":11067,"comment_status":"open","ping_status":"closed","sticky":false,"template":"","format":"standard","meta":{"footnotes":""},"categories":[1],"tags":[1247,932],"class_list":["post-11066","post","type-post","status-publish","format-standard","has-post-thumbnail","hentry","category-economie","tag-economie-france","tag-retraites"],"aioseo_notices":[],"_links":{"self":[{"href":"https:\/\/www.culturalusa.com\/news\/wp-json\/wp\/v2\/posts\/11066","targetHints":{"allow":["GET"]}}],"collection":[{"href":"https:\/\/www.culturalusa.com\/news\/wp-json\/wp\/v2\/posts"}],"about":[{"href":"https:\/\/www.culturalusa.com\/news\/wp-json\/wp\/v2\/types\/post"}],"author":[{"embeddable":true,"href":"https:\/\/www.culturalusa.com\/news\/wp-json\/wp\/v2\/users\/1"}],"replies":[{"embeddable":true,"href":"https:\/\/www.culturalusa.com\/news\/wp-json\/wp\/v2\/comments?post=11066"}],"version-history":[{"count":1,"href":"https:\/\/www.culturalusa.com\/news\/wp-json\/wp\/v2\/posts\/11066\/revisions"}],"predecessor-version":[{"id":11068,"href":"https:\/\/www.culturalusa.com\/news\/wp-json\/wp\/v2\/posts\/11066\/revisions\/11068"}],"wp:featuredmedia":[{"embeddable":true,"href":"https:\/\/www.culturalusa.com\/news\/wp-json\/wp\/v2\/media\/11067"}],"wp:attachment":[{"href":"https:\/\/www.culturalusa.com\/news\/wp-json\/wp\/v2\/media?parent=11066"}],"wp:term":[{"taxonomy":"category","embeddable":true,"href":"https:\/\/www.culturalusa.com\/news\/wp-json\/wp\/v2\/categories?post=11066"},{"taxonomy":"post_tag","embeddable":true,"href":"https:\/\/www.culturalusa.com\/news\/wp-json\/wp\/v2\/tags?post=11066"}],"curies":[{"name":"wp","href":"https:\/\/api.w.org\/{rel}","templated":true}]}}