{"id":11083,"date":"2022-07-01T15:21:56","date_gmt":"2022-07-01T13:21:56","guid":{"rendered":"https:\/\/www.culturalusa.com\/news\/?p=11083"},"modified":"2022-07-01T15:23:14","modified_gmt":"2022-07-01T13:23:14","slug":"lunesco-met-en-garde-contre-des-informations-incompletes-sur-letat-des-mers","status":"publish","type":"post","link":"https:\/\/www.culturalusa.com\/news\/technologie\/lunesco-met-en-garde-contre-des-informations-incompletes-sur-letat-des-mers\/","title":{"rendered":"L&rsquo;UNESCO met en garde contre des informations \u00ab\u00a0incompl\u00e8tes\u00a0\u00bb sur l&rsquo;\u00e9tat des mers"},"content":{"rendered":"<p>L&rsquo;<strong>UNESCO<\/strong> a mis en garde contre des informations \u00ab\u00a0dramatiquement incompl\u00e8tes\u00a0\u00bb sur l&rsquo;\u00e9tat des oc\u00e9ans, dans la pr\u00e9sentation d&rsquo;un rapport qui, dans sa version pilote, manque de chiffres pouvant aider \u00e0 la prise de d\u00e9cision.<\/p>\n<blockquote><p>L&rsquo;\u00c9tat de l&rsquo;oc\u00e9an 2022, qui a \u00e9t\u00e9 pr\u00e9sent\u00e9 \u00e0 la Conf\u00e9rence des Nations Unies sur les oc\u00e9ans \u00e0 Lisbonne, pourrait \u00eatre un \u00ab moment de v\u00e9rit\u00e9 \u00bb pour qu&rsquo;une soci\u00e9t\u00e9 qui \u00ab sait ce qui se passe avec les oc\u00e9ans \u00bb se rende compte que \u00ab la description quantitative est radicalement incomplet \u00bb, a d\u00e9clar\u00e9 Henrik Enevoldsen, directeur du d\u00e9partement des sciences oc\u00e9aniques de cette agence des Nations Unies d\u00e9di\u00e9e \u00e0 la science, \u00e0 l&rsquo;\u00e9ducation et \u00e0 la culture, lors d&rsquo;une conf\u00e9rence de presse.<\/p><\/blockquote>\n<p>Apr\u00e8s l&rsquo;\u00e9dition pilote du rapport, l&rsquo;objectif est d&rsquo;avoir \u00ab\u00a0un rapport court et concis, avec une p\u00e9riodicit\u00e9 courte\u00a0\u00bb, en principe annuelle &#8211; le jour de la Journ\u00e9e des Oc\u00e9ans, le 8 juin -, en compl\u00e9ment d&rsquo;autres \u00e9valuations, comme les rapports du Groupe d&rsquo;experts intergouvernemental l&rsquo;Organisation des Nations Unies sur le <strong>changement climatique<\/strong>.<\/p>\n<p>\u00ab\u00a0Nous manquons de connaissances globales, nous manquons d&rsquo;indicateurs communs cr\u00e9dibles\u00a0\u00bb pour \u00e9valuer l&rsquo;avancement des efforts de restauration des oc\u00e9ans, affect\u00e9s par le changement climatique, la pollution due \u00e0 l&rsquo;activit\u00e9 humaine et la perte de biodiversit\u00e9, entre autres probl\u00e8mes.<\/p>\n<p>Les param\u00e8tres choisis par la Commission oc\u00e9anique intergouvernementale de l&rsquo;UNESCO sont les dix d\u00e9fis d\u00e9finis par l&rsquo;ONU pour sa d\u00e9cennie des oc\u00e9ans, qui dure jusqu&rsquo;en 2030, et qui comprennent la lutte contre la pollution marine, l&rsquo;adaptation des communaut\u00e9s c\u00f4ti\u00e8res, la protection et la restauration de la biodiversit\u00e9 et des \u00e9cosyst\u00e8mes.<\/p>\n<p>Enevoldsen a indiqu\u00e9 qu&rsquo;il est pr\u00e9vu d&rsquo;augmenter les investissements dans les infrastructures et les ressources humaines pour le suivi et la surveillance de l&rsquo;\u00e9tat des oc\u00e9ans afin de permettre de \u00ab\u00a0mieux pr\u00e9dire\u00a0\u00bb \u00e0 quoi s&rsquo;attendre dans le futur, une capacit\u00e9 qui pour le moment est tr\u00e8s limit\u00e9e.<\/p>\n<p>Une autre intention est que les donn\u00e9es collect\u00e9es \u00ab stimulent le d\u00e9bat politique \u00bb et influencent les d\u00e9cisions au niveau mondial.<\/p>\n<h3>\u00ab\u00a0Il y a un besoin urgent d&rsquo;une description quantitative de l&rsquo;\u00e9tat de l&rsquo;oc\u00e9an, avec des param\u00e8tres \u00e9tablis et la capacit\u00e9 de communiquer les changements\u00a0\u00bb, souligne l&rsquo;UNESCO dans le rapport.<\/h3>\n<p>Enevoldsen a soulign\u00e9 qu'\u00a0\u00bbil n&rsquo;y a pas beaucoup d&rsquo;am\u00e9liorations\u00a0\u00bb dans la d\u00e9gradation des oc\u00e9ans, notant qu&rsquo;il y a \u00ab\u00a0de nombreuses initiatives qui vont dans la bonne direction\u00a0\u00bb, mais il n&rsquo;est pas clair qu&rsquo;elles puissent \u00ab\u00a0tenir le rythme\u00a0\u00bb de ce qui se passe. mauvais.<\/p>\n<p>L&rsquo;une des recommandations est qu&rsquo;en renfor\u00e7ant la surveillance et la collecte de donn\u00e9es, \u00ab\u00a0une base th\u00e9orique pour la planification et la gestion durables des oc\u00e9ans, \u00e0 l&rsquo;int\u00e9rieur et au-del\u00e0 des zones de juridiction nationale, ax\u00e9e sur l&rsquo;\u00e9conomie, le climat et la <strong>biodiversit\u00e9 des oc\u00e9ans<\/strong>\u00a0\u00bb soit construite.<\/p>\n","protected":false},"excerpt":{"rendered":"<p>L&rsquo;UNESCO a mis en garde contre des informations \u00ab\u00a0dramatiquement incompl\u00e8tes\u00a0\u00bb sur l&rsquo;\u00e9tat des oc\u00e9ans, dans la pr\u00e9sentation d&rsquo;un rapport qui, dans sa version pilote, manque de chiffres pouvant aider \u00e0 la prise de d\u00e9cision. L&rsquo;\u00c9tat de l&rsquo;oc\u00e9an 2022, qui a \u00e9t\u00e9 pr\u00e9sent\u00e9 \u00e0 la Conf\u00e9rence des Nations Unies sur les oc\u00e9ans \u00e0 Lisbonne, pourrait \u00eatre [&hellip;]<\/p>\n","protected":false},"author":1,"featured_media":11084,"comment_status":"open","ping_status":"closed","sticky":false,"template":"","format":"standard","meta":{"footnotes":""},"categories":[6],"tags":[2372,2373,394,208,2371],"class_list":["post-11083","post","type-post","status-publish","format-standard","has-post-thumbnail","hentry","category-technologie","tag-etat-des-mers","tag-biodiversite-des-oceans","tag-changement-climatique","tag-climat","tag-unesco"],"aioseo_notices":[],"_links":{"self":[{"href":"https:\/\/www.culturalusa.com\/news\/wp-json\/wp\/v2\/posts\/11083","targetHints":{"allow":["GET"]}}],"collection":[{"href":"https:\/\/www.culturalusa.com\/news\/wp-json\/wp\/v2\/posts"}],"about":[{"href":"https:\/\/www.culturalusa.com\/news\/wp-json\/wp\/v2\/types\/post"}],"author":[{"embeddable":true,"href":"https:\/\/www.culturalusa.com\/news\/wp-json\/wp\/v2\/users\/1"}],"replies":[{"embeddable":true,"href":"https:\/\/www.culturalusa.com\/news\/wp-json\/wp\/v2\/comments?post=11083"}],"version-history":[{"count":3,"href":"https:\/\/www.culturalusa.com\/news\/wp-json\/wp\/v2\/posts\/11083\/revisions"}],"predecessor-version":[{"id":11087,"href":"https:\/\/www.culturalusa.com\/news\/wp-json\/wp\/v2\/posts\/11083\/revisions\/11087"}],"wp:featuredmedia":[{"embeddable":true,"href":"https:\/\/www.culturalusa.com\/news\/wp-json\/wp\/v2\/media\/11084"}],"wp:attachment":[{"href":"https:\/\/www.culturalusa.com\/news\/wp-json\/wp\/v2\/media?parent=11083"}],"wp:term":[{"taxonomy":"category","embeddable":true,"href":"https:\/\/www.culturalusa.com\/news\/wp-json\/wp\/v2\/categories?post=11083"},{"taxonomy":"post_tag","embeddable":true,"href":"https:\/\/www.culturalusa.com\/news\/wp-json\/wp\/v2\/tags?post=11083"}],"curies":[{"name":"wp","href":"https:\/\/api.w.org\/{rel}","templated":true}]}}