{"id":11091,"date":"2022-07-04T17:43:17","date_gmt":"2022-07-04T15:43:17","guid":{"rendered":"https:\/\/www.culturalusa.com\/news\/?p=11091"},"modified":"2022-07-04T17:43:17","modified_gmt":"2022-07-04T15:43:17","slug":"prix-alimentaires-bercy-va-lancer-une-enquete-de-linspection-generale-des-finances","status":"publish","type":"post","link":"https:\/\/www.culturalusa.com\/news\/economie\/prix-alimentaires-bercy-va-lancer-une-enquete-de-linspection-generale-des-finances\/","title":{"rendered":"Prix alimentaires : Bercy va lancer une enqu\u00eate de l&rsquo;Inspection g\u00e9n\u00e9rale des finances"},"content":{"rendered":"<p><strong>Le ministre de l&rsquo;Economie Bruno Le Maire<\/strong> a annonc\u00e9 lundi qu&rsquo;il allait lancer une mission de l&rsquo;Inspection g\u00e9n\u00e9rale des finances (IGF) pour s&rsquo;assurer du respect de la loi Egalim obligeant les distributeurs \u00e0 vendre les produits alimentaires avec une marge minimale de 10 % en faveur des producteurs.<\/p>\n<blockquote><p>\u00ab\u00a0Je veux m&rsquo;assurer que ces 10 % reviennent bien aux producteurs\u00a0\u00bb et \u00ab\u00a0je lancerai une mission de l&rsquo;Inspection g\u00e9n\u00e9rale des finances dans les tous prochains jours\u00a0\u00bb, a affirm\u00e9 M. Le Maire.<\/p><\/blockquote>\n<p>\u00ab\u00a0Je propose d&rsquo;y associer des parlementaires et des repr\u00e9sentants du monde agricole pour nous assurer que ces 10 % au-dessus du seuil de revente \u00e0 perte vont bien aux producteurs et ne se perdent pas ailleurs\u00a0\u00bb, a-t-il encore indiqu\u00e9.<\/p>\n<p>La loi Alimentation ou \u00ab\u00a0Egalim\u00a0\u00bb vot\u00e9e en 2018, dans un contexte tr\u00e8s peu inflationniste, avait notamment encadr\u00e9 les promotions et relev\u00e9 le seuil de revente \u00e0 perte, avec pour objectif d&rsquo;enrayer la course aux prix bas en magasin, ce qui \u00e9tait cens\u00e9 profiter au revenu des agriculteurs.<\/p>\n<p>S&rsquo;il s&rsquo;av\u00e8re que les dispositifs de cette loi ne profitent pas aux producteurs, \u00ab\u00a0il faudra r\u00e9fl\u00e9chir \u00e0 la possibilit\u00e9 de les modifier\u00a0\u00bb, indique-t-on au minist\u00e8re de l&rsquo;Economie, en permettant par exemple des promotions \u00e0 50 %, au lieu des 34 % aujourd&rsquo;hui autoris\u00e9s, a sugg\u00e9r\u00e9 Bruno Le Maire.<\/p>\n<p>Dans le contexte actuel de hausse des prix, le pr\u00e9sident du comit\u00e9 strat\u00e9gique des centres E. Leclerc, Michel-Edouard Leclerc, avait demand\u00e9 d\u00e9but avril la suspension partielle de cette r\u00e8gle des 10 % afin de r\u00e9duire ses prix de vente.<\/p>\n<p>La semaine derni\u00e8re, il avait jug\u00e9 \u00ab\u00a0suspectes\u00a0\u00bb certaines hausses de prix demand\u00e9es par les industriels de l&rsquo;agroalimentaire dans le cadre des ren\u00e9gociations annuelles sur les prix des produits alimentaires.<\/p>\n<p>Il avait aussi appel\u00e9 \u00e0 la cr\u00e9ation d&rsquo;une commission d&rsquo;enqu\u00eate parlementaire, une demande reprise vendredi par les d\u00e9put\u00e9s de La France insoumise.<\/p>\n<p>De son c\u00f4t\u00e9, le S\u00e9nat a promis de faire un \u00ab\u00a0premier bilan\u00a0\u00bb des causes de l&rsquo;inflation le 20 juillet dans le cadre du groupe de suivi en cours sur la loi Egalim.<\/p>\n<p>A Bercy, on souligne que la Direction g\u00e9n\u00e9rale de la concurrence, de la consommation et de la r\u00e9pression des fraudes a r\u00e9alis\u00e9 plus de 1.200 contr\u00f4les depuis le d\u00e9but de l&rsquo;ann\u00e9e sur le secteur alimentaire. Ces contr\u00f4les seront renforc\u00e9s, via des enqu\u00eates \u00ab\u00a0par fili\u00e8re enti\u00e8re\u00a0\u00bb, a indiqu\u00e9 Bruno Le Maire. \u00ab\u00a0Nous ne laisserons pas passer les profiteurs de la crise\u00a0\u00bb, a-t-il insist\u00e9.<\/p>\n<p>Un \u00ab\u00a0guichet unique\u00a0\u00bb sera op\u00e9rationnel d\u00e8s mardi pour que les entreprises signalent les \u00ab\u00a0irr\u00e9gularit\u00e9s\u00a0\u00bb qu&rsquo;elles constateraient dans la formation des prix. (AFP)<\/p>\n","protected":false},"excerpt":{"rendered":"<p>Le ministre de l&rsquo;Economie Bruno Le Maire a annonc\u00e9 lundi qu&rsquo;il allait lancer une mission de l&rsquo;Inspection g\u00e9n\u00e9rale des finances (IGF) pour s&rsquo;assurer du respect de la loi Egalim obligeant les distributeurs \u00e0 vendre les produits alimentaires avec une marge minimale de 10 % en faveur des producteurs. \u00ab\u00a0Je veux m&rsquo;assurer que ces 10 % [&hellip;]<\/p>\n","protected":false},"author":1,"featured_media":7264,"comment_status":"open","ping_status":"closed","sticky":false,"template":"","format":"standard","meta":{"footnotes":""},"categories":[1],"tags":[2376,1782,2377,2353,2375],"class_list":["post-11091","post","type-post","status-publish","format-standard","has-post-thumbnail","hentry","category-economie","tag-bercy","tag-bruno-le-maire","tag-inspection-generale-des-finances","tag-pouvoir-dachat","tag-prix-alimentaires"],"aioseo_notices":[],"_links":{"self":[{"href":"https:\/\/www.culturalusa.com\/news\/wp-json\/wp\/v2\/posts\/11091","targetHints":{"allow":["GET"]}}],"collection":[{"href":"https:\/\/www.culturalusa.com\/news\/wp-json\/wp\/v2\/posts"}],"about":[{"href":"https:\/\/www.culturalusa.com\/news\/wp-json\/wp\/v2\/types\/post"}],"author":[{"embeddable":true,"href":"https:\/\/www.culturalusa.com\/news\/wp-json\/wp\/v2\/users\/1"}],"replies":[{"embeddable":true,"href":"https:\/\/www.culturalusa.com\/news\/wp-json\/wp\/v2\/comments?post=11091"}],"version-history":[{"count":1,"href":"https:\/\/www.culturalusa.com\/news\/wp-json\/wp\/v2\/posts\/11091\/revisions"}],"predecessor-version":[{"id":11092,"href":"https:\/\/www.culturalusa.com\/news\/wp-json\/wp\/v2\/posts\/11091\/revisions\/11092"}],"wp:featuredmedia":[{"embeddable":true,"href":"https:\/\/www.culturalusa.com\/news\/wp-json\/wp\/v2\/media\/7264"}],"wp:attachment":[{"href":"https:\/\/www.culturalusa.com\/news\/wp-json\/wp\/v2\/media?parent=11091"}],"wp:term":[{"taxonomy":"category","embeddable":true,"href":"https:\/\/www.culturalusa.com\/news\/wp-json\/wp\/v2\/categories?post=11091"},{"taxonomy":"post_tag","embeddable":true,"href":"https:\/\/www.culturalusa.com\/news\/wp-json\/wp\/v2\/tags?post=11091"}],"curies":[{"name":"wp","href":"https:\/\/api.w.org\/{rel}","templated":true}]}}