{"id":11097,"date":"2022-07-06T12:24:20","date_gmt":"2022-07-06T10:24:20","guid":{"rendered":"https:\/\/www.culturalusa.com\/news\/?p=11097"},"modified":"2022-07-06T12:24:34","modified_gmt":"2022-07-06T10:24:34","slug":"le-regulateur-allemand-place-amazon-sous-surveillance-renforcee","status":"publish","type":"post","link":"https:\/\/www.culturalusa.com\/news\/monde\/le-regulateur-allemand-place-amazon-sous-surveillance-renforcee\/","title":{"rendered":"Le r\u00e9gulateur allemand place Amazon sous surveillance renforc\u00e9e"},"content":{"rendered":"<p>Le gendarme allemand de la <strong>concurrence<\/strong> a annonc\u00e9 mercredi avoir plac\u00e9 l&rsquo;am\u00e9ricain Amazon sous surveillance renforc\u00e9e, en vertu d&rsquo;une loi de 2021 \u00e9tendant ses pouvoirs face aux g\u00e9ants du net.<\/p>\n<blockquote><p>Apr\u00e8s une enqu\u00eate de plusieurs mois, l&rsquo;Office f\u00e9d\u00e9ral anti-cartel a indiqu\u00e9 dans un communiqu\u00e9 avoir d\u00e9termin\u00e9 que le groupe Amazon \u00e9tait une entreprise d\u00e9tenant une \u00ab\u00a0importance primordiale pour la concurrence sur les march\u00e9s\u00a0\u00bb.<\/p><\/blockquote>\n<p>Le r\u00e9gulateur peut \u00ab\u00a0d\u00e9sormais prendre des mesures contre des pratiques anticoncurrentielles sp\u00e9cifiques\u00a0\u00bb d&rsquo;Amazon, a indiqu\u00e9 l&rsquo;institution, sans pr\u00e9ciser la nature de ces pratiques.<\/p>\n<h3>L&rsquo;Office anti-cartel applique une loi entr\u00e9e en vigueur l&rsquo;an dernier, qui renforce ses pouvoirs face aux entreprises, essentiellement num\u00e9riques, dominant leur march\u00e9.<\/h3>\n<p>Elle permet notamment de prendre des mesures imm\u00e9diates pour emp\u00eacher certaines pratiques <strong>anticoncurrentielles<\/strong>.<\/p>\n<p>Seule condition: que l&rsquo;entreprise soit consid\u00e9r\u00e9e en situation d'\u00a0\u00bbimportance primordiale pour la concurrence sur les march\u00e9s\u00a0\u00bb.<\/p>\n<p>C&rsquo;est le cas pour Amazon, selon l&rsquo;Office anti-cartel: \u00ab\u00a0Amazon, gr\u00e2ce sa plateforme commerciale, occupe une position strat\u00e9gique et centrale dans le commerce en ligne en Allemagne\u00a0\u00bb, justifie-t-il dans son communiqu\u00e9.<\/p>\n<blockquote><p>Le groupe am\u00e9ricain, qui d\u00e9tient \u00ab\u00a0une part de 70%\u00a0\u00bb sur le march\u00e9 du commerce en ligne, exerce lui-m\u00eame une \u00ab\u00a0activit\u00e9 de vente\u00a0\u00bb de ses propres produits sur sa plateforme, et concurrence donc les autres vendeurs.<\/p><\/blockquote>\n<p>Il dispose par ailleurs \u00ab\u00a0de ressources consid\u00e9rables\u00a0\u00bb en mati\u00e8re de \u00ab\u00a0donn\u00e9es\u00a0\u00bb des entreprises concurrentes, ce qui lui donne un avantage disproportionn\u00e9.<\/p>\n<p>Amazon peut donc \u00ab\u00a0contr\u00f4ler l&rsquo;acc\u00e8s des autres entreprises\u00a0\u00bb, ses propres concurrentes, \u00e0 sa plateforme, et donc \u00ab\u00a0influencer consid\u00e9rablement\u00a0\u00bb leur \u00ab\u00a0succ\u00e8s commercial\u00a0\u00bb.<\/p>\n<p>Au cours des derniers mois, Alphabet, la maison m\u00e8re de Google, et Meta, qui g\u00e8re Facebook, ont eux aussi \u00e9t\u00e9 mis sous surveillance renforc\u00e9e par le r\u00e9gulateur allemand qui a constat\u00e9 leur \u00ab\u00a0importance primordiale\u00a0\u00bb.<\/p>\n<h3>Avec cette loi, l&rsquo;Allemagne fait figure de pionni\u00e8re dans la lutte contre les pratiques anti-concurrentielles des g\u00e9ants du num\u00e9rique en Europe.<\/h3>\n<p>Elle s&rsquo;inscrit dans un contexte d&rsquo;offensive contre les g\u00e9ants am\u00e9ricains du num\u00e9rique ces derni\u00e8res ann\u00e9es partout en Europe. (AFP)<\/p>\n","protected":false},"excerpt":{"rendered":"<p>Le gendarme allemand de la concurrence a annonc\u00e9 mercredi avoir plac\u00e9 l&rsquo;am\u00e9ricain Amazon sous surveillance renforc\u00e9e, en vertu d&rsquo;une loi de 2021 \u00e9tendant ses pouvoirs face aux g\u00e9ants du net. Apr\u00e8s une enqu\u00eate de plusieurs mois, l&rsquo;Office f\u00e9d\u00e9ral anti-cartel a indiqu\u00e9 dans un communiqu\u00e9 avoir d\u00e9termin\u00e9 que le groupe Amazon \u00e9tait une entreprise d\u00e9tenant une [&hellip;]<\/p>\n","protected":false},"author":1,"featured_media":11098,"comment_status":"open","ping_status":"closed","sticky":false,"template":"","format":"standard","meta":{"footnotes":""},"categories":[1372],"tags":[364,2380,2378,2379],"class_list":["post-11097","post","type-post","status-publish","format-standard","has-post-thumbnail","hentry","category-monde","tag-amazon","tag-anticoncurrentielles","tag-concurrence","tag-regulateur-allemand"],"aioseo_notices":[],"_links":{"self":[{"href":"https:\/\/www.culturalusa.com\/news\/wp-json\/wp\/v2\/posts\/11097","targetHints":{"allow":["GET"]}}],"collection":[{"href":"https:\/\/www.culturalusa.com\/news\/wp-json\/wp\/v2\/posts"}],"about":[{"href":"https:\/\/www.culturalusa.com\/news\/wp-json\/wp\/v2\/types\/post"}],"author":[{"embeddable":true,"href":"https:\/\/www.culturalusa.com\/news\/wp-json\/wp\/v2\/users\/1"}],"replies":[{"embeddable":true,"href":"https:\/\/www.culturalusa.com\/news\/wp-json\/wp\/v2\/comments?post=11097"}],"version-history":[{"count":1,"href":"https:\/\/www.culturalusa.com\/news\/wp-json\/wp\/v2\/posts\/11097\/revisions"}],"predecessor-version":[{"id":11099,"href":"https:\/\/www.culturalusa.com\/news\/wp-json\/wp\/v2\/posts\/11097\/revisions\/11099"}],"wp:featuredmedia":[{"embeddable":true,"href":"https:\/\/www.culturalusa.com\/news\/wp-json\/wp\/v2\/media\/11098"}],"wp:attachment":[{"href":"https:\/\/www.culturalusa.com\/news\/wp-json\/wp\/v2\/media?parent=11097"}],"wp:term":[{"taxonomy":"category","embeddable":true,"href":"https:\/\/www.culturalusa.com\/news\/wp-json\/wp\/v2\/categories?post=11097"},{"taxonomy":"post_tag","embeddable":true,"href":"https:\/\/www.culturalusa.com\/news\/wp-json\/wp\/v2\/tags?post=11097"}],"curies":[{"name":"wp","href":"https:\/\/api.w.org\/{rel}","templated":true}]}}