{"id":11101,"date":"2022-07-08T15:18:11","date_gmt":"2022-07-08T13:18:11","guid":{"rendered":"https:\/\/www.culturalusa.com\/news\/?p=11101"},"modified":"2022-07-08T15:18:11","modified_gmt":"2022-07-08T13:18:11","slug":"leurope-est-en-tete-dans-le-monde-mais-risque-le-decrochage-face-aux-etats-unis-et-a-lasie","status":"publish","type":"post","link":"https:\/\/www.culturalusa.com\/news\/economie\/leurope-est-en-tete-dans-le-monde-mais-risque-le-decrochage-face-aux-etats-unis-et-a-lasie\/","title":{"rendered":"L&rsquo;Europe est en t\u00eate dans le monde, mais risque le d\u00e9crochage face aux Etats-Unis et \u00e0 l&rsquo;Asie"},"content":{"rendered":"<p>Selon une \u00e9tude, <strong>l&rsquo;Europe est en t\u00eate dans le monde pour les indicateurs de d\u00e9veloppement humain mais son mod\u00e8le est en p\u00e9ril face aux Etats-Unis et \u00e0 la Chine<\/strong> qui affichent une croissance plus forte gr\u00e2ce aux <strong>nouvelles technologies<\/strong>, selon une \u00e9tude publi\u00e9e vendredi par le cabinet McKinsey.<\/p>\n<p>Les habitants de l&rsquo;Union europ\u00e9enne ont une esp\u00e9rance de vie moyenne de 81 ans, contre 79 pour les Am\u00e9ricains et 77 pour les Chinois, tandis que les \u00e9missions de CO2 par habitant sont plus faibles et diminuent plus rapidement en Europe, rappelle le cabinet.<\/p>\n<h3><strong>Mais ces avantages du Vieux Continent sont selon McKinsey menac\u00e9s par son retard dans les nouvelles technologies<\/strong>, qui ne sont pas \u00ab\u00a0un secteur d&rsquo;activit\u00e9 parmi d&rsquo;autres dans lequel l&rsquo;Europe pourrait \u00e9ventuellement se permettre d&rsquo;\u00eatre distanc\u00e9e\u00a0\u00bb, selon l&rsquo;\u00e9tude publi\u00e9e \u00e0 l&rsquo;occasion des Rencontres \u00e9conomiques d&rsquo;Aix-en-Provence, qui r\u00e9unissent de vendredi \u00e0 dimanche plus de 300 \u00e9conomistes, responsables gouvernementaux et chefs d&rsquo;entreprise.<\/h3>\n<p>Aujourd&rsquo;hui \u00ab\u00a0une dizaine de domaines technologiques sont devenus transverses au reste de l&rsquo;\u00e9conomie\u00a0\u00bb et sont d\u00e9terminants pour la comp\u00e9titivit\u00e9, que ce soit dans l&rsquo;industrie ou les services, affirment les auteurs de l&rsquo;\u00e9tude.<\/p>\n<p>L&rsquo;Europe est en pointe dans les mat\u00e9riaux avanc\u00e9s et les technologies vertes mais elle est distanci\u00e9e dans les infrastructures informatiques distribu\u00e9es (le \u00ab\u00a0cloud\u00a0\u00bb), l&rsquo;ordinateur du futur, l&rsquo;intelligence artificielle, les logiciels, la confiance num\u00e9rique. Elle est partiellement \u00e0 la hauteur pour l&rsquo;automatisation, la connectivit\u00e9 et les biotechs.<\/p>\n<blockquote><p>Le retard europ\u00e9en, \u00ab\u00a0s&rsquo;il devait se confirmer dans les prochaines ann\u00e9es sur les nouvelles ruptures en phase de maturation, induirait un lourd co\u00fbt d&rsquo;opportunit\u00e9 \u00e9conomique\u00a0\u00bb, met en garde McKinsey.<\/p><\/blockquote>\n<p>Mais \u00ab\u00a0nos champions technologiques nationaux, qu&rsquo;ils soient allemands, fran\u00e7ais, espagnols, ont encore des difficult\u00e9s \u00e0 sortir de leurs fronti\u00e8res nationales et \u00e0 gagner en \u00e9chelle\u00a0\u00bb, a expliqu\u00e9 \u00e0 l&rsquo;AFP Clarisse Magnin-Mallez, directrice g\u00e9n\u00e9rale de McKinsey en France et co-auteure de l&rsquo;\u00e9tude.<\/p>\n<p>Cela est notamment d\u00fb aux \u00ab\u00a0r\u00e8gles sociales et fiscales \u00e0 l&rsquo;int\u00e9rieur de l&rsquo;Europe qui ne sont pas suffisamment homog\u00e8nes. On cumule ainsi deux inconv\u00e9nients: un paysage tr\u00e8s morcel\u00e9 et une concurrence entre pays sur certains \u00e9l\u00e9ments\u00a0\u00bb, selon la directrice de McKinsey qui veut \u00ab\u00a0favoriser les fusions-acquisitions n\u00e9cessaires \u00e0 la souverainet\u00e9 europ\u00e9enne\u00a0\u00bb.<\/p>\n<p>Une autre raison est qu'\u00a0\u00bbon ne met pas assez de ressources dans le syst\u00e8me \u00e9ducatif: on se retrouve avec un double d\u00e9ficit de comp\u00e9tences et d&rsquo;attractivit\u00e9. Les immigrants dits +inventeurs+ sont deux fois plus nombreux \u00e0 choisir les \u00c9tats-Unis plut\u00f4t que l&rsquo;Europe\u00a0\u00bb, d\u00e9plore aussi Clarisse Magnin-Mallez.<\/p>\n","protected":false},"excerpt":{"rendered":"<p>Selon une \u00e9tude, l&rsquo;Europe est en t\u00eate dans le monde pour les indicateurs de d\u00e9veloppement humain mais son mod\u00e8le est en p\u00e9ril face aux Etats-Unis et \u00e0 la Chine qui affichent une croissance plus forte gr\u00e2ce aux nouvelles technologies, selon une \u00e9tude publi\u00e9e vendredi par le cabinet McKinsey. Les habitants de l&rsquo;Union europ\u00e9enne ont une [&hellip;]<\/p>\n","protected":false},"author":1,"featured_media":11102,"comment_status":"open","ping_status":"closed","sticky":false,"template":"","format":"standard","meta":{"footnotes":""},"categories":[1],"tags":[1929,513,85,2381],"class_list":["post-11101","post","type-post","status-publish","format-standard","has-post-thumbnail","hentry","category-economie","tag-asie","tag-etats-unis","tag-europe","tag-nouvelles-technologies"],"aioseo_notices":[],"_links":{"self":[{"href":"https:\/\/www.culturalusa.com\/news\/wp-json\/wp\/v2\/posts\/11101","targetHints":{"allow":["GET"]}}],"collection":[{"href":"https:\/\/www.culturalusa.com\/news\/wp-json\/wp\/v2\/posts"}],"about":[{"href":"https:\/\/www.culturalusa.com\/news\/wp-json\/wp\/v2\/types\/post"}],"author":[{"embeddable":true,"href":"https:\/\/www.culturalusa.com\/news\/wp-json\/wp\/v2\/users\/1"}],"replies":[{"embeddable":true,"href":"https:\/\/www.culturalusa.com\/news\/wp-json\/wp\/v2\/comments?post=11101"}],"version-history":[{"count":1,"href":"https:\/\/www.culturalusa.com\/news\/wp-json\/wp\/v2\/posts\/11101\/revisions"}],"predecessor-version":[{"id":11103,"href":"https:\/\/www.culturalusa.com\/news\/wp-json\/wp\/v2\/posts\/11101\/revisions\/11103"}],"wp:featuredmedia":[{"embeddable":true,"href":"https:\/\/www.culturalusa.com\/news\/wp-json\/wp\/v2\/media\/11102"}],"wp:attachment":[{"href":"https:\/\/www.culturalusa.com\/news\/wp-json\/wp\/v2\/media?parent=11101"}],"wp:term":[{"taxonomy":"category","embeddable":true,"href":"https:\/\/www.culturalusa.com\/news\/wp-json\/wp\/v2\/categories?post=11101"},{"taxonomy":"post_tag","embeddable":true,"href":"https:\/\/www.culturalusa.com\/news\/wp-json\/wp\/v2\/tags?post=11101"}],"curies":[{"name":"wp","href":"https:\/\/api.w.org\/{rel}","templated":true}]}}