{"id":11104,"date":"2022-07-12T11:26:29","date_gmt":"2022-07-12T09:26:29","guid":{"rendered":"https:\/\/www.culturalusa.com\/news\/?p=11104"},"modified":"2022-07-12T11:26:29","modified_gmt":"2022-07-12T09:26:29","slug":"covid-19-plus-de-150-000-morts-en-france-depuis-le-debut-de-lepidemie","status":"publish","type":"post","link":"https:\/\/www.culturalusa.com\/news\/actualite\/covid-19-plus-de-150-000-morts-en-france-depuis-le-debut-de-lepidemie\/","title":{"rendered":"Covid-19 : plus de 150.000 morts en France depuis le d\u00e9but de l&rsquo;\u00e9pid\u00e9mie"},"content":{"rendered":"<p><strong>Le seuil des 150.000 d\u00e9c\u00e8s li\u00e9s au Covid-19 a \u00e9t\u00e9 franchi vendredi en France<\/strong>, o\u00f9 l&rsquo;\u00e9pid\u00e9mie s\u00e9vit depuis d\u00e9but 2020, sur fond de forte hausse des contaminations, selon les chiffres de Sant\u00e9 publique France.<\/p>\n<blockquote><p>Avec 74 personnes mortes \u00e0 l&rsquo;h\u00f4pital des suites de la maladie en 24 heures, le nombre de d\u00e9c\u00e8s a d\u00e9pass\u00e9 les 150.000 (150.017, dont plus de 121.000 \u00e0 l&rsquo;h\u00f4pital). La barre des 140.000 avait \u00e9t\u00e9 franchie le 11 mars, deux ans apr\u00e8s le d\u00e9but de la pand\u00e9mie.<\/p><\/blockquote>\n<p><span style=\"color: #800000;\"><strong>La France en est \u00e0 sa septi\u00e8me vague de l&rsquo;\u00e9pid\u00e9mie<\/strong><\/span>, qui a d\u00e9marr\u00e9 fin mai, pouss\u00e9e par des sous-variants d&rsquo;Omicron. Elle se traduit par une forte hausse des contaminations, tandis que la circulation du virus continue de s&rsquo;intensifier sur le territoire et que la date du pic \u00e9pid\u00e9mique reste incertaine.<\/p>\n<p>Jeudi soir on comptabilisait ainsi plus de 160.000 cas, avec 17.719 patients hospitalis\u00e9s, dont 1.523 nouvelles admissions.<\/p>\n<p>Selon les derni\u00e8res projections publi\u00e9es par l&rsquo;Institut Pasteur, les hospitalisations li\u00e9es au Covid vont encore monter dans les jours qui viennent, les chercheurs tablant sur quelque 1.700 admissions quotidiennes \u00e0 l&rsquo;h\u00f4pital \u00e0 l&rsquo;horizon du 18 juillet, contre autour d&rsquo;un millier ces jours-ci.<\/p>\n<p>Vendredi dans son point hebdomadaire, Sant\u00e9 publique France a fait \u00e9tat d&rsquo;une forte augmentation des r\u00e9infections au Covid, qui atteignent d\u00e9sormais 12 % des cas confirm\u00e9s.<\/p>\n<h3>\u00ab\u00a0La hausse est continue depuis l&rsquo;arriv\u00e9e de la vague Omicron\u00a0\u00bb, a comment\u00e9 Vincent Auvigne, \u00e9pid\u00e9miologiste de SpF.<\/h3>\n<p>Malgr\u00e9 un nombre \u00e9lev\u00e9 de r\u00e9infections par un sous-variant d&rsquo;Omicron apr\u00e8s une premi\u00e8re infection par un autre sous-variant d&rsquo;Omicron (44 % des cas), \u00ab\u00a0la probabilit\u00e9 pour qu&rsquo;une r\u00e9infection survienne actuellement apr\u00e8s une premi\u00e8re infection par un autre variant (Alpha, Delta ou autre)\u00a0\u00bb \u00ab\u00a0reste nettement plus \u00e9lev\u00e9e\u00a0\u00bb, souligne l&rsquo;agence.<\/p>\n<p>Et \u00ab\u00a0plus la premi\u00e8re contamination s&rsquo;\u00e9loigne dans le temps, plus la probabilit\u00e9 d&rsquo;une r\u00e9infection va augmenter\u00a0\u00bb, a pr\u00e9cis\u00e9 M. Auvigne.<\/p>\n<p>Le nouveau ministre de la Sant\u00e9, Fran\u00e7ois Braun, a \u00e9voqu\u00e9 la septi\u00e8me vague de Covid au moment des premiers d\u00e9parts en vacances, alors que le port du masque est recommand\u00e9, mais pas obligatoire.<\/p>\n<p>\u00ab\u00a0Je demande aux Fran\u00e7ais pour ce jour de grand d\u00e9part en vacances de mettre le masque dans les trains, dans les bus, dans tous les endroits o\u00f9 on est un peu les uns sur les autres\u00a0\u00bb, a-t-il insist\u00e9.<\/p>\n<p>L&rsquo;ensemble des restrictions sanitaires a \u00e9t\u00e9 lev\u00e9 au printemps, et l&rsquo;ex\u00e9cutif ne souhaite pas \u00e0 ce stade remettre en place des mesures contraignantes. (AFP)<\/p>\n","protected":false},"excerpt":{"rendered":"<p>Le seuil des 150.000 d\u00e9c\u00e8s li\u00e9s au Covid-19 a \u00e9t\u00e9 franchi vendredi en France, o\u00f9 l&rsquo;\u00e9pid\u00e9mie s\u00e9vit depuis d\u00e9but 2020, sur fond de forte hausse des contaminations, selon les chiffres de Sant\u00e9 publique France. Avec 74 personnes mortes \u00e0 l&rsquo;h\u00f4pital des suites de la maladie en 24 heures, le nombre de d\u00e9c\u00e8s a d\u00e9pass\u00e9 les [&hellip;]<\/p>\n","protected":false},"author":1,"featured_media":11105,"comment_status":"open","ping_status":"closed","sticky":false,"template":"","format":"standard","meta":{"footnotes":""},"categories":[30],"tags":[2382,1206,1214,2135],"class_list":["post-11104","post","type-post","status-publish","format-standard","has-post-thumbnail","hentry","category-actualite","tag-150-000-morts-en-france","tag-epidemie","tag-covid-19","tag-omicron"],"aioseo_notices":[],"_links":{"self":[{"href":"https:\/\/www.culturalusa.com\/news\/wp-json\/wp\/v2\/posts\/11104","targetHints":{"allow":["GET"]}}],"collection":[{"href":"https:\/\/www.culturalusa.com\/news\/wp-json\/wp\/v2\/posts"}],"about":[{"href":"https:\/\/www.culturalusa.com\/news\/wp-json\/wp\/v2\/types\/post"}],"author":[{"embeddable":true,"href":"https:\/\/www.culturalusa.com\/news\/wp-json\/wp\/v2\/users\/1"}],"replies":[{"embeddable":true,"href":"https:\/\/www.culturalusa.com\/news\/wp-json\/wp\/v2\/comments?post=11104"}],"version-history":[{"count":1,"href":"https:\/\/www.culturalusa.com\/news\/wp-json\/wp\/v2\/posts\/11104\/revisions"}],"predecessor-version":[{"id":11106,"href":"https:\/\/www.culturalusa.com\/news\/wp-json\/wp\/v2\/posts\/11104\/revisions\/11106"}],"wp:featuredmedia":[{"embeddable":true,"href":"https:\/\/www.culturalusa.com\/news\/wp-json\/wp\/v2\/media\/11105"}],"wp:attachment":[{"href":"https:\/\/www.culturalusa.com\/news\/wp-json\/wp\/v2\/media?parent=11104"}],"wp:term":[{"taxonomy":"category","embeddable":true,"href":"https:\/\/www.culturalusa.com\/news\/wp-json\/wp\/v2\/categories?post=11104"},{"taxonomy":"post_tag","embeddable":true,"href":"https:\/\/www.culturalusa.com\/news\/wp-json\/wp\/v2\/tags?post=11104"}],"curies":[{"name":"wp","href":"https:\/\/api.w.org\/{rel}","templated":true}]}}