{"id":11117,"date":"2022-07-18T17:53:34","date_gmt":"2022-07-18T15:53:34","guid":{"rendered":"https:\/\/www.culturalusa.com\/news\/?p=11117"},"modified":"2022-07-18T17:53:34","modified_gmt":"2022-07-18T15:53:34","slug":"gaz-lue-se-tourne-vers-lazerbaidjan-pour-diversifier-ses-approvisionnements","status":"publish","type":"post","link":"https:\/\/www.culturalusa.com\/news\/economie\/gaz-lue-se-tourne-vers-lazerbaidjan-pour-diversifier-ses-approvisionnements\/","title":{"rendered":"Gaz : l&rsquo;UE se tourne vers l&rsquo;Azerba\u00efdjan pour diversifier ses approvisionnements"},"content":{"rendered":"<p>L&rsquo;<strong>Union europ\u00e9enne<\/strong> a annonc\u00e9 un accord avec l&rsquo;<strong>Azerba\u00efdjan<\/strong> pour doubler en \u00ab\u00a0quelques ann\u00e9es\u00a0\u00bb ses importations de gaz naturel depuis ce pays du Caucase, les Europ\u00e9ens s&rsquo;effor\u00e7ant de se d\u00e9faire de leur d\u00e9pendance de la Russie en pleine guerre en Ukraine.<\/p>\n<blockquote><p>L&rsquo;annonce a \u00e9t\u00e9 faite lors d&rsquo;un d\u00e9placement \u00e0 Bakou de la pr\u00e9sidente de la Commission europ\u00e9enne, Ursula von der Leyen, qui a sign\u00e9 avec le dirigeant azerba\u00efdjanais, Ilham Aliev, un protocole d&rsquo;entente en ce sens. L\u2019Azerba\u00efdjan est une ex-r\u00e9publique sovi\u00e9tique qui renforce ses liens avec l&rsquo;Occident et la Turquie tout en m\u00e9nageant la Russie.<\/p><\/blockquote>\n<p>L&rsquo;urgence de diversifier les approvisionnements \u00e9nerg\u00e9tiques de l&rsquo;Europe se fait d&rsquo;autant plus sentir \u00e0 Bruxelles que Moscou a r\u00e9duit le d\u00e9bit du gaz ces derni\u00e8res semaines, au moment m\u00eame ou les pays europ\u00e9ens doivent remplir leurs r\u00e9serves avant l&rsquo;hiver.<\/p>\n<p>L&rsquo;UE importe actuellement 8,1 milliards de m\u00e8tres cubes de gaz naturel via le corridor gazier sud-europ\u00e9en, un ensemble de gazoducs qui partent d&rsquo;Azerba\u00efdjan pour d\u00e9boucher en Europe en passant par la G\u00e9orgie et la Turquie.<\/p>\n<h3>Avec l&rsquo;accord annonc\u00e9 lundi, \u00ab\u00a0nous voulons \u00e9tendre sa capacit\u00e9 \u00e0 20 milliards de m\u00e8tres cubes par an d&rsquo;ici quelques ann\u00e9es\u00a0\u00bb, a d\u00e9clar\u00e9 Mme von der Leyen lors d&rsquo;une d\u00e9claration \u00e0 la presse conjointe avec M. Aliev, avec un objectif interm\u00e9diaire de 12 milliards de m\u00e8tres cubes d\u00e8s 2023.<\/h3>\n<p>\u00ab\u00a0Cela aidera \u00e0 compenser les coupes dans les livraisons de gaz russe et contribuera de fa\u00e7on significative \u00e0 la s\u00e9curit\u00e9 d&rsquo;approvisionnement de l&rsquo;Europe\u00a0\u00bb, a-t-elle ajout\u00e9.<\/p>\n<p>\u00ab\u00a0Avant m\u00eame l&rsquo;invasion brutale de l&rsquo;Ukraine par la Russie, les livraisons de gaz russe \u00e0 l&rsquo;Europe avaient cess\u00e9 d&rsquo;\u00eatre fiables. L&rsquo;Union europ\u00e9enne a donc d\u00e9cid\u00e9 de (&#8230;) se tourner vers des fournisseurs plus fiables et dignes de confiance\u00a0\u00bb, a soulign\u00e9 Mme von der Leyen. \u00ab\u00a0L&rsquo;Azerba\u00efdjan en fait partie\u00a0\u00bb.<\/p>\n<p>De son c\u00f4t\u00e9, M. Aliev a estim\u00e9 que l&rsquo;accord annonc\u00e9 lundi repr\u00e9sentait une \u00ab\u00a0feuille de route pour l&rsquo;avenir\u00a0\u00bb.<\/p>\n<p>Il a soulign\u00e9 que l&rsquo;exploitation de nouveaux gisements permettrait d'\u00a0\u00bbaugmenter la production de gaz naturel dans les prochaines ann\u00e9es\u00a0\u00bb.<\/p>\n<h3>Diversification tous azimuts<\/h3>\n<p>Depuis l&rsquo;invasion de l&rsquo;Ukraine par la Russie fin f\u00e9vrier, l&rsquo;UE met les bouch\u00e9es doubles pour augmenter ses importations depuis d&rsquo;autres sources que la Russie, comme les Etats-Unis, le Qatar, la Norv\u00e8ge, l&rsquo;Alg\u00e9rie et, donc, l&rsquo;Azerba\u00efdjan, pays autoritaire du Caucase.<\/p>\n<p>Mais cette diversification prendra du temps et les pays europ\u00e9ens restent \u00e0 court terme d\u00e9pendants &#8211;\u00e0 des degr\u00e9s divers&#8211; de leurs importations de gaz russe qui se sont \u00e9lev\u00e9es l&rsquo;an dernier \u00e0 155 milliards de m\u00e8tres cube, soit pr\u00e8s de 40% de leurs besoins.<\/p>\n<p>D\u00e8s lors, l&rsquo;UE, qui a introduit de dures sanctions \u00e9conomiques contre Moscou apr\u00e8s l&rsquo;invasion de l&rsquo;Ukraine, a adopt\u00e9 une approche prudente sur le secteur \u00e9nerg\u00e9tique.<\/p>\n<p>Si les dirigeants de l&rsquo;UE ont approuv\u00e9 en mai l&rsquo;arr\u00eat de l&rsquo;essentiel des importations de p\u00e9trole russe d&rsquo;ici \u00e0 la fin de l&rsquo;ann\u00e9e, ils ont soigneusement \u00e9vit\u00e9 de prendre des mesures pouvant contrarier leurs importations de gaz russe.<\/p>\n<p>Malgr\u00e9 tout, Moscou a d\u00e9j\u00e0 commenc\u00e9 \u00e0 fermer le robinet et les Europ\u00e9ens craignent une rupture totale des livraisons en r\u00e9action aux sanctions.<\/p>\n<p>Le gazoduc Nord Stream, qui alimente l&rsquo;Allemagne et d&rsquo;autres pays depuis la Russie, est actuellement \u00e0 l&rsquo;arr\u00eat pour des raisons de maintenance et les clients europ\u00e9ens craignent que Moscou ne pr\u00e9texte un motif technique pour ne pas rouvrir les vannes.<\/p>\n<p>Avant m\u00eame cet arr\u00eat temporaire de Nord Stream, la Russie avait fortement r\u00e9duit les livraisons ces derni\u00e8res semaines en invoquant l&rsquo;absence d&rsquo;une turbine allemande Siemens envoy\u00e9e au Canada pour \u00eatre r\u00e9par\u00e9e et pr\u00e9sent\u00e9e comme essentielle au bon fonctionnement du gazoduc.<\/p>\n<p>Le Canada a annonc\u00e9 la semaine derni\u00e8re qu&rsquo;il allait renvoyer la turbine en question en Allemagne, Siemens devant s&rsquo;occuper de la restituer \u00e0 la Russie.<\/p>\n<p>Le g\u00e9ant gazier Gazprom a affirm\u00e9 n&rsquo;avoir obtenu aucune garantie sur le retour de l&rsquo;\u00e9quipement. Mais des m\u00e9dias russes ont rapport\u00e9 lundi que la turbine \u00e9tait attendue en Russie la semaine prochaine.(AFP)<\/p>\n","protected":false},"excerpt":{"rendered":"<p>L&rsquo;Union europ\u00e9enne a annonc\u00e9 un accord avec l&rsquo;Azerba\u00efdjan pour doubler en \u00ab\u00a0quelques ann\u00e9es\u00a0\u00bb ses importations de gaz naturel depuis ce pays du Caucase, les Europ\u00e9ens s&rsquo;effor\u00e7ant de se d\u00e9faire de leur d\u00e9pendance de la Russie en pleine guerre en Ukraine. L&rsquo;annonce a \u00e9t\u00e9 faite lors d&rsquo;un d\u00e9placement \u00e0 Bakou de la pr\u00e9sidente de la Commission [&hellip;]<\/p>\n","protected":false},"author":1,"featured_media":11118,"comment_status":"open","ping_status":"closed","sticky":false,"template":"","format":"standard","meta":{"footnotes":""},"categories":[1],"tags":[2390,2391,815,173],"class_list":["post-11117","post","type-post","status-publish","format-standard","has-post-thumbnail","hentry","category-economie","tag-azerbaidjan","tag-gaz","tag-ue","tag-union-europeenne"],"aioseo_notices":[],"_links":{"self":[{"href":"https:\/\/www.culturalusa.com\/news\/wp-json\/wp\/v2\/posts\/11117","targetHints":{"allow":["GET"]}}],"collection":[{"href":"https:\/\/www.culturalusa.com\/news\/wp-json\/wp\/v2\/posts"}],"about":[{"href":"https:\/\/www.culturalusa.com\/news\/wp-json\/wp\/v2\/types\/post"}],"author":[{"embeddable":true,"href":"https:\/\/www.culturalusa.com\/news\/wp-json\/wp\/v2\/users\/1"}],"replies":[{"embeddable":true,"href":"https:\/\/www.culturalusa.com\/news\/wp-json\/wp\/v2\/comments?post=11117"}],"version-history":[{"count":1,"href":"https:\/\/www.culturalusa.com\/news\/wp-json\/wp\/v2\/posts\/11117\/revisions"}],"predecessor-version":[{"id":11119,"href":"https:\/\/www.culturalusa.com\/news\/wp-json\/wp\/v2\/posts\/11117\/revisions\/11119"}],"wp:featuredmedia":[{"embeddable":true,"href":"https:\/\/www.culturalusa.com\/news\/wp-json\/wp\/v2\/media\/11118"}],"wp:attachment":[{"href":"https:\/\/www.culturalusa.com\/news\/wp-json\/wp\/v2\/media?parent=11117"}],"wp:term":[{"taxonomy":"category","embeddable":true,"href":"https:\/\/www.culturalusa.com\/news\/wp-json\/wp\/v2\/categories?post=11117"},{"taxonomy":"post_tag","embeddable":true,"href":"https:\/\/www.culturalusa.com\/news\/wp-json\/wp\/v2\/tags?post=11117"}],"curies":[{"name":"wp","href":"https:\/\/api.w.org\/{rel}","templated":true}]}}