{"id":11122,"date":"2022-07-20T17:43:20","date_gmt":"2022-07-20T15:43:20","guid":{"rendered":"https:\/\/www.culturalusa.com\/news\/?p=11122"},"modified":"2022-07-20T17:43:20","modified_gmt":"2022-07-20T15:43:20","slug":"la-pandemie-nest-pas-terminee-previent-le-conseil-scientifique","status":"publish","type":"post","link":"https:\/\/www.culturalusa.com\/news\/monde\/la-pandemie-nest-pas-terminee-previent-le-conseil-scientifique\/","title":{"rendered":"\u00ab\u00a0La pand\u00e9mie n&rsquo;est pas termin\u00e9e\u00a0\u00bb, pr\u00e9vient le Conseil scientifique"},"content":{"rendered":"<p><strong>La pand\u00e9mie de Covid-19 \u00ab\u00a0n&rsquo;est pas termin\u00e9e\u00a0\u00bb<\/strong>, a pr\u00e9venu dans son probable dernier avis, publi\u00e9 mercredi, le Conseil scientifique, qui s&rsquo;attend \u00e0 une diminution progressive de l&rsquo;impact du SARS-CoV-2 mais avec des pics de circulation du virus \u00e0 court terme.<\/p>\n<blockquote><p>\u00ab\u00a0Il faut s&rsquo;attendre \u00e0 l&rsquo;apparition de nouveaux variants du SARS-CoV-2 en population humaine\u00a0\u00bb, avertit le Conseil, qui, pendant pr\u00e8s de deux ans et demi, a guid\u00e9 l&rsquo;ex\u00e9cutif dans ses d\u00e9cisions sanitaires et doit \u00eatre remplac\u00e9 \u00e0 la fin du mois par un \u00ab\u00a0comit\u00e9 de veille et d&rsquo;anticipation des risques sanitaires\u00a0\u00bb.<\/p><\/blockquote>\n<p>Dans cet avis intitul\u00e9 \u00ab\u00a0Vivre avec les variants\u00a0\u00bb et dat\u00e9 de mardi, le Conseil scientifique souligne que le virus \u00ab\u00a0b\u00e9n\u00e9ficie maintenant d&rsquo;un r\u00e9servoir humain suffisamment large pour une circulation end\u00e9mique en population humaine\u00a0\u00bb.<\/p>\n<p>Pour le Conseil, \u00ab\u00a0cette circulation pourrait au cours des prochaines ann\u00e9es rester \u00e0 des niveaux \u00e9lev\u00e9s\u00a0\u00bb et \u00ab\u00a0s&rsquo;accompagner de pouss\u00e9es \u00e9pid\u00e9miques associ\u00e9es \u00e0 l&rsquo;\u00e9mergence de nouveaux variants, plus accentu\u00e9es en p\u00e9riode automno-hivernale\u00a0\u00bb.<\/p>\n<p>S&rsquo;il ne peut s&rsquo;avancer pour pr\u00e9dire quel variant sera dominant, il esp\u00e8re que l&rsquo;immunit\u00e9 de la population acquise gr\u00e2ce aux vaccins et infections permettra \u00ab\u00a0une protection croissante contre les formes graves du Covid-19\u00a0\u00bb.<\/p>\n<p>\u00ab\u00a0Ce contexte sugg\u00e8re que l&rsquo;impact du SARS-CoV-2 va diminuer progressivement, mais ne pr\u00e9sage pas d&rsquo;une absence de pics de circulation des virus \u00e0 court terme\u00a0\u00bb, estime-t-il.<\/p>\n<h3>A court terme, l&rsquo;instance \u00e9labore plusieurs sc\u00e9narios.<\/h3>\n<p>Dans le premier, elle envisage une \u00ab\u00a0succession de vagues \u00e9pid\u00e9miques li\u00e9es \u00e0 l&rsquo;\u00e9mergence de sous-variants d&rsquo;Omicron, avec un retentissement hospitalier moins important compar\u00e9 \u00e0 celui\u00a0\u00bb des premi\u00e8res vagues, sc\u00e9nario que nous vivons actuellement.<\/p>\n<p>Un deuxi\u00e8me sc\u00e9nario table sur une \u00ab\u00a0reprise saisonni\u00e8re de la circulation d&rsquo;un variant existant ou d&rsquo;un variant antig\u00e9niquement proche d&rsquo;un variant existant\u00a0\u00bb.<\/p>\n<p>Un dernier sc\u00e9nario anticipe \u00ab\u00a0l&rsquo;\u00e9mergence d&rsquo;un variant X dot\u00e9 d&rsquo;une capacit\u00e9 d&rsquo;\u00e9chappement immunitaire et d&rsquo;une contagiosit\u00e9 suffisante pour \u00eatre responsable d&rsquo;une nouvelle vague \u00e9pid\u00e9mique\u00a0\u00bb.<\/p>\n<p>Depuis l&rsquo;arriv\u00e9e d&rsquo;Omicron, \u00ab\u00a0une strat\u00e9gie de type +vivre avec le virus+ se dessine\u00a0\u00bb, rel\u00e8ve le Conseil.<\/p>\n<p>Dans ce contexte, \u00ab\u00a0des mesures de contr\u00f4le\u00a0\u00bb (&#8230;) \u00ab\u00a0telles que l&rsquo;obligation du port du masque dans les transports en commun par exemple, peuvent \u00eatre r\u00e9instaur\u00e9es lorsque l&rsquo;impact sanitaire de la circulation virale est jug\u00e9 trop important\u00a0\u00bb, pr\u00f4ne-t-il.<\/p>\n<p>Cet avis &#8211; \u00ab\u00a0probablement le dernier du Conseil scientifique\u00a0\u00bb &#8211; \u00ab\u00a0n&rsquo;a pas vocation \u00e0 \u00eatre un testament ni un retour d&rsquo;exp\u00e9rience\u00a0\u00bb, pr\u00e9cise l&rsquo;instance, mais se veut plut\u00f4t une \u00ab\u00a0boussole\u00a0\u00bb sur la situation actuelle et future, avec une s\u00e9rie de pr\u00e9conisations.<\/p>\n","protected":false},"excerpt":{"rendered":"<p>La pand\u00e9mie de Covid-19 \u00ab\u00a0n&rsquo;est pas termin\u00e9e\u00a0\u00bb, a pr\u00e9venu dans son probable dernier avis, publi\u00e9 mercredi, le Conseil scientifique, qui s&rsquo;attend \u00e0 une diminution progressive de l&rsquo;impact du SARS-CoV-2 mais avec des pics de circulation du virus \u00e0 court terme. \u00ab\u00a0Il faut s&rsquo;attendre \u00e0 l&rsquo;apparition de nouveaux variants du SARS-CoV-2 en population humaine\u00a0\u00bb, avertit le [&hellip;]<\/p>\n","protected":false},"author":1,"featured_media":10530,"comment_status":"open","ping_status":"closed","sticky":false,"template":"","format":"standard","meta":{"footnotes":""},"categories":[1372],"tags":[1439,1214,1211],"class_list":["post-11122","post","type-post","status-publish","format-standard","has-post-thumbnail","hentry","category-monde","tag-conseil-scientifique","tag-covid-19","tag-pandemie"],"aioseo_notices":[],"_links":{"self":[{"href":"https:\/\/www.culturalusa.com\/news\/wp-json\/wp\/v2\/posts\/11122","targetHints":{"allow":["GET"]}}],"collection":[{"href":"https:\/\/www.culturalusa.com\/news\/wp-json\/wp\/v2\/posts"}],"about":[{"href":"https:\/\/www.culturalusa.com\/news\/wp-json\/wp\/v2\/types\/post"}],"author":[{"embeddable":true,"href":"https:\/\/www.culturalusa.com\/news\/wp-json\/wp\/v2\/users\/1"}],"replies":[{"embeddable":true,"href":"https:\/\/www.culturalusa.com\/news\/wp-json\/wp\/v2\/comments?post=11122"}],"version-history":[{"count":1,"href":"https:\/\/www.culturalusa.com\/news\/wp-json\/wp\/v2\/posts\/11122\/revisions"}],"predecessor-version":[{"id":11123,"href":"https:\/\/www.culturalusa.com\/news\/wp-json\/wp\/v2\/posts\/11122\/revisions\/11123"}],"wp:featuredmedia":[{"embeddable":true,"href":"https:\/\/www.culturalusa.com\/news\/wp-json\/wp\/v2\/media\/10530"}],"wp:attachment":[{"href":"https:\/\/www.culturalusa.com\/news\/wp-json\/wp\/v2\/media?parent=11122"}],"wp:term":[{"taxonomy":"category","embeddable":true,"href":"https:\/\/www.culturalusa.com\/news\/wp-json\/wp\/v2\/categories?post=11122"},{"taxonomy":"post_tag","embeddable":true,"href":"https:\/\/www.culturalusa.com\/news\/wp-json\/wp\/v2\/tags?post=11122"}],"curies":[{"name":"wp","href":"https:\/\/api.w.org\/{rel}","templated":true}]}}