{"id":11126,"date":"2022-07-25T16:13:03","date_gmt":"2022-07-25T14:13:03","guid":{"rendered":"https:\/\/www.culturalusa.com\/news\/?p=11126"},"modified":"2022-07-25T16:13:03","modified_gmt":"2022-07-25T14:13:03","slug":"energie-des-fermetures-ponctuelles-de-supermarches-leclerc","status":"publish","type":"post","link":"https:\/\/www.culturalusa.com\/news\/actualite\/energie-des-fermetures-ponctuelles-de-supermarches-leclerc\/","title":{"rendered":"\u00c9nergie : des fermetures ponctuelles de supermarch\u00e9s Leclerc ?"},"content":{"rendered":"<p><strong>Michel-\u00c9douard Leclerc<\/strong> n\u2019exclut pas de fermer ses magasins \u00ab sur certains cr\u00e9neaux horaires \u00bb pour limiter la <strong>consommation \u00e9nerg\u00e9tique<\/strong> cet hiver.<\/p>\n<p>En cas de risque de coupure d&rsquo;\u00e9lectricit\u00e9 cet hiver, \u00ab on peut fermer des magasins sur certains cr\u00e9neaux horaires \u00bb, a assur\u00e9, lundi 25 juillet, le pr\u00e9sident du comit\u00e9 strat\u00e9gique des magasins E. Leclerc, Michel-\u00c9douard Leclerc, sur France Info. Ajoutant : \u00ab On n&rsquo;aura pas d&rsquo;\u00e9tat d&rsquo;\u00e2me, on se bat pour notre pays. \u00bb<\/p>\n<h3>\u00ab Des mesures tr\u00e8s concr\u00e8tes \u00bb<\/h3>\n<blockquote><p>\u00ab Pour cet hiver, avec le risque de coupure d&rsquo;\u00e9lectricit\u00e9, ce ne serait pas honn\u00eate de demander au consommateur de faire preuve de sobri\u00e9t\u00e9 si nous ne sommes pas nous-m\u00eames exemplaires \u00bb, avait-il pr\u00e9c\u00e9demment expos\u00e9.<\/p><\/blockquote>\n<p>\u00ab On va s&rsquo;assurer que les portes des frigos seront bien ferm\u00e9es, on ne fera pas marcher les fours \u00e0 pain au moment des pics, ce sera des mesures tr\u00e8s concr\u00e8tes \u00bb, a-t-il d\u00e9taill\u00e9, rappelant qu&rsquo;il en va aussi de l&rsquo;int\u00e9r\u00eat des commer\u00e7ants, \u00ab car la facture d&rsquo;\u00e9lectricit\u00e9, c&rsquo;est nous qui la payons \u00bb. \u00ab Les professionnels ont pris le dossier en main et, tous ensemble, on devrait arriver \u00e0 garantir aux consommateurs et usagers fran\u00e7ais de ne pas avoir de grosses coupures \u00bb, esp\u00e8re-t-il encore.<\/p>\n<p>La semaine pass\u00e9e, la f\u00e9d\u00e9ration Perifem, qui rassemble l&rsquo;ensemble des acteurs de la distribution (dont E.Leclerc) pour agir sur les sujets \u00e9nerg\u00e9tiques ou environnementaux, avait expos\u00e9 des \u00ab mesures communes et concr\u00e8tes \u00bb pour faire face au \u00ab risque de p\u00e9nuries d&rsquo;approvisionnement \u00e9lectrique annonc\u00e9es par le gouvernement pour cet hiver \u00bb.<\/p>\n<p>Ces mesures, annonc\u00e9es \u00e0 compter du 15 octobre mais sur lesquelles les professionnels travaillent d\u00e8s \u00e0 pr\u00e9sent, selon Michel-\u00c9douard Leclerc, pr\u00e9voient notamment l&rsquo;extinction des enseignes lumineuses d\u00e8s la fermeture des magasins, la r\u00e9duction de l&rsquo;\u00e9clairage, voire une baisse de la temp\u00e9rature en magasins \u00e0 17 degr\u00e9s cet automne et cet hiver, en cas de demande d&rsquo;une autorit\u00e9 r\u00e9gulatrice.<\/p>\n<p>Le pr\u00e9sident Emmanuel Macron avait expliqu\u00e9 le 14 juillet que l&rsquo;\u00c9tat pr\u00e9parait un \u00ab plan de sobri\u00e9t\u00e9 \u00bb \u00e9nerg\u00e9tique pour faire face au risque de p\u00e9nurie li\u00e9e \u00e0 la guerre en Ukraine, appelant \u00e0 \u00ab rentrer collectivement dans une logique de sobri\u00e9t\u00e9 \u00bb. Ces premi\u00e8res mesures avaient \u00e9t\u00e9 act\u00e9es par E.Leclerc, Carrefour, Syst\u00e8me U, Les Mousquetaires Intermarch\u00e9, Auchan, Casino, Franprix, Monoprix, Lidl ou encore Picard, et Perifem disait esp\u00e9rer que le protocole serve \u00ab de base \u00e0 l&rsquo;ensemble des f\u00e9d\u00e9rations du commerce et de la distribution pour la g\u00e9n\u00e9ralisation de ces mesures \u00bb. (AFP)<\/p>\n","protected":false},"excerpt":{"rendered":"<p>Michel-\u00c9douard Leclerc n\u2019exclut pas de fermer ses magasins \u00ab sur certains cr\u00e9neaux horaires \u00bb pour limiter la consommation \u00e9nerg\u00e9tique cet hiver. En cas de risque de coupure d&rsquo;\u00e9lectricit\u00e9 cet hiver, \u00ab on peut fermer des magasins sur certains cr\u00e9neaux horaires \u00bb, a assur\u00e9, lundi 25 juillet, le pr\u00e9sident du comit\u00e9 strat\u00e9gique des magasins E. Leclerc, [&hellip;]<\/p>\n","protected":false},"author":1,"featured_media":11127,"comment_status":"open","ping_status":"closed","sticky":false,"template":"","format":"standard","meta":{"footnotes":""},"categories":[30],"tags":[933,2397,2396,2398],"class_list":["post-11126","post","type-post","status-publish","format-standard","has-post-thumbnail","hentry","category-actualite","tag-energie","tag-consommation-energetique","tag-michel-edouard-leclerc","tag-supermarches-leclerc"],"aioseo_notices":[],"_links":{"self":[{"href":"https:\/\/www.culturalusa.com\/news\/wp-json\/wp\/v2\/posts\/11126","targetHints":{"allow":["GET"]}}],"collection":[{"href":"https:\/\/www.culturalusa.com\/news\/wp-json\/wp\/v2\/posts"}],"about":[{"href":"https:\/\/www.culturalusa.com\/news\/wp-json\/wp\/v2\/types\/post"}],"author":[{"embeddable":true,"href":"https:\/\/www.culturalusa.com\/news\/wp-json\/wp\/v2\/users\/1"}],"replies":[{"embeddable":true,"href":"https:\/\/www.culturalusa.com\/news\/wp-json\/wp\/v2\/comments?post=11126"}],"version-history":[{"count":1,"href":"https:\/\/www.culturalusa.com\/news\/wp-json\/wp\/v2\/posts\/11126\/revisions"}],"predecessor-version":[{"id":11128,"href":"https:\/\/www.culturalusa.com\/news\/wp-json\/wp\/v2\/posts\/11126\/revisions\/11128"}],"wp:featuredmedia":[{"embeddable":true,"href":"https:\/\/www.culturalusa.com\/news\/wp-json\/wp\/v2\/media\/11127"}],"wp:attachment":[{"href":"https:\/\/www.culturalusa.com\/news\/wp-json\/wp\/v2\/media?parent=11126"}],"wp:term":[{"taxonomy":"category","embeddable":true,"href":"https:\/\/www.culturalusa.com\/news\/wp-json\/wp\/v2\/categories?post=11126"},{"taxonomy":"post_tag","embeddable":true,"href":"https:\/\/www.culturalusa.com\/news\/wp-json\/wp\/v2\/tags?post=11126"}],"curies":[{"name":"wp","href":"https:\/\/api.w.org\/{rel}","templated":true}]}}