{"id":11133,"date":"2022-07-28T18:31:16","date_gmt":"2022-07-28T16:31:16","guid":{"rendered":"https:\/\/www.culturalusa.com\/news\/?p=11133"},"modified":"2022-07-28T18:31:16","modified_gmt":"2022-07-28T16:31:16","slug":"le-numerique-progresse-dans-ue-mais-les-pme-restent-a-la-traine","status":"publish","type":"post","link":"https:\/\/www.culturalusa.com\/news\/economie\/le-numerique-progresse-dans-ue-mais-les-pme-restent-a-la-traine\/","title":{"rendered":"Le num\u00e9rique progresse dans UE mais les PME restent \u00e0 la tra\u00eene"},"content":{"rendered":"<p>Selon un rapport, les pays de l&rsquo;UE ont progress\u00e9 dans l&rsquo;adoption des <strong>technologies num\u00e9riques<\/strong> durant la pand\u00e9mie, mais ils souffrent d&rsquo;une p\u00e9nurie de comp\u00e9tences et les PME peinent \u00e0 rattraper leur retard, selon un rapport publi\u00e9 jeudi.<\/p>\n<blockquote><p>Parmi les 27 Etats membres, la Finlande, le Danemark, les Pays-Bas et la Su\u00e8de sont les plus avanc\u00e9s en mati\u00e8re de num\u00e9risation, devant l&rsquo;Irlande, Malte et l&rsquo;Espagne, indique le rapport annuel de la Commission europ\u00e9enne qui s&rsquo;appuie sur l&rsquo;indice relatif \u00e0 l&rsquo;\u00e9conomie et \u00e0 la soci\u00e9t\u00e9 num\u00e9rique (DESI).<\/p><\/blockquote>\n<p>La Roumanie, la Bulgarie et la Gr\u00e8ce obtiennent les notes les plus faibles, selon cet indicateur qui mesure l&rsquo;avancement dans quatre grands domaines: les comp\u00e9tences de la population, les infrastructures, la transformation des entreprises et num\u00e9risation des services publics.<\/p>\n<h3>La France se classe 12\u00e8me, entre la Slov\u00e9nie et l&rsquo;Allemagne.<\/h3>\n<p>M\u00eame les pays de l&rsquo;UE les plus avanc\u00e9s \u00ab\u00a0connaissent des lacunes dans des domaines cl\u00e9s\u00a0\u00bb comme le recours \u00e0 l&rsquo;intelligence artificielle et aux m\u00e9gadonn\u00e9es (\u00ab\u00a0Big Data\u00a0\u00bb) ou les p\u00e9nuries de comp\u00e9tences, note la Commission.<\/p>\n<p>Seuls 54% des Europ\u00e9ens \u00e2g\u00e9s de 16 \u00e0 74 ans poss\u00e8dent au moins des \u00ab\u00a0comp\u00e9tences num\u00e9riques de base\u00a0\u00bb, s&rsquo;inqui\u00e8te-t-elle. L&rsquo;UE vise 80% en 2030.<\/p>\n<p>En outre, \u00ab\u00a0bien que 500.000 sp\u00e9cialistes des technologies de l&rsquo;information et de la communication (TIC) soient entr\u00e9s sur le march\u00e9 du travail entre 2020 et 2021, les 9 millions pr\u00e9sents dans l&rsquo;Union ne sont pas suffisants pour combler les p\u00e9nuries\u00a0\u00bb des entreprises. La Commission en esp\u00e8re 20 millions en 2030.<\/p>\n<blockquote><p>\u00ab\u00a0Durant la pand\u00e9mie de Covid, les entreprises ont accru leur recours aux solutions num\u00e9riques\u00a0\u00bb et l&rsquo;utilisation de l&rsquo;informatique en nuage (\u00ab\u00a0cloud\u00a0\u00bb) concerne d\u00e9sormais 34% d&rsquo;entre elles, indique encore la Commission. Mais seules 8% des entreprises utilisent l&rsquo;intelligence artificielle et 14% les m\u00e9gadonn\u00e9es (objectif: 75% en 2030).<\/p><\/blockquote>\n<p>La situation est pire du c\u00f4t\u00e9 des PME, dont seulement 55% \u00ab\u00a0ont atteint au moins un niveau de num\u00e9risation de base\u00a0\u00bb. L&rsquo;objectif est d&rsquo;atteindre 90% d&rsquo;ici \u00e0 2030.<\/p>\n<p>\u00ab\u00a0Nous devons redoubler d&rsquo;efforts pour faire en sorte que l&rsquo;ensemble des PME, secteurs d&rsquo;activit\u00e9 et industries de l&rsquo;UE disposent des meilleures solutions num\u00e9riques\u00a0\u00bb, a d\u00e9clar\u00e9 le Commissaire au March\u00e9 int\u00e9rieur, Thierry Breton, dans un communiqu\u00e9.<\/p>\n<p>Bruxelles observe toutefois une tendance \u00e0 la convergence: \u00ab\u00a0les \u00c9tats membres qui sont partis de niveaux inf\u00e9rieurs rattrapent progressivement leur retard en progressant plus rapidement\u00a0\u00bb. C&rsquo;est le cas notamment de l&rsquo;Italie, de la Pologne et de la Gr\u00e8ce.<\/p>\n","protected":false},"excerpt":{"rendered":"<p>Selon un rapport, les pays de l&rsquo;UE ont progress\u00e9 dans l&rsquo;adoption des technologies num\u00e9riques durant la pand\u00e9mie, mais ils souffrent d&rsquo;une p\u00e9nurie de comp\u00e9tences et les PME peinent \u00e0 rattraper leur retard, selon un rapport publi\u00e9 jeudi. Parmi les 27 Etats membres, la Finlande, le Danemark, les Pays-Bas et la Su\u00e8de sont les plus avanc\u00e9s [&hellip;]<\/p>\n","protected":false},"author":1,"featured_media":11134,"comment_status":"open","ping_status":"closed","sticky":false,"template":"","format":"standard","meta":{"footnotes":""},"categories":[1],"tags":[969,2400,2401,815],"class_list":["post-11133","post","type-post","status-publish","format-standard","has-post-thumbnail","hentry","category-economie","tag-numerique","tag-pme","tag-technologies-numeriques","tag-ue"],"aioseo_notices":[],"_links":{"self":[{"href":"https:\/\/www.culturalusa.com\/news\/wp-json\/wp\/v2\/posts\/11133","targetHints":{"allow":["GET"]}}],"collection":[{"href":"https:\/\/www.culturalusa.com\/news\/wp-json\/wp\/v2\/posts"}],"about":[{"href":"https:\/\/www.culturalusa.com\/news\/wp-json\/wp\/v2\/types\/post"}],"author":[{"embeddable":true,"href":"https:\/\/www.culturalusa.com\/news\/wp-json\/wp\/v2\/users\/1"}],"replies":[{"embeddable":true,"href":"https:\/\/www.culturalusa.com\/news\/wp-json\/wp\/v2\/comments?post=11133"}],"version-history":[{"count":1,"href":"https:\/\/www.culturalusa.com\/news\/wp-json\/wp\/v2\/posts\/11133\/revisions"}],"predecessor-version":[{"id":11135,"href":"https:\/\/www.culturalusa.com\/news\/wp-json\/wp\/v2\/posts\/11133\/revisions\/11135"}],"wp:featuredmedia":[{"embeddable":true,"href":"https:\/\/www.culturalusa.com\/news\/wp-json\/wp\/v2\/media\/11134"}],"wp:attachment":[{"href":"https:\/\/www.culturalusa.com\/news\/wp-json\/wp\/v2\/media?parent=11133"}],"wp:term":[{"taxonomy":"category","embeddable":true,"href":"https:\/\/www.culturalusa.com\/news\/wp-json\/wp\/v2\/categories?post=11133"},{"taxonomy":"post_tag","embeddable":true,"href":"https:\/\/www.culturalusa.com\/news\/wp-json\/wp\/v2\/tags?post=11133"}],"curies":[{"name":"wp","href":"https:\/\/api.w.org\/{rel}","templated":true}]}}