{"id":11136,"date":"2022-07-29T18:16:56","date_gmt":"2022-07-29T16:16:56","guid":{"rendered":"https:\/\/www.culturalusa.com\/news\/?p=11136"},"modified":"2022-07-29T18:18:36","modified_gmt":"2022-07-29T16:18:36","slug":"cooperation-entre-mbs-et-macron-pour-attenuer-la-hausse-des-prix","status":"publish","type":"post","link":"https:\/\/www.culturalusa.com\/news\/politique\/cooperation-entre-mbs-et-macron-pour-attenuer-la-hausse-des-prix\/","title":{"rendered":"Coop\u00e9ration entre MBS et Macron pour \u00ab\u00a0att\u00e9nuer la hausse des prix\u00a0\u00bb"},"content":{"rendered":"<p><strong>Emmanuel Macron<\/strong> a accueilli le prince h\u00e9ritier saoudien. Ils ont notamment discut\u00e9 des effets de la guerre en Ukraine sur les prix de l\u2019\u00e9nergie.<\/p>\n<blockquote><p>Le prince h\u00e9ritier saoudien <strong>Mohammed ben Salmane<\/strong> et le pr\u00e9sident fran\u00e7ais Emmanuel Macron ont dit souhaiter \u00ab intensifier la coop\u00e9ration \u00bb pour \u00ab att\u00e9nuer les effets en Europe, au Moyen-Orient et dans le monde \u00bb de la guerre en Ukraine, dans un contexte mondial d&rsquo;envol\u00e9e des prix de l&rsquo;\u00e9nergie.<\/p><\/blockquote>\n<p>Le prince h\u00e9ritier du royaume, premier exportateur de brut, a \u00e9t\u00e9 re\u00e7u jeudi soir pour un \u00ab d\u00eener de travail \u00bb \u00e0 l&rsquo;\u00c9lys\u00e9e.<\/p>\n<p>Cette rencontre signe un peu plus la \u00ab r\u00e9habilitation \u00bb du dirigeant de facto du royaume, moins de deux semaines apr\u00e8s la visite du pr\u00e9sident am\u00e9ricain Joe Biden en Arabie saoudite. Dans un message adress\u00e9 \u00e0 Emmanuel Macron, le prince h\u00e9ritier lui a exprim\u00e9 sa \u00ab profonde gratitude \u00bb et ses \u00ab remerciements pour l&rsquo;accueil chaleureux et l&rsquo;hospitalit\u00e9 \u00bb qui lui ont \u00e9t\u00e9 r\u00e9serv\u00e9s lors de cette visite officielle.<\/p>\n<h3>Les prix de l&rsquo;\u00e9nergie au programme des discussions<\/h3>\n<p>\u00c0 propos du contexte mondial d&rsquo;envol\u00e9e des prix de l&rsquo;\u00e9nergie et de la guerre en Ukraine, Emmanuel Macron a soulign\u00e9 lors de cet entretien \u00ab l&rsquo;importance de poursuivre la coordination engag\u00e9e avec l&rsquo;Arabie saoudite dans la perspective de la diversification des approvisionnements \u00e9nerg\u00e9tiques des \u00c9tats europ\u00e9ens \u00bb.<\/p>\n<p>Les discussions ont notamment port\u00e9 sur les \u00ab aspects du partenariat strat\u00e9gique et les moyens de le d\u00e9velopper \u00bb, et \u00ab l&rsquo;importance de stabiliser les march\u00e9s mondiaux de l&rsquo;\u00e9nergie \u00bb, a rapport\u00e9 l&rsquo;agence de presse saoudienne officielle.<\/p>\n<p>L&rsquo;invasion de l&rsquo;Ukraine par la Russie le 24 f\u00e9vrier a provoqu\u00e9 un affolement des prix de l&rsquo;\u00e9nergie. Depuis cette invasion, les pays occidentaux cherchent \u00e0 convaincre l&rsquo;Arabie saoudite d&rsquo;ouvrir les vannes afin de soulager les march\u00e9s.<\/p>\n<p>La hausse des prix du p\u00e9trole alimente notamment l&rsquo;inflation aux \u00c9tats-Unis, qui a atteint des sommets in\u00e9gal\u00e9s en 40 ans. La semaine derni\u00e8re, Emmanuel Macron a re\u00e7u \u00e0 Paris le nouveau pr\u00e9sident des \u00c9mirats arabes unis, Mohammed ben Zayed al-Nahyane. Les deux pays ont sign\u00e9 un \u00ab accord de partenariat strat\u00e9gique global sur la coop\u00e9ration \u00e9nerg\u00e9tique \u00bb.<\/p>\n<h3>\u00ab Business \u00bb<\/h3>\n<p>Un responsable am\u00e9ricain a d\u00e9clar\u00e9 jeudi dans un entretien avec des journalistes bas\u00e9s dans la r\u00e9gion que son pays pense qu&rsquo;\u00ab il y a certainement une opportunit\u00e9 ici pour augmenter la production \u00bb. \u00ab Nous sommes optimistes quant \u00e0 la possibilit\u00e9 d&rsquo;annonces positives lors de la prochaine r\u00e9union de l&rsquo;Opep \u00bb, a-t-il ajout\u00e9.<\/p>\n<p>Mais Riyad r\u00e9siste aux pressions de ses alli\u00e9s, invoquant ses engagements vis-\u00e0-vis de l&rsquo;Organisation des pays exportateurs de p\u00e9trole (Opep+), l&rsquo;alliance p\u00e9troli\u00e8re qu&rsquo;il codirige avec Moscou.<\/p>\n<p>L&rsquo;Arabie saoudite a clairement indiqu\u00e9 qu&rsquo;elle ne prendrait aucune mesure en dehors du cartel Opep+. Ainsi, toute augmentation de la production devrait passer par le groupe, \u00e0 moins que l&rsquo;accord n&rsquo;expire et que Riyad ne soit libre de ses engagements.<\/p>\n<p>Il s&rsquo;agissait de la premi\u00e8re visite en France de Mohammed ben Salmane, dit \u00ab MBS \u00bb, depuis l&rsquo;assassinat par des agents saoudiens du journaliste saoudien Jamal Khashoggi.<\/p>\n<p>Critique du pouvoir saoudien, le journaliste avait \u00e9t\u00e9 tu\u00e9 et d\u00e9membr\u00e9 le 2 octobre 2018 dans les locaux du consulat saoudien \u00e0 Istanbul alors qu&rsquo;il venait chercher des papiers n\u00e9cessaires \u00e0 son mariage. L&rsquo;Arabie saoudite est accus\u00e9e de graves violations des droits humains.<\/p>\n<h3>L&rsquo;opposition critique la venue de MBS<\/h3>\n<p>Cette visite a scandalis\u00e9 les d\u00e9fenseurs des droits humains et la gauche en France, qui ont accus\u00e9 Emmanuel Macron de sacrifier les droits humains au \u00ab pragmatisme \u00bb face \u00e0 des prix de l&rsquo;\u00e9nergie qui explosent.<\/p>\n<p>\u00ab Je veux bien que le business ait ses r\u00e8gles, mais quand on est la France, le pays de la D\u00e9claration des droits de l&rsquo;homme\u2026 [\u2026], j&rsquo;observe qu&rsquo;il [Macron] serre la main longuement \u00e0 un homme qui a les mains tach\u00e9es de sang \u00bb, a r\u00e9agi, vendredi, le d\u00e9put\u00e9 Alexis Corbi\u00e8res (gauche radicale) sur les m\u00e9dias BFMTV et RMC.<\/p>\n<p>Dans le communiqu\u00e9 de deux pages de l&rsquo;\u00c9lys\u00e9e \u00e0 l&rsquo;issue de la rencontre, seul le dernier paragraphe mentionne le sujet des droits humains, de mani\u00e8re lapidaire : \u00ab Dans le cadre du dialogue de confiance entre la France et l&rsquo;Arabie saoudite, le pr\u00e9sident de la R\u00e9publique a abord\u00e9 la question des droits de l&rsquo;homme en Arabie \u00bb.<\/p>\n<p>\u00ab Il y a des pays qui ne portent pas toutes les m\u00eames valeurs d\u00e9mocratiques de la France. Mais je crois que ce qui serait une faute, ce serait de ne pas parler, de ne pas essayer de faire avancer les choses \u00bb, a affirm\u00e9 le ministre fran\u00e7ais de la Fonction publique Stanislas Guerini sur la radio Europe 1.<\/p>\n<p>\u00ab Il y a des sujets \u00e9nerg\u00e9tiques \u00bb, a-t-il relev\u00e9 : \u00ab Il faut pr\u00e9parer la France \u00e0 vivre dans une situation de p\u00e9nurie, ce qui sera certainement le cas pour le gaz. [\u2026] Il faut trouver des alternatives. \u00bb (AFP)<\/p>\n<p>&nbsp;<\/p>\n","protected":false},"excerpt":{"rendered":"<p>Emmanuel Macron a accueilli le prince h\u00e9ritier saoudien. Ils ont notamment discut\u00e9 des effets de la guerre en Ukraine sur les prix de l\u2019\u00e9nergie. Le prince h\u00e9ritier saoudien Mohammed ben Salmane et le pr\u00e9sident fran\u00e7ais Emmanuel Macron ont dit souhaiter \u00ab intensifier la coop\u00e9ration \u00bb pour \u00ab att\u00e9nuer les effets en Europe, au Moyen-Orient et [&hellip;]<\/p>\n","protected":false},"author":1,"featured_media":11137,"comment_status":"open","ping_status":"closed","sticky":false,"template":"","format":"standard","meta":{"footnotes":""},"categories":[1494],"tags":[352,626,2402,2403,2404],"class_list":["post-11136","post","type-post","status-publish","format-standard","has-post-thumbnail","hentry","category-politique","tag-hausse-des-prix","tag-macron","tag-mbs","tag-mohammed-ben-salmane","tag-prix-de-lenergie"],"aioseo_notices":[],"_links":{"self":[{"href":"https:\/\/www.culturalusa.com\/news\/wp-json\/wp\/v2\/posts\/11136","targetHints":{"allow":["GET"]}}],"collection":[{"href":"https:\/\/www.culturalusa.com\/news\/wp-json\/wp\/v2\/posts"}],"about":[{"href":"https:\/\/www.culturalusa.com\/news\/wp-json\/wp\/v2\/types\/post"}],"author":[{"embeddable":true,"href":"https:\/\/www.culturalusa.com\/news\/wp-json\/wp\/v2\/users\/1"}],"replies":[{"embeddable":true,"href":"https:\/\/www.culturalusa.com\/news\/wp-json\/wp\/v2\/comments?post=11136"}],"version-history":[{"count":3,"href":"https:\/\/www.culturalusa.com\/news\/wp-json\/wp\/v2\/posts\/11136\/revisions"}],"predecessor-version":[{"id":11140,"href":"https:\/\/www.culturalusa.com\/news\/wp-json\/wp\/v2\/posts\/11136\/revisions\/11140"}],"wp:featuredmedia":[{"embeddable":true,"href":"https:\/\/www.culturalusa.com\/news\/wp-json\/wp\/v2\/media\/11137"}],"wp:attachment":[{"href":"https:\/\/www.culturalusa.com\/news\/wp-json\/wp\/v2\/media?parent=11136"}],"wp:term":[{"taxonomy":"category","embeddable":true,"href":"https:\/\/www.culturalusa.com\/news\/wp-json\/wp\/v2\/categories?post=11136"},{"taxonomy":"post_tag","embeddable":true,"href":"https:\/\/www.culturalusa.com\/news\/wp-json\/wp\/v2\/tags?post=11136"}],"curies":[{"name":"wp","href":"https:\/\/api.w.org\/{rel}","templated":true}]}}