{"id":11144,"date":"2022-08-01T15:54:09","date_gmt":"2022-08-01T13:54:09","guid":{"rendered":"https:\/\/www.culturalusa.com\/news\/?p=11144"},"modified":"2022-08-01T15:54:09","modified_gmt":"2022-08-01T13:54:09","slug":"le-comite-risques-sanitaires-succedant-au-conseil-scientifique-cree-par-decret","status":"publish","type":"post","link":"https:\/\/www.culturalusa.com\/news\/politique\/le-comite-risques-sanitaires-succedant-au-conseil-scientifique-cree-par-decret\/","title":{"rendered":"Le \u00ab\u00a0Comit\u00e9 Risques sanitaires\u00a0\u00bb succ\u00e9dant au Conseil scientifique cr\u00e9\u00e9 par d\u00e9cret"},"content":{"rendered":"<h2>Un \u00ab\u00a0comit\u00e9 de veille et d&rsquo;anticipation des risques sanitaires\u00a0\u00bb, qui va succ\u00e9der au Conseil scientifique et qui sera compos\u00e9 de 19 membres, est cr\u00e9\u00e9 par un d\u00e9cret paru dans le Journal officiel de dimanche, o\u00f9 est promulgu\u00e9e la nouvelle loi sanitaire.<\/h2>\n<p>Les noms de ses membres seront \u00ab\u00a0communiqu\u00e9s dans les prochains jours\u00a0\u00bb, a indiqu\u00e9 le cabinet du ministre de la Sant\u00e9 Fran\u00e7ois Braun \u00e0 l&rsquo;AFP.<\/p>\n<p>Il n&rsquo;est pas exclu que certains membres du Conseil scientifique -dont la mission cesse dimanche avec la fin de l&rsquo;\u00e9tat d&rsquo;urgence sanitaire- en fassent partie.<\/p>\n<blockquote><p>Ce comit\u00e9, charg\u00e9 d&rsquo;une veille sur \u00ab\u00a0les risques sanitaires li\u00e9s aux agents infectieux atteignant l&rsquo;homme et l&rsquo;animal, aux polluants environnementaux et alimentaires, et au changement climatique\u00a0\u00bb, devra notamment \u00ab\u00a0\u00e9mettre des recommandations lorsqu&rsquo;une projection fait appara\u00eetre un risque sanitaire\u00a0\u00bb.<\/p><\/blockquote>\n<p>Il aura aussi la mission d'\u00a0\u00bb\u00e9mettre des recommandations sur les mesures envisag\u00e9es par les autorit\u00e9s publiques afin de lutter contre une crise sanitaire\u00a0\u00bb et \u00ab\u00a0sur la strat\u00e9gie vaccinale mise en oeuvre, le cas \u00e9ch\u00e9ant, face \u00e0 une menace sanitaire\u00a0\u00bb, selon le d\u00e9cret.<\/p>\n<p>Institu\u00e9 aupr\u00e8s des ministres de la Sant\u00e9 et de la Recherche, il pourra \u00eatre saisi par l&rsquo;un d&rsquo;entre eux ou s&rsquo;auto-saisir.<\/p>\n<h3>Ses avis seront rendus publics.<\/h3>\n<p>Ce comit\u00e9 sera pr\u00e9sid\u00e9 par une personnalit\u00e9 qualifi\u00e9e, d\u00e9sign\u00e9e par les ministres de la Sant\u00e9 et de la Recherche, et compos\u00e9 de \u00ab\u00a016 personnalit\u00e9s scientifiques ou professionnels de sant\u00e9, d&rsquo;un repr\u00e9sentant des patients, d&rsquo;un repr\u00e9sentant des citoyens\u00a0\u00bb.<\/p>\n<p>\u00ab\u00a0En cas de crise sanitaire\u00a0\u00bb, son pr\u00e9sident pourra \u00ab\u00a0proposer de faire appel \u00e0 des personnalit\u00e9s suppl\u00e9mentaires pour leurs expertises sp\u00e9cifiques\u00a0\u00bb.<\/p>\n<p>Les membres du comit\u00e9 seront nomm\u00e9s \u00ab\u00a0pour une dur\u00e9e de deux ans, renouvelable une fois\u00a0\u00bb.<\/p>\n<p>Le ministre de la Sant\u00e9 a d\u00e9clar\u00e9 mercredi sur franceinfo que le comit\u00e9 serait \u00ab\u00a0un peu une \u00e9quipe commando de scientifiques de tr\u00e8s haut niveau\u00a0\u00bb. Ses missions d\u00e9passeront le Covid, a soulign\u00e9 Fran\u00e7ois Braun.<\/p>\n<p>\u00ab\u00a0On aura de nouveaux outils, mais on sera surpris par un nouveau virus qui aura d&rsquo;autres propri\u00e9t\u00e9s\u00a0\u00bb, a jug\u00e9 le pr\u00e9sident du Conseil scientifique Jean-Fran\u00e7ois Delfraissy, dans un entretien au Parisien Dimanche.<\/p>\n<p>Avec \u00ab\u00a0des sp\u00e9cialistes de sant\u00e9 humaine, animale, de l&rsquo;environnement\u00a0\u00bb, le comit\u00e9 permettra \u00ab\u00a0une approche plus large\u00a0\u00bb, a-t-il ajout\u00e9.<\/p>\n<p>Par ailleurs, apr\u00e8s la fin des mesures d&rsquo;urgence sanitaires li\u00e9es au Covid-19, le port du masque pourra \u00eatre impos\u00e9 dans les h\u00f4pitaux, structures m\u00e9dico-sociales et de soins, mais aussi dans les pharmacies et laboratoires de biologie m\u00e9dicale par le responsable de la structure, pour les plus de six ans, selon un arr\u00eat\u00e9 au JO.<\/p>\n<p>Plusieurs h\u00f4pitaux ont choisi de maintenir le masque obligatoire, comme l&rsquo;Assistance publique-H\u00f4pitaux de Paris (AP-HP) ou les CHU de Bordeaux et de Nice.<\/p>\n<p>Le minist\u00e8re de la Sant\u00e9 a d\u00e9clar\u00e9 jeudi \u00e0 l&rsquo;AFP que le port du masque restait \u00ab\u00a0tr\u00e8s fortement recommand\u00e9\u00a0\u00bb jusqu&rsquo;\u00e0 nouvel ordre. Un collectif de patients, soignants et scientifiques a plaid\u00e9 pour que le masque reste obligatoire \u00e0 l&rsquo;h\u00f4pital apr\u00e8s le 31 juillet, dans une tribune publi\u00e9e vendredi dans L&rsquo;Express. (AFP)<\/p>\n","protected":false},"excerpt":{"rendered":"<p>Un \u00ab\u00a0comit\u00e9 de veille et d&rsquo;anticipation des risques sanitaires\u00a0\u00bb, qui va succ\u00e9der au Conseil scientifique et qui sera compos\u00e9 de 19 membres, est cr\u00e9\u00e9 par un d\u00e9cret paru dans le Journal officiel de dimanche, o\u00f9 est promulgu\u00e9e la nouvelle loi sanitaire. Les noms de ses membres seront \u00ab\u00a0communiqu\u00e9s dans les prochains jours\u00a0\u00bb, a indiqu\u00e9 le [&hellip;]<\/p>\n","protected":false},"author":1,"featured_media":11145,"comment_status":"open","ping_status":"closed","sticky":false,"template":"","format":"standard","meta":{"footnotes":""},"categories":[1494],"tags":[2410,1439],"class_list":["post-11144","post","type-post","status-publish","format-standard","has-post-thumbnail","hentry","category-politique","tag-comite-risques-sanitaires","tag-conseil-scientifique"],"aioseo_notices":[],"_links":{"self":[{"href":"https:\/\/www.culturalusa.com\/news\/wp-json\/wp\/v2\/posts\/11144","targetHints":{"allow":["GET"]}}],"collection":[{"href":"https:\/\/www.culturalusa.com\/news\/wp-json\/wp\/v2\/posts"}],"about":[{"href":"https:\/\/www.culturalusa.com\/news\/wp-json\/wp\/v2\/types\/post"}],"author":[{"embeddable":true,"href":"https:\/\/www.culturalusa.com\/news\/wp-json\/wp\/v2\/users\/1"}],"replies":[{"embeddable":true,"href":"https:\/\/www.culturalusa.com\/news\/wp-json\/wp\/v2\/comments?post=11144"}],"version-history":[{"count":1,"href":"https:\/\/www.culturalusa.com\/news\/wp-json\/wp\/v2\/posts\/11144\/revisions"}],"predecessor-version":[{"id":11146,"href":"https:\/\/www.culturalusa.com\/news\/wp-json\/wp\/v2\/posts\/11144\/revisions\/11146"}],"wp:featuredmedia":[{"embeddable":true,"href":"https:\/\/www.culturalusa.com\/news\/wp-json\/wp\/v2\/media\/11145"}],"wp:attachment":[{"href":"https:\/\/www.culturalusa.com\/news\/wp-json\/wp\/v2\/media?parent=11144"}],"wp:term":[{"taxonomy":"category","embeddable":true,"href":"https:\/\/www.culturalusa.com\/news\/wp-json\/wp\/v2\/categories?post=11144"},{"taxonomy":"post_tag","embeddable":true,"href":"https:\/\/www.culturalusa.com\/news\/wp-json\/wp\/v2\/tags?post=11144"}],"curies":[{"name":"wp","href":"https:\/\/api.w.org\/{rel}","templated":true}]}}