{"id":11147,"date":"2022-08-04T10:03:39","date_gmt":"2022-08-04T08:03:39","guid":{"rendered":"https:\/\/www.culturalusa.com\/news\/?p=11147"},"modified":"2022-08-04T10:03:39","modified_gmt":"2022-08-04T08:03:39","slug":"etats-unis-ratifient-ladhesion-de-la-suede-et-de-la-finlande-a-lotan","status":"publish","type":"post","link":"https:\/\/www.culturalusa.com\/news\/actualite\/etats-unis-ratifient-ladhesion-de-la-suede-et-de-la-finlande-a-lotan\/","title":{"rendered":"Etats-Unis ratifient l&rsquo;adh\u00e9sion de la Su\u00e8de et de la Finlande \u00e0 l&rsquo;Otan"},"content":{"rendered":"<p>Les Etats-Unis ont ratifi\u00e9 protocoles d&rsquo;adh\u00e9sion de la <strong>Finlande et de la Su\u00e8de \u00e0 l&rsquo;Otan<\/strong>, apr\u00e8s la d\u00e9cision historique de ces deux pays de renoncer \u00e0 leur neutralit\u00e9 en raison de l&rsquo;<strong>invasion russe<\/strong> en <strong>Ukraine<\/strong>.<\/p>\n<p>Le S\u00e9nat am\u00e9ricain a approuv\u00e9 cette r\u00e9solution lors d&rsquo;un vote \u00e0 une tr\u00e8s large majorit\u00e9, avec les \u00e9lus des deux partis (95 voix pour, 1 contre). Une majorit\u00e9 des deux tiers \u00e9tait n\u00e9cessaire pour approuver le texte.<\/p>\n<blockquote><p>\u00ab\u00a0Ce vote historique est un signe important de l&rsquo;engagement durable et transpartisan des Etats-Unis \u00e0 l&rsquo;Otan, et de la volont\u00e9 de faire en sorte que notre Alliance soit pr\u00eate pour relever les d\u00e9fis d&rsquo;aujourd&rsquo;hui et de demain\u00a0\u00bb, s&rsquo;est f\u00e9licit\u00e9 le pr\u00e9sident Joe Biden dans un communiqu\u00e9.<\/p><\/blockquote>\n<p>Son administration soutenait ardemment cette ratification cens\u00e9e d\u00e9montrer la solidit\u00e9 de l&rsquo;Alliance atlantique face \u00e0 la Russie expansionniste.<\/p>\n<p>Aux Etats-Unis, le S\u00e9nat est seul habilit\u00e9 \u00e0 ratifier les accords internationaux.<\/p>\n<h3>Le pr\u00e9sident russe Vladimir \u00ab\u00a0Poutine a tent\u00e9 d&rsquo;utiliser la guerre en Ukraine pour diviser l&rsquo;Occident. Au lieu de cela, le vote d&rsquo;aujourd&rsquo;hui montre que l&rsquo;Alliance est plus forte que jamais\u00a0\u00bb, a d\u00e9clar\u00e9 peu avant le vote le chef de la majorit\u00e9 d\u00e9mocrate au S\u00e9nat, Chuck Schumer.<\/h3>\n<p>Ce vote intervient au lendemain de la ratification des protocoles d&rsquo;adh\u00e9sion par le parlement fran\u00e7ais, ainsi que par l&rsquo;Italie mercredi.<\/p>\n<p>En comptant les Etats-Unis, 23 Etats ont d\u00e9j\u00e0 ratifi\u00e9 l&rsquo;adh\u00e9sion des deux pays sur les trente n\u00e9cessaires, selon le d\u00e9compte de l&rsquo;Assembl\u00e9e parlementaire de l&rsquo;Otan.<\/p>\n<p>Tous les pays membres de l&rsquo;Otan doivent ratifier les protocoles d&rsquo;adh\u00e9sion avant qu&rsquo;ils ne puissent entrer en vigueur et, de ce fait, que la Finlande et la Su\u00e8de puissent b\u00e9n\u00e9ficier de l&rsquo;article 5.<\/p>\n<p>L&rsquo;article 5 du trait\u00e9 de l&rsquo;Alliance de l&rsquo;Atlantique nord, fond\u00e9e en 1949 au d\u00e9but de la Guerre froide, d\u00e9clenche une riposte commune en cas d&rsquo;attaque contre l&rsquo;un des membres.<\/p>\n<p>Lors du d\u00e9bat mercredi, les s\u00e9nateurs ont rejet\u00e9 un amendement qui tentait de prot\u00e9ger les pr\u00e9rogatives du Congr\u00e8s am\u00e9ricain pour d\u00e9clarer la guerre en cas d&rsquo;activation de l&rsquo;article 5.<\/p>\n<p>L&rsquo;adh\u00e9sion \u00e0 l&rsquo;Otan de la Su\u00e8de et de la Finlande n&rsquo;est pas pour autant encore acquise, la Turquie mena\u00e7ant de \u00ab\u00a0geler\u00a0\u00bb le processus, en accusant les deux pays nordiques de bienveillance envers le Parti des travailleurs du Kurdistan (PKK) et ses alli\u00e9s qu&rsquo;Ankara consid\u00e8re comme des organisations terroristes.<\/p>\n<p>Ankara, qui bloquait depuis mai leur entr\u00e9e dans l&rsquo;Alliance atlantique, a sign\u00e9 avec eux un m\u00e9morandum d&rsquo;accord en juin liant leur adh\u00e9sion \u00e0 leur lutte contre les mouvements kurdes et leurs partisans sur leur sol.<\/p>\n<p>Mais le pr\u00e9sident turc Recep Tayyip Erdogan a de nouveau menac\u00e9 fin juillet de faire barrage, accusant en particulier la Su\u00e8de de ne pas \u00ab\u00a0prendre sa part\u00a0\u00bb \u00e0 la lutte contre le terrorisme.<\/p>\n<p>La Su\u00e8de et la Finlande, qui s&rsquo;\u00e9taient jusqu&rsquo;\u00e0 pr\u00e9sent gard\u00e9es de rejoindre l&rsquo;Otan afin de ne pas s&rsquo;attirer les foudres de la Russie voisine, ont pr\u00e9sent\u00e9 leur candidature apr\u00e8s l&rsquo;invasion, le 24 f\u00e9vrier, de l&rsquo;Ukraine par Moscou. Celles-ci ont \u00e9t\u00e9 approuv\u00e9es lors d&rsquo;un sommet de l&rsquo;Otan \u00e0 Madrid fin juin.<\/p>\n<p>Ces adh\u00e9sions repr\u00e9sentent un changement majeur dans la s\u00e9curit\u00e9 europ\u00e9enne et interviennent sur fond d&rsquo;un renforcement consid\u00e9rable de la pr\u00e9sence am\u00e9ricaine sur le continent europ\u00e9en depuis l&rsquo;invasion russe. (AFP)<\/p>\n","protected":false},"excerpt":{"rendered":"<p>Les Etats-Unis ont ratifi\u00e9 protocoles d&rsquo;adh\u00e9sion de la Finlande et de la Su\u00e8de \u00e0 l&rsquo;Otan, apr\u00e8s la d\u00e9cision historique de ces deux pays de renoncer \u00e0 leur neutralit\u00e9 en raison de l&rsquo;invasion russe en Ukraine. Le S\u00e9nat am\u00e9ricain a approuv\u00e9 cette r\u00e9solution lors d&rsquo;un vote \u00e0 une tr\u00e8s large majorit\u00e9, avec les \u00e9lus des deux [&hellip;]<\/p>\n","protected":false},"author":1,"featured_media":11148,"comment_status":"open","ping_status":"closed","sticky":false,"template":"","format":"standard","meta":{"footnotes":""},"categories":[30],"tags":[132,2411,667,426],"class_list":["post-11147","post","type-post","status-publish","format-standard","has-post-thumbnail","hentry","category-actualite","tag-finlande","tag-invasion-russe","tag-otan","tag-suede"],"aioseo_notices":[],"_links":{"self":[{"href":"https:\/\/www.culturalusa.com\/news\/wp-json\/wp\/v2\/posts\/11147","targetHints":{"allow":["GET"]}}],"collection":[{"href":"https:\/\/www.culturalusa.com\/news\/wp-json\/wp\/v2\/posts"}],"about":[{"href":"https:\/\/www.culturalusa.com\/news\/wp-json\/wp\/v2\/types\/post"}],"author":[{"embeddable":true,"href":"https:\/\/www.culturalusa.com\/news\/wp-json\/wp\/v2\/users\/1"}],"replies":[{"embeddable":true,"href":"https:\/\/www.culturalusa.com\/news\/wp-json\/wp\/v2\/comments?post=11147"}],"version-history":[{"count":1,"href":"https:\/\/www.culturalusa.com\/news\/wp-json\/wp\/v2\/posts\/11147\/revisions"}],"predecessor-version":[{"id":11149,"href":"https:\/\/www.culturalusa.com\/news\/wp-json\/wp\/v2\/posts\/11147\/revisions\/11149"}],"wp:featuredmedia":[{"embeddable":true,"href":"https:\/\/www.culturalusa.com\/news\/wp-json\/wp\/v2\/media\/11148"}],"wp:attachment":[{"href":"https:\/\/www.culturalusa.com\/news\/wp-json\/wp\/v2\/media?parent=11147"}],"wp:term":[{"taxonomy":"category","embeddable":true,"href":"https:\/\/www.culturalusa.com\/news\/wp-json\/wp\/v2\/categories?post=11147"},{"taxonomy":"post_tag","embeddable":true,"href":"https:\/\/www.culturalusa.com\/news\/wp-json\/wp\/v2\/tags?post=11147"}],"curies":[{"name":"wp","href":"https:\/\/api.w.org\/{rel}","templated":true}]}}