{"id":11163,"date":"2022-08-11T11:06:43","date_gmt":"2022-08-11T09:06:43","guid":{"rendered":"https:\/\/www.culturalusa.com\/news\/?p=11163"},"modified":"2022-08-11T11:06:43","modified_gmt":"2022-08-11T09:06:43","slug":"remise-en-cause-par-une-etude-lefficacite-de-certains-antidepresseurs","status":"publish","type":"post","link":"https:\/\/www.culturalusa.com\/news\/bien-etre-sante\/remise-en-cause-par-une-etude-lefficacite-de-certains-antidepresseurs\/","title":{"rendered":"Remise en cause par une \u00e9tude, l\u2019efficacit\u00e9 de certains \u00ab\u00a0Antid\u00e9presseurs\u00a0\u00bb"},"content":{"rendered":"<h2>Des psychiatres britanniques mettent en doute le lien entre un d\u00e9ficit de la mol\u00e9cule de transmission des \u00e9motions dans le cerveau et l\u2019apparition de la d\u00e9pression.<\/h2>\n<p>Une \u00e9tude scientifique qui ne manque pas de faire parler. L&rsquo;int\u00e9r\u00eat des antid\u00e9presseurs serait remis en cause, car la d\u00e9pression n&rsquo;est pas li\u00e9e \u00e0 un d\u00e9s\u00e9quilibre chimique. La th\u00e8se, r\u00e9cemment soutenue par une psychiatre britannique, est largement contest\u00e9e, mais cette pol\u00e9mique a l&rsquo;int\u00e9r\u00eat d&rsquo;illustrer les difficult\u00e9s rencontr\u00e9es pour comprendre cette maladie.<\/p>\n<blockquote><p>\u00ab Notre \u00e9tude [\u2026] remet en question l&rsquo;id\u00e9e de base derri\u00e8re l&rsquo;utilisation d&rsquo;antid\u00e9presseurs \u00bb, affirmaient fin juillet les psychiatres Joanna Moncrieff et Mark Horowitz sur le site The Conversation, relayant un travail publi\u00e9 dans la revue Molecular Psychiatry. Cette \u00e9tude s&rsquo;attaque \u00e0 l&rsquo;hypoth\u00e8se de la s\u00e9rotonine. Celle-ci voudrait que la d\u00e9pression soit li\u00e9e \u00e0 un d\u00e9ficit de cette mol\u00e9cule impliqu\u00e9e dans la transmission des \u00e9motions dans le <strong>cerveau<\/strong>.<\/p><\/blockquote>\n<p>Le travail, bas\u00e9 sur une compilation de publications pr\u00e9alables, et donc a priori plus solide qu&rsquo;une \u00e9tude isol\u00e9e, conclut qu&rsquo;aucun lien n&rsquo;est av\u00e9r\u00e9 entre un d\u00e9ficit de s\u00e9rotonine et la pr\u00e9sence d&rsquo;une d\u00e9pression chez un individu. Pour ses auteurs, c&rsquo;est une profonde remise en cause d&rsquo;une hypoth\u00e8se qui a servi pendant des d\u00e9cennies de cadre \u00e0 de nombreuses recherches. La majorit\u00e9 des antid\u00e9presseurs actuels ont en effet \u00e9t\u00e9 d\u00e9velopp\u00e9s pour agir sur le taux de s\u00e9rotonine.<\/p>\n<p>Mais de nombreuses critiques ont vite cibl\u00e9 cette \u00e9tude et, plus encore, la pr\u00e9sentation qu&rsquo;en a faite Joanna Moncrieff, une psychiatre connue pour son scepticisme envers les explications biologiques de la d\u00e9pression, ainsi que son discours radical contre l&rsquo;industrie pharmaceutique.<\/p>\n<h3>D\u00e9bats autour de la s\u00e9rotonine<\/h3>\n<p>\u00ab Globalement, je suis d&rsquo;accord avec les conclusions des auteurs, mais je n&rsquo;aurais pas de certitudes aussi inflexibles \u00bb, a comment\u00e9 le psychiatre britannique Phil Cowen, dans une r\u00e9action au Science Media Center. Les critiques de Phil Cowen et d&rsquo;autres confr\u00e8res sont de diff\u00e9rents ordres. Certaines remettent en cause la m\u00e9thodologie de l&rsquo;\u00e9tude, notamment le fait de ne pas mesurer directement la s\u00e9rotonine mais une trace indirecte de celle-ci ; d&rsquo;autres admettent ses conclusions, mais rejettent leur caract\u00e8re novateur.<\/p>\n<p>\u00ab Aucun sp\u00e9cialiste de sant\u00e9 mentale n&rsquo;irait actuellement soutenir l&rsquo;id\u00e9e qu&rsquo;une pathologie aussi complexe que la d\u00e9pression s&rsquo;explique par le d\u00e9ficit d&rsquo;un seul neurotransmetteur \u00bb, note ainsi Phil Cowen. L&rsquo;argument ne tient pas pour Joanna Moncrieff, selon qui l&rsquo;hypoth\u00e8se de la s\u00e9rotonine, m\u00eame dans une version amoindrie, tient encore une place importante dans les discours des psychiatres.<\/p>\n<p>\u00ab Et surtout, m\u00eame si d&rsquo;\u00e9minents psychiatres commencent \u00e0 douter des liens entre d\u00e9pression et d\u00e9ficit de s\u00e9rotonine, personne n&rsquo;a pr\u00e9venu le grand public \u00bb, ironise sur son blog l&rsquo;autrice, qui s&rsquo;affiche en rupture avec la \u00ab psychiatrie dominante \u00bb. Les liens entre d\u00e9pression et s\u00e9rotonine sont, de fait, bien ancr\u00e9s dans l&rsquo;imagerie populaire. En 2019, l&rsquo;auteur fran\u00e7ais Michel Houellebecq avait ainsi intitul\u00e9 S\u00e9rotonine un roman dont le personnage principal est d\u00e9pressif.<\/p>\n<h3>Une des maladies les plus complexes<\/h3>\n<p>Mais ce n&rsquo;est pas la remise en cause de l&rsquo;hypoth\u00e8se de la s\u00e9rotonine qui suscite les critiques les plus vives. C&rsquo;est le fait que Joanna Moncrieff en fasse un argument contre les antid\u00e9presseurs actuels, d\u00e9passant les conclusions de sa propre \u00e9tude. Celle-ci \u00ab est un travail s\u00e9rieux, qui s&rsquo;inscrit dans la suite d&rsquo;autres travaux et qui compte dans la discussion entre experts concernant les m\u00e9canismes de la <strong>d\u00e9pression<\/strong> \u00bb, admet aupr\u00e8s de l&rsquo;Agence France-Presse le psychiatre suisse Michel Hofmann.<\/p>\n<p>\u00ab Mais je ne pense pas que ce soit un article qui doive avoir un impact \u00e0 courte \u00e9ch\u00e9ance sur la prescription d&rsquo;antid\u00e9presseurs \u00bb, pr\u00e9vient-il. Car pour Joanna Moncrieff, qui a certes pr\u00e9venu qu&rsquo;il ne fallait \u00e0 aucun prix interrompre brutalement un antid\u00e9presseur, on doit forc\u00e9ment douter des b\u00e9n\u00e9fices de traitements \u00e9labor\u00e9s sur la base d&rsquo;une hypoth\u00e8se remise en cause.<\/p>\n<p>Or, de nombreux psychiatres, dont Michel Hofmann, soulignent que l&rsquo;efficacit\u00e9 de ces traitements, quelle qu&rsquo;en soit la cause premi\u00e8re, a \u00e9t\u00e9 \u00e9valu\u00e9e scientifiquement. \u00ab Les m\u00e9canismes des m\u00e9dicaments qu&rsquo;on utilise dans le traitement de la d\u00e9pression sont en g\u00e9n\u00e9ral multiples et, finalement, dans la plupart des cas, on ne sait pas de fa\u00e7on pr\u00e9cise ce qui fait l&rsquo;efficacit\u00e9 d&rsquo;un traitement \u00bb, explique-t-il.<\/p>\n<p>En fin de compte, les d\u00e9bats sur le r\u00f4le de la s\u00e9rotonine ne font qu&rsquo;illustrer combien il est difficile de comprendre les m\u00e9canismes biologiques et sociaux d&rsquo;une maladie aussi complexe que la d\u00e9pression, ce qui force les chercheurs \u00e0 se baser sur des mod\u00e8les par nature incomplets. \u00ab On en reste \u00e0 des hypoth\u00e8ses et on continue \u00e0 chercher et tester des mod\u00e8les les uns contre les autres \u00bb, conclut Michel Hofmann. (AFP)<\/p>\n","protected":false},"excerpt":{"rendered":"<p>Des psychiatres britanniques mettent en doute le lien entre un d\u00e9ficit de la mol\u00e9cule de transmission des \u00e9motions dans le cerveau et l\u2019apparition de la d\u00e9pression. Une \u00e9tude scientifique qui ne manque pas de faire parler. L&rsquo;int\u00e9r\u00eat des antid\u00e9presseurs serait remis en cause, car la d\u00e9pression n&rsquo;est pas li\u00e9e \u00e0 un d\u00e9s\u00e9quilibre chimique. La th\u00e8se, [&hellip;]<\/p>\n","protected":false},"author":1,"featured_media":11164,"comment_status":"open","ping_status":"closed","sticky":false,"template":"","format":"standard","meta":{"footnotes":""},"categories":[2209],"tags":[2423,2077,970,2244],"class_list":["post-11163","post","type-post","status-publish","format-standard","has-post-thumbnail","hentry","category-bien-etre-sante","tag-antidepresseurs","tag-cerveau","tag-depression","tag-medicaments"],"aioseo_notices":[],"_links":{"self":[{"href":"https:\/\/www.culturalusa.com\/news\/wp-json\/wp\/v2\/posts\/11163","targetHints":{"allow":["GET"]}}],"collection":[{"href":"https:\/\/www.culturalusa.com\/news\/wp-json\/wp\/v2\/posts"}],"about":[{"href":"https:\/\/www.culturalusa.com\/news\/wp-json\/wp\/v2\/types\/post"}],"author":[{"embeddable":true,"href":"https:\/\/www.culturalusa.com\/news\/wp-json\/wp\/v2\/users\/1"}],"replies":[{"embeddable":true,"href":"https:\/\/www.culturalusa.com\/news\/wp-json\/wp\/v2\/comments?post=11163"}],"version-history":[{"count":1,"href":"https:\/\/www.culturalusa.com\/news\/wp-json\/wp\/v2\/posts\/11163\/revisions"}],"predecessor-version":[{"id":11165,"href":"https:\/\/www.culturalusa.com\/news\/wp-json\/wp\/v2\/posts\/11163\/revisions\/11165"}],"wp:featuredmedia":[{"embeddable":true,"href":"https:\/\/www.culturalusa.com\/news\/wp-json\/wp\/v2\/media\/11164"}],"wp:attachment":[{"href":"https:\/\/www.culturalusa.com\/news\/wp-json\/wp\/v2\/media?parent=11163"}],"wp:term":[{"taxonomy":"category","embeddable":true,"href":"https:\/\/www.culturalusa.com\/news\/wp-json\/wp\/v2\/categories?post=11163"},{"taxonomy":"post_tag","embeddable":true,"href":"https:\/\/www.culturalusa.com\/news\/wp-json\/wp\/v2\/tags?post=11163"}],"curies":[{"name":"wp","href":"https:\/\/api.w.org\/{rel}","templated":true}]}}