{"id":11166,"date":"2022-08-12T17:03:23","date_gmt":"2022-08-12T15:03:23","guid":{"rendered":"https:\/\/www.culturalusa.com\/news\/?p=11166"},"modified":"2022-08-12T17:03:23","modified_gmt":"2022-08-12T15:03:23","slug":"lacceleration-des-energies-renouvelables-examine-a-la-rentree","status":"publish","type":"post","link":"https:\/\/www.culturalusa.com\/news\/technologie\/lacceleration-des-energies-renouvelables-examine-a-la-rentree\/","title":{"rendered":"L&rsquo;acc\u00e9l\u00e9ration des \u00e9nergies renouvelables examin\u00e9 \u00e0 la rentr\u00e9e"},"content":{"rendered":"<p>Le gouvernement a lanc\u00e9 une \u00ab\u00a0large consultation\u00a0\u00bb autour du projet de loi d&rsquo;acc\u00e9l\u00e9ration des \u00e9nergies renouvelables promis par le pr\u00e9sident Emmanuel Macron, pour une pr\u00e9sentation du texte en Conseil des ministres \u00e0 la rentr\u00e9e, puis au Parlement en octobre.<\/p>\n<blockquote><p>\u00ab\u00a0Nous avons aujourd&rsquo;hui saisi le Conseil national de la transition \u00e9nerg\u00e9tique du projet de loi acc\u00e9l\u00e9ration des \u00e9nergies renouvelables, qui a d&rsquo;ailleurs \u00e9t\u00e9 \u00e9galement envoy\u00e9 au Conseil d&rsquo;\u00c9tat\u00a0\u00bb, a indiqu\u00e9 Matignon lors d&rsquo;une conf\u00e9rence de presse t\u00e9l\u00e9phonique.<\/p><\/blockquote>\n<h3>Le texte, qui pr\u00e9sentera \u00ab\u00a020 articles\u00a0\u00bb, abordera trois grands aspects.<\/h3>\n<p>Il pr\u00e9sentera tout d&rsquo;abord \u00ab\u00a0une s\u00e9rie de mesures \u00e0 la fois exceptionnelles et transitoires pour acc\u00e9l\u00e9rer les proc\u00e9dures de d\u00e9veloppement des \u00e9nergies renouvelables\u00a0\u00bb &#8211; en r\u00e9duisant notamment les d\u00e9lais de recours paralysants-, afin de r\u00e9pondre \u00ab\u00a0aux urgences actuelles sur l&rsquo;approvisionnement et notre capacit\u00e9 \u00e0 atteindre nos objectifs renouvelables\u00a0\u00bb.<\/p>\n<blockquote><p>Il se concentrera ensuite sur un certain nombres de mesures sp\u00e9cifiques portant sur les fili\u00e8res du photovolta\u00efque et de l&rsquo;\u00e9olien en mer, \u00ab\u00a0deux priorit\u00e9s de la politique \u00e9nerg\u00e9tique pour produire plus en termes de kW\/h\u00a0\u00bb, a indiqu\u00e9 Matignon, pr\u00e9cisant notamment que pour le photovolta\u00efque, \u00ab\u00a0l&rsquo;id\u00e9e c&rsquo;est d&rsquo;aller chercher \u00e0 obtenir toutes les surfaces fonci\u00e8res disponibles en France\u00a0\u00bb afin d'\u00a0\u00bb\u00e9largir les surfaces\u00a0\u00bb d&rsquo;installation possibles.<\/p><\/blockquote>\n<p>Le projet de loi pr\u00e9sentera enfin \u00ab\u00a0une s\u00e9rie de mesures qui portent sur le partage de la valeur\u00a0\u00bb des projets d&rsquo;\u00e9nergies renouvelables en France avec les riverains de ces projets, afin d&rsquo;augmenter \u00ab\u00a0l&rsquo;adh\u00e9sion et l&rsquo;acceptabilit\u00e9 de ces sources de production aupr\u00e8s de nos concitoyens\u00a0\u00bb.<\/p>\n<p>\u00ab\u00a0L&rsquo;id\u00e9e, c&rsquo;est que ces \u00e9nergies renouvelables g\u00e9n\u00e8rent un certain nombre de revenus et que ces revenus pourraient \u00eatre redistribu\u00e9s aux personnes qui sont directement concern\u00e9es par une pr\u00e9sence visuelle de ces moyens de production\u00a0\u00bb, a d\u00e9taill\u00e9 Matignon, sans pr\u00e9ciser quelle forme cela prendrait.<\/p>\n<p>Le texte devrait \u00eatre pr\u00e9sent\u00e9 au Conseil des ministres mi-septembre, puis sera suivi d&rsquo;un d\u00e9bat parlementaire \u00ab\u00a0qui s&rsquo;engagera au mois d&rsquo;octobre\u00a0\u00bb, avait indiqu\u00e9 le gouvernement, en pr\u00e9cisant qu&rsquo;un \u00ab\u00a0second texte l\u00e9gislatif, une loi beaucoup plus large\u00a0\u00bb \u00e9tait \u00ab\u00a0attendu plus tard\u00a0\u00bb, mais que ce premier projet de loi visait \u00e0 \u00ab\u00a0faire face aux enjeux d&rsquo;urgence\u00a0\u00bb.<\/p>\n<p>Pour lutter contre le <strong>r\u00e9chauffement climatique<\/strong> et diversifier sa production \u00e9lectrique, la France vise 40% d&rsquo;\u00e9nergie renouvelable en 2030 (contre 20% en 2019), via notamment 1.000 MW d&rsquo;\u00e9olien offshore en plus par an. (AFP)<\/p>\n","protected":false},"excerpt":{"rendered":"<p>Le gouvernement a lanc\u00e9 une \u00ab\u00a0large consultation\u00a0\u00bb autour du projet de loi d&rsquo;acc\u00e9l\u00e9ration des \u00e9nergies renouvelables promis par le pr\u00e9sident Emmanuel Macron, pour une pr\u00e9sentation du texte en Conseil des ministres \u00e0 la rentr\u00e9e, puis au Parlement en octobre. \u00ab\u00a0Nous avons aujourd&rsquo;hui saisi le Conseil national de la transition \u00e9nerg\u00e9tique du projet de loi acc\u00e9l\u00e9ration [&hellip;]<\/p>\n","protected":false},"author":1,"featured_media":2302,"comment_status":"open","ping_status":"closed","sticky":false,"template":"","format":"standard","meta":{"footnotes":""},"categories":[6],"tags":[469,356],"class_list":["post-11166","post","type-post","status-publish","format-standard","has-post-thumbnail","hentry","category-technologie","tag-energies-renouvelables","tag-rechauffement-climatique"],"aioseo_notices":[],"_links":{"self":[{"href":"https:\/\/www.culturalusa.com\/news\/wp-json\/wp\/v2\/posts\/11166","targetHints":{"allow":["GET"]}}],"collection":[{"href":"https:\/\/www.culturalusa.com\/news\/wp-json\/wp\/v2\/posts"}],"about":[{"href":"https:\/\/www.culturalusa.com\/news\/wp-json\/wp\/v2\/types\/post"}],"author":[{"embeddable":true,"href":"https:\/\/www.culturalusa.com\/news\/wp-json\/wp\/v2\/users\/1"}],"replies":[{"embeddable":true,"href":"https:\/\/www.culturalusa.com\/news\/wp-json\/wp\/v2\/comments?post=11166"}],"version-history":[{"count":1,"href":"https:\/\/www.culturalusa.com\/news\/wp-json\/wp\/v2\/posts\/11166\/revisions"}],"predecessor-version":[{"id":11167,"href":"https:\/\/www.culturalusa.com\/news\/wp-json\/wp\/v2\/posts\/11166\/revisions\/11167"}],"wp:featuredmedia":[{"embeddable":true,"href":"https:\/\/www.culturalusa.com\/news\/wp-json\/wp\/v2\/media\/2302"}],"wp:attachment":[{"href":"https:\/\/www.culturalusa.com\/news\/wp-json\/wp\/v2\/media?parent=11166"}],"wp:term":[{"taxonomy":"category","embeddable":true,"href":"https:\/\/www.culturalusa.com\/news\/wp-json\/wp\/v2\/categories?post=11166"},{"taxonomy":"post_tag","embeddable":true,"href":"https:\/\/www.culturalusa.com\/news\/wp-json\/wp\/v2\/tags?post=11166"}],"curies":[{"name":"wp","href":"https:\/\/api.w.org\/{rel}","templated":true}]}}