{"id":11169,"date":"2022-08-17T11:49:27","date_gmt":"2022-08-17T09:49:27","guid":{"rendered":"https:\/\/www.culturalusa.com\/news\/?p=11169"},"modified":"2022-08-17T11:54:25","modified_gmt":"2022-08-17T09:54:25","slug":"emmanuelle-wargon-nommee-a-la-tete-du-regulateur-de-lenergie","status":"publish","type":"post","link":"https:\/\/www.culturalusa.com\/news\/politique\/emmanuelle-wargon-nommee-a-la-tete-du-regulateur-de-lenergie\/","title":{"rendered":"Emmanuelle Wargon nomm\u00e9e \u00e0 la t\u00eate du r\u00e9gulateur de l&rsquo;\u00e9nergie"},"content":{"rendered":"<p>L&rsquo;ancienne ministre <strong>Emmanuelle Wargon<\/strong> a \u00e9t\u00e9 formellement nomm\u00e9e \u00e0 la t\u00eate de la Commission de r\u00e9gulation de l&rsquo;\u00e9nergie (CRE) par le pr\u00e9sident Emmanuel Macron, selon un d\u00e9cret paru mercredi, l&rsquo;opposition d&rsquo;une majorit\u00e9 de parlementaires ayant \u00e9t\u00e9 insuffisante pour bloquer cette nomination.<\/p>\n<blockquote><p>\u00ab\u00a0Par d\u00e9cret du Pr\u00e9sident de la R\u00e9publique en date du 16 ao\u00fbt 2022, Mme Emmanuelle Wargon est nomm\u00e9e pr\u00e9sidente de la Commission de r\u00e9gulation de l&rsquo;\u00e9nergie\u00a0\u00bb, indique le bref texte paru au Journal officiel.<\/p><\/blockquote>\n<p>Mme Wargon avait \u00e9t\u00e9 propos\u00e9e en juillet par l&rsquo;\u00c9lys\u00e9e pour pr\u00e9sider la CRE, l&rsquo;autorit\u00e9 ind\u00e9pendante charg\u00e9e de garantir le bon fonctionnement des march\u00e9s fran\u00e7ais de l&rsquo;\u00e9nergie \u00ab\u00a0au b\u00e9n\u00e9fice du consommateur\u00a0\u00bb, une mission d&rsquo;autant plus importante avec la crise sur les march\u00e9s internationaux. C&rsquo;est cette commission qui propose les tarifs r\u00e9glement\u00e9s du gaz et de l&rsquo;\u00e9lectricit\u00e9 en France.<\/p>\n<h3>Elle est nomm\u00e9e \u00ab\u00a0pour un mandat de six ans non renouvelable\u00a0\u00bb, pr\u00e9cise la CRE dans un communiqu\u00e9. Mme Wargon remplace Jean-Fran\u00e7ois Carenco, devenu ministre d\u00e9l\u00e9gu\u00e9 aux Outre-mer.<\/h3>\n<p>Les parlementaires s&rsquo;\u00e9taient d\u00e9but ao\u00fbt majoritairement exprim\u00e9s contre son arriv\u00e9e \u00e0 la t\u00eate du r\u00e9gulateur de l&rsquo;\u00e9nergie, mais n&rsquo;avaient pas r\u00e9uni la majorit\u00e9 qualifi\u00e9e n\u00e9cessaire pour faire capoter cette nomination souhait\u00e9e par l&rsquo;\u00c9lys\u00e9e.<\/p>\n<p>Mme Wargon avait recueilli au total 43 voix pour et 48 contre sa nomination au sein des deux chambres. Selon la Constitution, les parlementaires doivent toutefois r\u00e9unir \u00ab\u00a0au moins trois cinqui\u00e8mes des suffrages exprim\u00e9s\u00a0\u00bb pour s&rsquo;opposer \u00e0 une nomination propos\u00e9e par le pr\u00e9sident.<\/p>\n<p>Emmanuelle Wargon, 51 ans, a \u00e9t\u00e9 pendant le dernier quinquennat secr\u00e9taire d&rsquo;\u00c9tat \u00e0 l&rsquo;Ecologie (2018-2020), puis ministre du Logement (2020-2022). Candidate aux l\u00e9gislatives dans le Val-de-Marne en juin, elle avait \u00e9t\u00e9 battue au premier tour.<\/p>\n<p>Lors de ses auditions devant les parlementaires, elle les a assur\u00e9s de son ind\u00e9pendance.<\/p>\n<p>\u00ab\u00a0Cette nomination m&rsquo;honore et me conduit \u00e0 tourner la page de la politique. Conform\u00e9ment \u00e0 l&rsquo;engagement pris pendant les auditions parlementaires, j&rsquo;exercerai mon mandat en toute ind\u00e9pendance, au service des Fran\u00e7ais\u00a0\u00bb, a-t-elle d\u00e9clar\u00e9, cit\u00e9e dans le communiqu\u00e9 de la CRE. (AFP)<\/p>\n","protected":false},"excerpt":{"rendered":"<p>L&rsquo;ancienne ministre Emmanuelle Wargon a \u00e9t\u00e9 formellement nomm\u00e9e \u00e0 la t\u00eate de la Commission de r\u00e9gulation de l&rsquo;\u00e9nergie (CRE) par le pr\u00e9sident Emmanuel Macron, selon un d\u00e9cret paru mercredi, l&rsquo;opposition d&rsquo;une majorit\u00e9 de parlementaires ayant \u00e9t\u00e9 insuffisante pour bloquer cette nomination. \u00ab\u00a0Par d\u00e9cret du Pr\u00e9sident de la R\u00e9publique en date du 16 ao\u00fbt 2022, Mme [&hellip;]<\/p>\n","protected":false},"author":1,"featured_media":11170,"comment_status":"open","ping_status":"closed","sticky":false,"template":"","format":"standard","meta":{"footnotes":""},"categories":[1494],"tags":[933,2424,2425],"class_list":["post-11169","post","type-post","status-publish","format-standard","has-post-thumbnail","hentry","category-politique","tag-energie","tag-emmanuelle-wargon","tag-regulateur-de-lenergie"],"aioseo_notices":[],"_links":{"self":[{"href":"https:\/\/www.culturalusa.com\/news\/wp-json\/wp\/v2\/posts\/11169","targetHints":{"allow":["GET"]}}],"collection":[{"href":"https:\/\/www.culturalusa.com\/news\/wp-json\/wp\/v2\/posts"}],"about":[{"href":"https:\/\/www.culturalusa.com\/news\/wp-json\/wp\/v2\/types\/post"}],"author":[{"embeddable":true,"href":"https:\/\/www.culturalusa.com\/news\/wp-json\/wp\/v2\/users\/1"}],"replies":[{"embeddable":true,"href":"https:\/\/www.culturalusa.com\/news\/wp-json\/wp\/v2\/comments?post=11169"}],"version-history":[{"count":1,"href":"https:\/\/www.culturalusa.com\/news\/wp-json\/wp\/v2\/posts\/11169\/revisions"}],"predecessor-version":[{"id":11171,"href":"https:\/\/www.culturalusa.com\/news\/wp-json\/wp\/v2\/posts\/11169\/revisions\/11171"}],"wp:featuredmedia":[{"embeddable":true,"href":"https:\/\/www.culturalusa.com\/news\/wp-json\/wp\/v2\/media\/11170"}],"wp:attachment":[{"href":"https:\/\/www.culturalusa.com\/news\/wp-json\/wp\/v2\/media?parent=11169"}],"wp:term":[{"taxonomy":"category","embeddable":true,"href":"https:\/\/www.culturalusa.com\/news\/wp-json\/wp\/v2\/categories?post=11169"},{"taxonomy":"post_tag","embeddable":true,"href":"https:\/\/www.culturalusa.com\/news\/wp-json\/wp\/v2\/tags?post=11169"}],"curies":[{"name":"wp","href":"https:\/\/api.w.org\/{rel}","templated":true}]}}