{"id":11185,"date":"2022-09-01T12:18:28","date_gmt":"2022-09-01T10:18:28","guid":{"rendered":"https:\/\/www.culturalusa.com\/news\/?p=11185"},"modified":"2022-09-01T12:18:28","modified_gmt":"2022-09-01T10:18:28","slug":"retraite-nous-souhaitons-avancer-affirme-elisabeth-borne","status":"publish","type":"post","link":"https:\/\/www.culturalusa.com\/news\/politique\/retraite-nous-souhaitons-avancer-affirme-elisabeth-borne\/","title":{"rendered":"Retraite : \u00ab\u00a0Nous souhaitons avancer\u00a0\u00bb affirme Elisabeth Borne"},"content":{"rendered":"<p><strong>\u00c9lisabeth Borne<\/strong> a dit souhaiter \u00ab\u00a0avancer sur la r\u00e9forme des retraites mais dans la concertation\u00a0\u00bb, confirmant que des discussions allaient d\u00e9marrer sur le sujet apr\u00e8s le lancement du Conseil national de la refondation le 8 septembre.<\/p>\n<blockquote><p>\u00ab\u00a0Nous souhaitons avancer mais on est aussi dans une d\u00e9marche de concertation, d&rsquo;\u00e9coute, de recherche d&rsquo;un chemin. Il faut qu&rsquo;on ait ces discussions avec les organisations patronales et syndicales, et avec le Parlement\u00a0\u00bb, a affirm\u00e9 la Premi\u00e8re ministre sur France Inter, au lendemain d&rsquo;un s\u00e9minaire gouvernemental \u00e0 l&rsquo;issue duquel cette r\u00e9forme n&rsquo;a pas \u00e9t\u00e9 mentionn\u00e9e.<\/p><\/blockquote>\n<p>\u00ab\u00a0\u00c7a reste un enjeu tr\u00e8s important\u00a0\u00bb et \u00ab\u00a0les discussions, elles s&rsquo;engageront apr\u00e8s le Conseil national de la refondation\u00a0\u00bb, a soulign\u00e9 Mme Borne.<\/p>\n<p>\u00ab\u00a0Si on veut financer un mod\u00e8le social protecteur, il faut avoir des ressources et on ne peut pas se priver d&rsquo;une partie de notre capacit\u00e9 de travail pour cr\u00e9er les richesses. C&rsquo;est aussi important pour pouvoir demain financer la transition \u00e9cologique\u00a0\u00bb, a fait valoir la <strong>Premi\u00e8re ministre<\/strong>.<\/p>\n<p>Le rapport annuel du Conseil d&rsquo;orientation des retraites, qui pr\u00e9cisera notamment l&rsquo;ampleur des d\u00e9ficits du syst\u00e8me de retraites \u00e0 court et moyen terme, doit \u00eatre publi\u00e9 le 15 septembre.<\/p>\n<p>\u00ab\u00a0Dans la foul\u00e9e\u00a0\u00bb du CNR, cens\u00e9 r\u00e9unir partis, associations, patronat et syndicats sur les r\u00e9formes \u00e0 venir, \u00ab\u00a0on va avoir un programme de discussions, d&rsquo;abord sur l&rsquo;assurance ch\u00f4mage, avec les organisations patronales et syndicales, mais il faut aussi qu&rsquo;on puisse parler de ce sujet, qui est un sujet complexe\u00a0\u00bb, a d\u00e9taill\u00e9 la Premi\u00e8re ministre.<\/p>\n<p>Mme Borne veut notamment discuter de \u00ab\u00a0comment la part des seniors qui sont au travail peut augmenter\u00a0\u00bb et \u00ab\u00a0comment on peut travailler progressivement un peu plus longtemps\u00a0\u00bb. Elle a reconnu que le sujet \u00e9tait \u00ab\u00a0complexe\u00a0\u00bb, selon \u00ab\u00a0le m\u00e9tier que vous faites\u00a0\u00bb.<\/p>\n<p>La Premi\u00e8re ministre n&rsquo;avait pas cit\u00e9 cette r\u00e9forme dans les chantiers du gouvernement, mercredi \u00e0 l&rsquo;issue du s\u00e9minaire gouvernemental.<\/p>\n<p>Mais elle n&rsquo;est \u00ab\u00a0pas abandonn\u00e9e\u00a0\u00bb et son \u00ab\u00a0d\u00e9ploiement progressif\u00a0\u00bb sera men\u00e9 \u00ab\u00a0au cours de l&rsquo;ann\u00e9e 2023\u00a0\u00bb, avait affirm\u00e9 le porte-parole du gouvernement Olivier V\u00e9ran, jugeant \u00ab\u00a0fondamental de concerter\u00a0\u00bb en amont. \u00ab\u00a0Nous voulons r\u00e9former le travail dans son ensemble incluant la question des retraites\u00a0\u00bb, avait-il pr\u00e9cis\u00e9. (AFP)<\/p>\n","protected":false},"excerpt":{"rendered":"<p>\u00c9lisabeth Borne a dit souhaiter \u00ab\u00a0avancer sur la r\u00e9forme des retraites mais dans la concertation\u00a0\u00bb, confirmant que des discussions allaient d\u00e9marrer sur le sujet apr\u00e8s le lancement du Conseil national de la refondation le 8 septembre. \u00ab\u00a0Nous souhaitons avancer mais on est aussi dans une d\u00e9marche de concertation, d&rsquo;\u00e9coute, de recherche d&rsquo;un chemin. Il faut [&hellip;]<\/p>\n","protected":false},"author":1,"featured_media":11067,"comment_status":"open","ping_status":"closed","sticky":false,"template":"","format":"standard","meta":{"footnotes":""},"categories":[1494],"tags":[1577,2436,992,932],"class_list":["post-11185","post","type-post","status-publish","format-standard","has-post-thumbnail","hentry","category-politique","tag-elisabeth-borne","tag-premiere-ministre","tag-retraite","tag-retraites"],"aioseo_notices":[],"_links":{"self":[{"href":"https:\/\/www.culturalusa.com\/news\/wp-json\/wp\/v2\/posts\/11185","targetHints":{"allow":["GET"]}}],"collection":[{"href":"https:\/\/www.culturalusa.com\/news\/wp-json\/wp\/v2\/posts"}],"about":[{"href":"https:\/\/www.culturalusa.com\/news\/wp-json\/wp\/v2\/types\/post"}],"author":[{"embeddable":true,"href":"https:\/\/www.culturalusa.com\/news\/wp-json\/wp\/v2\/users\/1"}],"replies":[{"embeddable":true,"href":"https:\/\/www.culturalusa.com\/news\/wp-json\/wp\/v2\/comments?post=11185"}],"version-history":[{"count":1,"href":"https:\/\/www.culturalusa.com\/news\/wp-json\/wp\/v2\/posts\/11185\/revisions"}],"predecessor-version":[{"id":11186,"href":"https:\/\/www.culturalusa.com\/news\/wp-json\/wp\/v2\/posts\/11185\/revisions\/11186"}],"wp:featuredmedia":[{"embeddable":true,"href":"https:\/\/www.culturalusa.com\/news\/wp-json\/wp\/v2\/media\/11067"}],"wp:attachment":[{"href":"https:\/\/www.culturalusa.com\/news\/wp-json\/wp\/v2\/media?parent=11185"}],"wp:term":[{"taxonomy":"category","embeddable":true,"href":"https:\/\/www.culturalusa.com\/news\/wp-json\/wp\/v2\/categories?post=11185"},{"taxonomy":"post_tag","embeddable":true,"href":"https:\/\/www.culturalusa.com\/news\/wp-json\/wp\/v2\/tags?post=11185"}],"curies":[{"name":"wp","href":"https:\/\/api.w.org\/{rel}","templated":true}]}}