{"id":11188,"date":"2022-09-03T13:25:11","date_gmt":"2022-09-03T11:25:11","guid":{"rendered":"https:\/\/www.culturalusa.com\/news\/?p=11188"},"modified":"2022-09-03T13:26:30","modified_gmt":"2022-09-03T11:26:30","slug":"festival-de-cinema-americain-de-deauville-hommage-a-newton-john","status":"publish","type":"post","link":"https:\/\/www.culturalusa.com\/news\/culture\/festival-de-cinema-americain-de-deauville-hommage-a-newton-john\/","title":{"rendered":"Festival de cin\u00e9ma am\u00e9ricain de Deauville, hommage \u00e0 Newton-John"},"content":{"rendered":"<p>La 48e \u00e9dition du <strong>festival de cin\u00e9ma am\u00e9ricain de Deauville<\/strong>, en Normandie (nord de la France) qui se tient jusqu&rsquo;au 11 septembre, s&rsquo;est ouverte vendredi soir avec un hommage \u00e0 la star de \u00ab\u00a0Grease\u00a0\u00bb, <span style=\"color: #800000;\"><strong>Olivia Newton-John<\/strong><\/span>, d\u00e9c\u00e9d\u00e9e d\u00e9but ao\u00fbt, avant la projection du film d&rsquo;ouverture consacr\u00e9 \u00e0 l&rsquo;IVG, \u00ab\u00a0Call Jane\u00a0\u00bb.<\/p>\n<blockquote><p>Cheveux laqu\u00e9s et blouson de cuir, <strong>Olivia Newton-John<\/strong> alias \u00ab\u00a0Sandy\u00a0\u00bb est apparue \u00e0 l&rsquo;\u00e9cran du Centre International de Deauville dans l&rsquo;une des sc\u00e8nes les plus connues de la com\u00e9die culte \u00ab\u00a0<span style=\"color: #800000;\"><strong>Grease<\/strong><\/span>\u00ab\u00a0, aux c\u00f4t\u00e9s de <span style=\"color: #800000;\"><strong>John Travolta<\/strong><\/span>.<\/p><\/blockquote>\n<p>\u00ab\u00a0Hommage \u00e0 Olivia Newton-John\u00a0\u00bb, pouvait-on lire \u00e0 l&rsquo;\u00e9cran. La com\u00e9dienne est d\u00e9c\u00e9d\u00e9e d\u00e9but ao\u00fbt dans son ranch en Californie du Sud. Elle luttait depuis 30 ans contre un cancer du sein.<\/p>\n<h3>Le clip a \u00e9t\u00e9 acclam\u00e9 par les festivaliers.<\/h3>\n<p>Quelques minutes plus tard, le maire de la ville, Philippe Augier, et l&rsquo;ambassadrice am\u00e9ricaine en France, Denise Campbell Bauer, d\u00e9claraient ouverte la 48e \u00e9dition du festival.<\/p>\n<p>La c\u00e9r\u00e9monie d&rsquo;ouverture a aussi \u00e9t\u00e9 rythm\u00e9e par la remise du prix Nouvel Hollywood \u00e0 l&rsquo;actrice Lucy Boynton (\u00ab\u00a0Bohemian Rhapsody\u00a0\u00bb), par l&rsquo;actrice fran\u00e7aise \u00c9lodie Bouchez.<\/p>\n<p>Cr\u00e9\u00e9 en 2011, ce prix r\u00e9compense les visages de demain. Dans le pass\u00e9, il a \u00e9t\u00e9 attribu\u00e9 \u00e0 Jessica Chastain, Ryan Gosling ou encore Robert Pattinson.<\/p>\n<p>Au cours des neuf jours de festival &#8211; le palmar\u00e8s sera d\u00e9voil\u00e9 samedi soir prochain -, treize films sont en comp\u00e9tition. Sur ces treize long-m\u00e9trages, huit sont des premiers opus.<\/p>\n<p>Parmi eux, plusieurs p\u00e9pites d\u00e9j\u00e0 rep\u00e9r\u00e9es dans les diff\u00e9rentes sections du Festival de Cannes, comme \u00ab\u00a0War Pony\u00a0\u00bb de Gina Gammell et Riley Keough, la petite-fille d&rsquo;Elvis Presley, ou \u00ab\u00a0Aftersun\u00a0\u00bb, de la r\u00e9alisatrice Charlotte Wells.<\/p>\n<h3>Dans les temps forts, il faudra compter sur le film \u00ab\u00a0Blonde\u00a0\u00bb, biopic sur la vie de <span style=\"color: #800000;\">Marilyn Monroe<\/span>. Il sera pr\u00e9sent\u00e9 le 9 septembre, en pr\u00e9sence de son r\u00e9alisateur, Andrew Dominik (\u00ab\u00a0L&rsquo;Assassinat de Jesse James par le l\u00e2che Robert Ford\u00a0\u00bb, 2007) et son actrice principale, la Cubaine et ex-James Bond girl, Ana de Armas.<\/h3>\n<p>Le film, qui sortira le 28 septembre sur Netflix, est dans la course au Lion d&rsquo;Or \u00e0 la Mostra de Venise, o\u00f9 il sera officiellement projet\u00e9 le 8 septembre.<\/p>\n<p>Du c\u00f4t\u00e9 des documentaires, section toujours tr\u00e8s fournie \u00e0 Deauville, un film retient toutes les attentions: celui consacr\u00e9 au musicien canadien Leonard Cohen, d\u00e9c\u00e9d\u00e9 en 2016 \u00e0 l&rsquo;\u00e2ge de 82 ans.<\/p>\n<p>Intitul\u00e9 \u00ab\u00a0Hallelujah, les mots de Leonard Cohen\u00a0\u00bb, il est sign\u00e9 Dan Geller et Dayna Goldfine et revient, \u00e0 travers la chanson culte \u00ab\u00a0Hallelujah\u00a0\u00bb, sur la vie de cet artiste incontournable.<\/p>\n<p>Si la dose de glamour du festival sera sans conteste assur\u00e9e par Ana de Armas, la venue de l&rsquo;acteur devenu r\u00e9alisateur Jesse Eisenberg (\u00ab\u00a0The Social Network\u00a0\u00bb, 2010), qui pr\u00e9sentera \u00ab\u00a0When You Finish Saving The World\u00a0\u00bb, promet elle aussi un moment fort.<\/p>\n<p>Tout comme la projection, en cl\u00f4ture, du nouveau long-m\u00e9trage de l&rsquo;actrice am\u00e9ricaine Olivia Wilde, \u00ab\u00a0Don&rsquo;t Worry Darling\u00a0\u00bb avec Florence Pugh et la superstar de la pop Harry Styles. (AFP)<\/p>\n","protected":false},"excerpt":{"rendered":"<p>La 48e \u00e9dition du festival de cin\u00e9ma am\u00e9ricain de Deauville, en Normandie (nord de la France) qui se tient jusqu&rsquo;au 11 septembre, s&rsquo;est ouverte vendredi soir avec un hommage \u00e0 la star de \u00ab\u00a0Grease\u00a0\u00bb, Olivia Newton-John, d\u00e9c\u00e9d\u00e9e d\u00e9but ao\u00fbt, avant la projection du film d&rsquo;ouverture consacr\u00e9 \u00e0 l&rsquo;IVG, \u00ab\u00a0Call Jane\u00a0\u00bb. Cheveux laqu\u00e9s et blouson de [&hellip;]<\/p>\n","protected":false},"author":1,"featured_media":11189,"comment_status":"open","ping_status":"closed","sticky":false,"template":"","format":"standard","meta":{"footnotes":""},"categories":[4],"tags":[2437,2440,2439,2441,2438],"class_list":["post-11188","post","type-post","status-publish","format-standard","has-post-thumbnail","hentry","category-culture","tag-festival-de-cinema-americain-de-deauville","tag-grease","tag-john-travolta","tag-marilyn-monroe","tag-olivia-newton-john"],"aioseo_notices":[],"_links":{"self":[{"href":"https:\/\/www.culturalusa.com\/news\/wp-json\/wp\/v2\/posts\/11188","targetHints":{"allow":["GET"]}}],"collection":[{"href":"https:\/\/www.culturalusa.com\/news\/wp-json\/wp\/v2\/posts"}],"about":[{"href":"https:\/\/www.culturalusa.com\/news\/wp-json\/wp\/v2\/types\/post"}],"author":[{"embeddable":true,"href":"https:\/\/www.culturalusa.com\/news\/wp-json\/wp\/v2\/users\/1"}],"replies":[{"embeddable":true,"href":"https:\/\/www.culturalusa.com\/news\/wp-json\/wp\/v2\/comments?post=11188"}],"version-history":[{"count":1,"href":"https:\/\/www.culturalusa.com\/news\/wp-json\/wp\/v2\/posts\/11188\/revisions"}],"predecessor-version":[{"id":11190,"href":"https:\/\/www.culturalusa.com\/news\/wp-json\/wp\/v2\/posts\/11188\/revisions\/11190"}],"wp:featuredmedia":[{"embeddable":true,"href":"https:\/\/www.culturalusa.com\/news\/wp-json\/wp\/v2\/media\/11189"}],"wp:attachment":[{"href":"https:\/\/www.culturalusa.com\/news\/wp-json\/wp\/v2\/media?parent=11188"}],"wp:term":[{"taxonomy":"category","embeddable":true,"href":"https:\/\/www.culturalusa.com\/news\/wp-json\/wp\/v2\/categories?post=11188"},{"taxonomy":"post_tag","embeddable":true,"href":"https:\/\/www.culturalusa.com\/news\/wp-json\/wp\/v2\/tags?post=11188"}],"curies":[{"name":"wp","href":"https:\/\/api.w.org\/{rel}","templated":true}]}}