{"id":11194,"date":"2022-09-08T11:21:07","date_gmt":"2022-09-08T09:21:07","guid":{"rendered":"https:\/\/www.culturalusa.com\/news\/?p=11194"},"modified":"2022-09-08T11:30:22","modified_gmt":"2022-09-08T09:30:22","slug":"sante-niveau-de-vie-education-avec-le-covid-le-monde-est-revenu-5-ans-en-arriere","status":"publish","type":"post","link":"https:\/\/www.culturalusa.com\/news\/actualite\/sante-niveau-de-vie-education-avec-le-covid-le-monde-est-revenu-5-ans-en-arriere\/","title":{"rendered":"Sant\u00e9, niveau de vie, \u00e9ducation : avec le Covid, le monde est revenu 5 ans en arri\u00e8re"},"content":{"rendered":"<p>Confront\u00e9 \u00e0 une superposition de crises sans pr\u00e9c\u00e9dent, en particulier le Covid-19, le monde est revenu cinq ans en arri\u00e8re en mati\u00e8re de d\u00e9veloppement humain, alimentant \u00ab\u00a0m\u00e9fiance\u00a0\u00bb et \u00ab\u00a0frustration\u00a0\u00bb \u00e0 travers la plan\u00e8te, s&rsquo;alarme l&rsquo;ONU dans un rapport publi\u00e9 jeudi.<\/p>\n<blockquote><p>Pour la premi\u00e8re fois depuis sa cr\u00e9ation il y a plus de 30 ans, l&rsquo;Indice de d\u00e9veloppement humain, qui prend en compte esp\u00e9rance de vie, \u00e9ducation, et niveau de vie, a recul\u00e9 deux ann\u00e9es de suite, en 2020 et en 2021, s&rsquo;inqui\u00e8te le rapport du Programme de l&rsquo;ONU pour le d\u00e9veloppement.<\/p><\/blockquote>\n<p>\u00ab\u00a0Cela veut dire que nous mourons plus t\u00f4t, que nous sommes moins \u00e9duqu\u00e9s et que nos revenus baissent\u00a0\u00bb, \u00e9num\u00e8re son patron Achim Steiner lors d&rsquo;un entretien avec l&rsquo;AFP.<\/p>\n<p>\u00ab\u00a0Avec ces trois param\u00e8tres, vous pouvez avoir une id\u00e9e de pourquoi les gens commencent \u00e0 \u00eatre d\u00e9sesp\u00e9r\u00e9s, frustr\u00e9s, inquiets pour l&rsquo;avenir\u00a0\u00bb, insiste-t-il.<\/p>\n<p>Alors que l&rsquo;indice progressait de fa\u00e7on continue depuis des d\u00e9cennies, il est revenu en 2021 \u00e0 son niveau de 2016, \u00ab\u00a0effa\u00e7ant\u00a0\u00bb des ann\u00e9es de d\u00e9veloppement. En cause en particulier, le Covid, mais aussi les catastrophes climatiques qui se multiplient, et des crises qui se superposent sans donner le temps aux populations de reprendre leur souffle.<\/p>\n<h3>\u00ab\u00a0Nous avons v\u00e9cu des catastrophes avant, nous avons eu des conflits avant, mais la confluence de ce \u00e0 quoi nous sommes confront\u00e9s aujourd&rsquo;hui est un recul majeur pour le d\u00e9veloppement de l&rsquo;humanit\u00e9\u00a0\u00bb, insiste le patron du Pnud.<\/h3>\n<p>Ce recul est quasi universel, touchant plus de 90% des pays de la plan\u00e8te, m\u00eame si les in\u00e9galit\u00e9s entre pays sont toujours flagrantes. En haut de la liste, se trouvent toujours la Suisse, la Norv\u00e8ge et l&rsquo;Islande. Et tout en bas, le Soudan du Sud, devant le Tchad et le Niger.<\/p>\n<p>Et si certains pays commencent \u00e0 se remettre des impacts de la pand\u00e9mie, beaucoup d&rsquo;autres en Am\u00e9rique latine, en Afrique sub-saharienne, en Asie du Sud ou dans les Cara\u00efbes n&rsquo;ont pas eu le temps de se relever que s&rsquo;abattait d\u00e9j\u00e0 une nouvelle crise: la guerre en Ukraine.<\/p>\n<h3>\u00a0Paralys\u00e9. S\u00e9curit\u00e9 alimentaire et \u00e9nerg\u00e9tique.<\/h3>\n<p>Avec son impact majeur sur la s\u00e9curit\u00e9 alimentaire et \u00e9nerg\u00e9tique &#8212; pas encore pris en compte dans l&rsquo;indice qui s&rsquo;arr\u00eate \u00e0 2021&#8211; \u00ab\u00a0sans aucun doute, la perspective pour 2022 est sombre\u00a0\u00bb, a relev\u00e9 Achim Steiner.<\/p>\n<p>Le recul de l&rsquo;Indice de d\u00e9veloppement humain est en grande partie tir\u00e9 par la baisse de l&rsquo;esp\u00e9rance de vie de plus d&rsquo;un an et demi entre 2019 et 2021 (71,4 ans en 2021 contre 73 ans en 2019) alors que quelques mois sont en g\u00e9n\u00e9ral gagn\u00e9s chaque ann\u00e9e.<\/p>\n<p>\u00ab\u00a0Malgr\u00e9 la reprise importante de l&rsquo;\u00e9conomie en 2021, l&rsquo;esp\u00e9rance de vie continue \u00e0 d\u00e9cliner\u00a0\u00bb, a not\u00e9 l&rsquo;auteur du rapport Pedro Concei\u00e7ao lors d&rsquo;une conf\u00e9rence de presse, qualifiant ce d\u00e9clin de \u00ab\u00a0choc sans pr\u00e9c\u00e9dent\u00a0\u00bb.<\/p>\n<p>\u00ab\u00a0Aux Etats-Unis, il y a eu une baisse de deux ans de l&rsquo;esp\u00e9rance de vie, dans d&rsquo;autres pays la chute est encore plus grande\u00a0\u00bb.<\/p>\n<p>Le rapport d\u00e9crit aussi un monde et une population \u00ab\u00a0perturb\u00e9s\u00a0\u00bb par ces crises qui s&rsquo;accumulent et l'\u00a0\u00bbincertitude\u00a0\u00bb qui en d\u00e9coule.<\/p>\n<blockquote><p>\u00ab\u00a0Les gens ont perdu confiance\u00a0\u00bb, \u00ab\u00a0nos voisins deviennent parfois la principale menace, que ce soit au niveau local ou entre les nations. Et cela nous paralyse\u00a0\u00bb, estime Achim Steiner, craignant que toutes ces \u00ab\u00a0frustrations\u00a0\u00bb ne m\u00e8nent certains sur la voie des extr\u00eames et de la violence.<\/p><\/blockquote>\n<p>Alors \u00ab\u00a0nous ne pouvons plus continuer avec les r\u00e8gles du jeu du si\u00e8cle dernier, focalis\u00e9 sur la croissance \u00e9conomique\u00a0\u00bb, plaide-t-il. \u00ab\u00a0La transformation dont nous avons besoin requiert de nouveaux indicateurs: bas carbone, moins d&rsquo;in\u00e9galit\u00e9s, plus de durabilit\u00e9&#8230;\u00a0\u00bb.<\/p>\n<p>Le rapport sugg\u00e8re notamment de se concentrer sur trois axes: investissements notamment dans les \u00e9nergies renouvelables et la pr\u00e9paration aux futures pand\u00e9mies, assurance (y compris protection sociale) pour absorber les chocs, et innovations pour renforcer les capacit\u00e9s \u00e0 faire face aux prochaines crises.<\/p>\n<p>Le Pnud appelle \u00e9galement \u00e0 ne pas poursuivre la r\u00e9cente tendance \u00e0 la baisse de l&rsquo;aide au d\u00e9veloppement destin\u00e9e aux pays les plus vuln\u00e9rables.<\/p>\n<p>Ce serait une \u00ab\u00a0grave erreur\u00a0\u00bb, qui r\u00e9duirait \u00ab\u00a0nos capacit\u00e9s \u00e0 travailler ensemble\u00a0\u00bb, insiste Achim Steiner. Alors que \u00ab\u00a0changement climatique, pauvret\u00e9, cybercriminalit\u00e9, pand\u00e9mies n\u00e9cessitent que nous travaillions ensemble, en tant que communaut\u00e9 internationale\u00a0\u00bb.\u00a0 (AFP)<\/p>\n","protected":false},"excerpt":{"rendered":"<p>Confront\u00e9 \u00e0 une superposition de crises sans pr\u00e9c\u00e9dent, en particulier le Covid-19, le monde est revenu cinq ans en arri\u00e8re en mati\u00e8re de d\u00e9veloppement humain, alimentant \u00ab\u00a0m\u00e9fiance\u00a0\u00bb et \u00ab\u00a0frustration\u00a0\u00bb \u00e0 travers la plan\u00e8te, s&rsquo;alarme l&rsquo;ONU dans un rapport publi\u00e9 jeudi. Pour la premi\u00e8re fois depuis sa cr\u00e9ation il y a plus de 30 ans, l&rsquo;Indice [&hellip;]<\/p>\n","protected":false},"author":1,"featured_media":11195,"comment_status":"open","ping_status":"closed","sticky":false,"template":"","format":"standard","meta":{"footnotes":""},"categories":[30],"tags":[2445,1928,2444,935,2446],"class_list":["post-11194","post","type-post","status-publish","format-standard","has-post-thumbnail","hentry","category-actualite","tag-education","tag-covid","tag-niveau-de-vie","tag-sante","tag-ssecurite-alimentaire"],"aioseo_notices":[],"_links":{"self":[{"href":"https:\/\/www.culturalusa.com\/news\/wp-json\/wp\/v2\/posts\/11194","targetHints":{"allow":["GET"]}}],"collection":[{"href":"https:\/\/www.culturalusa.com\/news\/wp-json\/wp\/v2\/posts"}],"about":[{"href":"https:\/\/www.culturalusa.com\/news\/wp-json\/wp\/v2\/types\/post"}],"author":[{"embeddable":true,"href":"https:\/\/www.culturalusa.com\/news\/wp-json\/wp\/v2\/users\/1"}],"replies":[{"embeddable":true,"href":"https:\/\/www.culturalusa.com\/news\/wp-json\/wp\/v2\/comments?post=11194"}],"version-history":[{"count":3,"href":"https:\/\/www.culturalusa.com\/news\/wp-json\/wp\/v2\/posts\/11194\/revisions"}],"predecessor-version":[{"id":11198,"href":"https:\/\/www.culturalusa.com\/news\/wp-json\/wp\/v2\/posts\/11194\/revisions\/11198"}],"wp:featuredmedia":[{"embeddable":true,"href":"https:\/\/www.culturalusa.com\/news\/wp-json\/wp\/v2\/media\/11195"}],"wp:attachment":[{"href":"https:\/\/www.culturalusa.com\/news\/wp-json\/wp\/v2\/media?parent=11194"}],"wp:term":[{"taxonomy":"category","embeddable":true,"href":"https:\/\/www.culturalusa.com\/news\/wp-json\/wp\/v2\/categories?post=11194"},{"taxonomy":"post_tag","embeddable":true,"href":"https:\/\/www.culturalusa.com\/news\/wp-json\/wp\/v2\/tags?post=11194"}],"curies":[{"name":"wp","href":"https:\/\/api.w.org\/{rel}","templated":true}]}}