{"id":11209,"date":"2022-09-13T16:39:41","date_gmt":"2022-09-13T14:39:41","guid":{"rendered":"https:\/\/www.culturalusa.com\/news\/?p=11209"},"modified":"2022-09-13T16:39:41","modified_gmt":"2022-09-13T14:39:41","slug":"aide-active-a-mourir-premiere-etape-vers-une-nouvelle-modification-de-la-loi","status":"publish","type":"post","link":"https:\/\/www.culturalusa.com\/news\/politique\/aide-active-a-mourir-premiere-etape-vers-une-nouvelle-modification-de-la-loi\/","title":{"rendered":"Aide active \u00e0 mourir : premi\u00e8re \u00e9tape vers une nouvelle modification de la loi"},"content":{"rendered":"<p>Il est possible de l\u00e9galiser une <strong>aide active \u00e0 mourir<\/strong>, mais \u00e0 de \u00ab\u00a0strictes\u00a0\u00bb conditions. Rendu mardi par le Comit\u00e9 d&rsquo;\u00e9thique, cet avis a \u00e9t\u00e9 imm\u00e9diatement suivi du lancement, par Emmanuel Macron, de premi\u00e8res d\u00e9marches en vue d&rsquo;un \u00e9ventuel changement de loi.<\/p>\n<blockquote><p>Le pr\u00e9sident de la R\u00e9publique a annonc\u00e9 le lancement d&rsquo;une consultation citoyenne sur la fin de vie qui rendra en mars ses conclusions en vue d&rsquo;un \u00e9ventuel changement de \u00ab\u00a0cadre l\u00e9gal\u00a0\u00bb d&rsquo;ici \u00e0 la fin 2023. Il n&rsquo;exclut ni une issue par voie parlementaire, ni un r\u00e9f\u00e9rendum.<\/p><\/blockquote>\n<p>Emmanuel Macron, qui envisage d&rsquo;en faire la grande r\u00e9forme soci\u00e9tale de son second quinquennat, avait r\u00e9cemment relanc\u00e9 le sujet et, pour donner le signal de d\u00e9part, n&rsquo;attendait plus que l&rsquo;avis du Comit\u00e9 consultatif national d&rsquo;\u00e9thique (CCNE).<\/p>\n<p>Apr\u00e8s diverses \u00e9volutions l\u00e9gislatives, m\u00e9dicales et soci\u00e9tales ces derni\u00e8res ann\u00e9es, le CCNE a rendu mardi un avis tr\u00e8s nuanc\u00e9 mais acceptant, pour la premi\u00e8re fois, la possibilit\u00e9 d&rsquo;une aide \u00ab\u00a0active\u00a0\u00bb \u00e0 mourir.<\/p>\n<p>Le comit\u00e9, auto-saisi de la question l&rsquo;an dernier, \u00ab\u00a0joue son r\u00f4le de boussole pour essayer d&rsquo;avancer sur un probl\u00e8me extr\u00eamement complexe\u00a0\u00bb: savoir \u00ab\u00a0si notre mort nous appartient\u00a0\u00bb, a d\u00e9clar\u00e9 son pr\u00e9sident Jean-Fran\u00e7ois Delfraissy en conf\u00e9rence de presse.<\/p>\n<p>Jusqu&rsquo;alors, l&rsquo;organisme \u00e9tait d\u00e9favorable \u00e0 une modification de la loi Claeys-Leonetti qui encadre la fin de vie des malades incurables en France.<\/p>\n<p>Adopt\u00e9e en 2016, apr\u00e8s une premi\u00e8re version en 2005, elle interdit l&rsquo;euthanasie et le suicide assist\u00e9 mais permet une \u00ab\u00a0s\u00e9dation profonde et continue jusqu&rsquo;au d\u00e9c\u00e8s\u00a0\u00bb pour des malades en phase terminale et en tr\u00e8s grande souffrance, au pronostic vital engag\u00e9 \u00e0 court terme.<\/p>\n<p>Si elle \u00ab\u00a0doit \u00eatre mieux appliqu\u00e9e, connue\u00a0\u00bb, il existe \u00ab\u00a0un certain nombre de situations (&#8230;) auxquelles la loi ne r\u00e9pond pas compl\u00e8tement\u00a0\u00bb, a expliqu\u00e9 M. Delfraissy.<\/p>\n<p>Le Comit\u00e9 d&rsquo;\u00e9thique juge donc possible \u00ab\u00a0une voie pour une application \u00e9thique d&rsquo;une aide active \u00e0 mourir\u00a0\u00bb pour des patients au pronostic vital engag\u00e9 \u00e0 \u00ab\u00a0moyen terme\u00a0\u00bb, \u00e0 quelques semaines ou mois, et aux souffrances physiques et\/ou psychiques insupportables.<\/p>\n<p>Une telle \u00e9volution, dont il renvoie la responsabilit\u00e9 au l\u00e9gislateur, ne pourrait se faire qu&rsquo;\u00e0 de \u00ab\u00a0strictes\u00a0\u00bb conditions: demande d&rsquo;aide active \u00e0 mourir \u00ab\u00a0libre, \u00e9clair\u00e9e et r\u00e9it\u00e9r\u00e9e\u00a0\u00bb par le patient, analys\u00e9e par des soignants dans une \u00ab\u00a0proc\u00e9dure coll\u00e9giale\u00a0\u00bb.<\/p>\n<p>Les soignants impliqu\u00e9s devraient pouvoir b\u00e9n\u00e9ficier d&rsquo;une clause de conscience.<\/p>\n<p>Le comit\u00e9 plaide, \u00ab\u00a0de mani\u00e8re indissociable\u00a0\u00bb, pour un renforcement des soins palliatifs, soulignant que les d\u00e9bats sur la fin de vie ne doivent pas se r\u00e9sumer \u00e0 l&rsquo;euthanasie ou au suicide assist\u00e9.<\/p>\n<p>Et il ne pr\u00e9sente pas un visage unanime. Huit de ses 45 membres ont exprim\u00e9 une \u00ab\u00a0r\u00e9serve\u00a0\u00bb, publi\u00e9e en fin d&rsquo;avis, et diverses \u00ab\u00a0inqui\u00e9tudes\u00a0\u00bb sur un nouveau \u00ab\u00a0pas l\u00e9gislatif\u00a0\u00bb sans \u00ab\u00a0efforts pr\u00e9alables\u00a0\u00bb sur l&rsquo;application des lois existantes ou les soins palliatifs.<\/p>\n<h3>Un d\u00e9bat jug\u00e9 essentiel<\/h3>\n<p>La fin de vie fait r\u00e9guli\u00e8rement ressurgir des d\u00e9bats en France, notamment face \u00e0 d&rsquo;autres pays europ\u00e9ens, tels la Belgique ou les Pays-Bas, o\u00f9 la l\u00e9gislation a chang\u00e9 ces derni\u00e8res ann\u00e9es pour autoriser l&rsquo;euthanasie de mani\u00e8re tr\u00e8s encadr\u00e9e.<\/p>\n<p>En Espagne, \u00ab\u00a0un comit\u00e9 d&rsquo;\u00e9thique a pris position pour une \u00e9ventuelle \u00e9volution de la loi, le l\u00e9gislateur a fait voter la loi sans prendre trop le temps d&rsquo;une v\u00e9ritable discussion avec citoyens et professionnels, deux ans et demi plus tard les soignants ne s&rsquo;y retrouvent pas\u00a0\u00bb, a averti le Pr Delfraissy.<\/p>\n<p>Symbole de ces disparit\u00e9s d&rsquo;un pays \u00e0 l&rsquo;autre, le cin\u00e9aste Jean-Luc Godard est d\u00e9c\u00e9d\u00e9 mardi apr\u00e8s avoir eu recours \u00e0 l&rsquo;assistance au suicide en Suisse, o\u00f9 il r\u00e9sidait.<\/p>\n<p>Le CCNE plaide en France pour un d\u00e9bat national, plut\u00f4t que pour un r\u00e9f\u00e9rendum.<\/p>\n<p>S&rsquo;il a, par le pass\u00e9, exprim\u00e9 un int\u00e9r\u00eat pour \u00ab\u00a0le mod\u00e8le belge\u00a0\u00bb, Emmanuel Macron a redit lundi que son \u00ab\u00a0opinion personnelle importe peu\u00a0\u00bb.<\/p>\n<p>Lors du pr\u00e9c\u00e9dent quinquennat, l&rsquo;ex\u00e9cutif avait ainsi d\u00e9cid\u00e9 que la fin de vie ne figurerait pas dans la loi de bio\u00e9thique.<\/p>\n<p>Reste que le pr\u00e9sident a d\u00e9cid\u00e9 de relancer le sujet dans un contexte o\u00f9 la notion d&rsquo;euthanasie semble davantage accept\u00e9e par l&rsquo;opinion et une partie des politiques.<\/p>\n<p>Pour Jean-Luc Romero-Michel, ex-pr\u00e9sident de l&rsquo;Association pour le droit de mourir dans la dignit\u00e9 (ADMD), l&rsquo;ex\u00e9cutif dispose d\u00e9sormais d&rsquo;une \u00ab\u00a0\u00e9norme majorit\u00e9\u00a0\u00bb pour voter un tel texte.<\/p>\n<p>Si une nouvelle loi pourrait mettre d&rsquo;accord la gauche et une partie du centre, elle risque de susciter de vives r\u00e9ticences \u00e0 droite et \u00e0 l&rsquo;extr\u00eame droite.<\/p>\n<p>Et, parmi des soignants, des avertissements montent. Huit organisations de soignants ou d&rsquo;\u00e9tablissements pratiquant des soins palliatifs se sont inqui\u00e9t\u00e9s mardi des effets d&rsquo;un \u00ab\u00a0changement \u00e9thique majeur\u00a0\u00bb, soulignant que \u00ab\u00a0donner la mort n&rsquo;est pas un soin\u00a0\u00bb. (AFP)<\/p>\n","protected":false},"excerpt":{"rendered":"<p>Il est possible de l\u00e9galiser une aide active \u00e0 mourir, mais \u00e0 de \u00ab\u00a0strictes\u00a0\u00bb conditions. Rendu mardi par le Comit\u00e9 d&rsquo;\u00e9thique, cet avis a \u00e9t\u00e9 imm\u00e9diatement suivi du lancement, par Emmanuel Macron, de premi\u00e8res d\u00e9marches en vue d&rsquo;un \u00e9ventuel changement de loi. Le pr\u00e9sident de la R\u00e9publique a annonc\u00e9 le lancement d&rsquo;une consultation citoyenne sur [&hellip;]<\/p>\n","protected":false},"author":1,"featured_media":11210,"comment_status":"open","ping_status":"closed","sticky":false,"template":"","format":"standard","meta":{"footnotes":""},"categories":[1494],"tags":[2455,1811,2456],"class_list":["post-11209","post","type-post","status-publish","format-standard","has-post-thumbnail","hentry","category-politique","tag-aide-active-a-mourir","tag-euthanasie","tag-legislation-sur-leuthanasie"],"aioseo_notices":[],"_links":{"self":[{"href":"https:\/\/www.culturalusa.com\/news\/wp-json\/wp\/v2\/posts\/11209","targetHints":{"allow":["GET"]}}],"collection":[{"href":"https:\/\/www.culturalusa.com\/news\/wp-json\/wp\/v2\/posts"}],"about":[{"href":"https:\/\/www.culturalusa.com\/news\/wp-json\/wp\/v2\/types\/post"}],"author":[{"embeddable":true,"href":"https:\/\/www.culturalusa.com\/news\/wp-json\/wp\/v2\/users\/1"}],"replies":[{"embeddable":true,"href":"https:\/\/www.culturalusa.com\/news\/wp-json\/wp\/v2\/comments?post=11209"}],"version-history":[{"count":1,"href":"https:\/\/www.culturalusa.com\/news\/wp-json\/wp\/v2\/posts\/11209\/revisions"}],"predecessor-version":[{"id":11211,"href":"https:\/\/www.culturalusa.com\/news\/wp-json\/wp\/v2\/posts\/11209\/revisions\/11211"}],"wp:featuredmedia":[{"embeddable":true,"href":"https:\/\/www.culturalusa.com\/news\/wp-json\/wp\/v2\/media\/11210"}],"wp:attachment":[{"href":"https:\/\/www.culturalusa.com\/news\/wp-json\/wp\/v2\/media?parent=11209"}],"wp:term":[{"taxonomy":"category","embeddable":true,"href":"https:\/\/www.culturalusa.com\/news\/wp-json\/wp\/v2\/categories?post=11209"},{"taxonomy":"post_tag","embeddable":true,"href":"https:\/\/www.culturalusa.com\/news\/wp-json\/wp\/v2\/tags?post=11209"}],"curies":[{"name":"wp","href":"https:\/\/api.w.org\/{rel}","templated":true}]}}