{"id":11231,"date":"2022-10-01T15:13:56","date_gmt":"2022-10-01T13:13:56","guid":{"rendered":"https:\/\/www.culturalusa.com\/news\/?p=11231"},"modified":"2022-10-01T15:23:59","modified_gmt":"2022-10-01T13:23:59","slug":"energie-letat-enterine-la-prolongation-de-laide-gaz-et-electricite-aux-entreprises","status":"publish","type":"post","link":"https:\/\/www.culturalusa.com\/news\/politique\/energie-letat-enterine-la-prolongation-de-laide-gaz-et-electricite-aux-entreprises\/","title":{"rendered":"\u00c9nergie : L&rsquo;Etat ent\u00e9rine la prolongation de l&rsquo;aide \u00ab\u00a0gaz et \u00e9lectricit\u00e9\u00a0\u00bb aux entreprises"},"content":{"rendered":"<h2>Le gouvernement a ent\u00e9rin\u00e9 la prolongation jusqu&rsquo;\u00e0 la fin d\u00e9cembre du fonds de soutien aux entreprises grandes consommatrices de gaz et d&rsquo;\u00e9lectricit\u00e9 afin de r\u00e9pondre \u00e0 la flamb\u00e9e des prix de l&rsquo;\u00e9nergie, selon un d\u00e9cret publi\u00e9 au Journal officiel.<\/h2>\n<p>Ce texte a pour objet le \u00ab\u00a0prolongement jusqu&rsquo;en d\u00e9cembre 2022 de l&rsquo;aide en faveur des entreprises grandes consommatrices d&rsquo;\u00e9nergie qui sont particuli\u00e8rement affect\u00e9es par les cons\u00e9quences \u00e9conomiques et financi\u00e8res de la guerre en Ukraine en raison de la hausse des co\u00fbts d&rsquo;approvisionnement du gaz naturel ou de l&rsquo;\u00e9lectricit\u00e9\u00a0\u00bb.<\/p>\n<p>Comme pr\u00e9cis\u00e9 d\u00e9but septembre, lorsque ce dispositif qui devait s&rsquo;arr\u00eater initialement fin ao\u00fbt avait \u00e9t\u00e9 prolong\u00e9, le gouvernement a \u00e9galement proc\u00e9d\u00e9 \u00e0 sa simplification pour permettre \u00e0 davantage d&rsquo;entreprises d&rsquo;y avoir recours.<\/p>\n<p>L&rsquo;Etat a notamment supprim\u00e9, pour l&rsquo;aide plafonn\u00e9e \u00e0 deux millions d&rsquo;euros, le seuil de 30% de baisse de l&rsquo;exc\u00e9dent brut d&rsquo;exploitation sur un trimestre, condition impos\u00e9e jusqu&rsquo;ici pour d\u00e9bloquer l&rsquo;aide. Une simple baisse de cet exc\u00e9dent brut d&rsquo;exploitation, calcul\u00e9e sur une base mensuelle par rapport \u00e0 2021, est d\u00e9sormais suffisante.<\/p>\n<p>\u00ab\u00a0Lorsqu&rsquo;un dispositif ne marche pas il faut le changer\u00a0\u00bb, avait constat\u00e9 Bruno Le Maire qui l&rsquo;avait lui-m\u00eame jug\u00e9 \u00ab\u00a0trop compliqu\u00e9\u00a0\u00bb d\u00e9but septembre.<\/p>\n<blockquote><p>Le dispositif s&rsquo;applique aux entreprises dont les co\u00fbts de gaz et d&rsquo;\u00e9lectricit\u00e9 sont sup\u00e9rieurs \u00e0 3% du chiffre d&rsquo;affaires en 2021. Il est dot\u00e9 de 3 milliards d&rsquo;euros de cr\u00e9dits mais \u00e9tait \u00ab\u00a0peu utilis\u00e9\u00a0\u00bb, d&rsquo;o\u00f9 la simplification, avait soulign\u00e9 le minist\u00e8re.<\/p><\/blockquote>\n<p>Pour les aides les plus importantes, plafonn\u00e9es respectivement \u00e0 25 et 50 millions d&rsquo;euros, un assouplissement des crit\u00e8res est encore en discussion avec la Commission europ\u00e9enne, a pr\u00e9cis\u00e9 Bercy, interrog\u00e9 par l&rsquo;AFP.<\/p>\n","protected":false},"excerpt":{"rendered":"<p>Le gouvernement a ent\u00e9rin\u00e9 la prolongation jusqu&rsquo;\u00e0 la fin d\u00e9cembre du fonds de soutien aux entreprises grandes consommatrices de gaz et d&rsquo;\u00e9lectricit\u00e9 afin de r\u00e9pondre \u00e0 la flamb\u00e9e des prix de l&rsquo;\u00e9nergie, selon un d\u00e9cret publi\u00e9 au Journal officiel. Ce texte a pour objet le \u00ab\u00a0prolongement jusqu&rsquo;en d\u00e9cembre 2022 de l&rsquo;aide en faveur des entreprises [&hellip;]<\/p>\n","protected":false},"author":1,"featured_media":11233,"comment_status":"open","ping_status":"closed","sticky":false,"template":"","format":"standard","meta":{"footnotes":""},"categories":[1494],"tags":[1721,975,933,2157,2391],"class_list":["post-11231","post","type-post","status-publish","format-standard","has-post-thumbnail","hentry","category-politique","tag-economie-francaise","tag-electricite","tag-energie","tag-entreprises-francaises","tag-gaz"],"aioseo_notices":[],"_links":{"self":[{"href":"https:\/\/www.culturalusa.com\/news\/wp-json\/wp\/v2\/posts\/11231","targetHints":{"allow":["GET"]}}],"collection":[{"href":"https:\/\/www.culturalusa.com\/news\/wp-json\/wp\/v2\/posts"}],"about":[{"href":"https:\/\/www.culturalusa.com\/news\/wp-json\/wp\/v2\/types\/post"}],"author":[{"embeddable":true,"href":"https:\/\/www.culturalusa.com\/news\/wp-json\/wp\/v2\/users\/1"}],"replies":[{"embeddable":true,"href":"https:\/\/www.culturalusa.com\/news\/wp-json\/wp\/v2\/comments?post=11231"}],"version-history":[{"count":1,"href":"https:\/\/www.culturalusa.com\/news\/wp-json\/wp\/v2\/posts\/11231\/revisions"}],"predecessor-version":[{"id":11232,"href":"https:\/\/www.culturalusa.com\/news\/wp-json\/wp\/v2\/posts\/11231\/revisions\/11232"}],"wp:featuredmedia":[{"embeddable":true,"href":"https:\/\/www.culturalusa.com\/news\/wp-json\/wp\/v2\/media\/11233"}],"wp:attachment":[{"href":"https:\/\/www.culturalusa.com\/news\/wp-json\/wp\/v2\/media?parent=11231"}],"wp:term":[{"taxonomy":"category","embeddable":true,"href":"https:\/\/www.culturalusa.com\/news\/wp-json\/wp\/v2\/categories?post=11231"},{"taxonomy":"post_tag","embeddable":true,"href":"https:\/\/www.culturalusa.com\/news\/wp-json\/wp\/v2\/tags?post=11231"}],"curies":[{"name":"wp","href":"https:\/\/api.w.org\/{rel}","templated":true}]}}