{"id":11250,"date":"2022-10-19T22:08:45","date_gmt":"2022-10-19T20:08:45","guid":{"rendered":"https:\/\/www.culturalusa.com\/news\/?p=11250"},"modified":"2022-10-19T22:08:45","modified_gmt":"2022-10-19T20:08:45","slug":"crise-de-lenergie-selon-le-maire-quand-les-prix-semballent-les-etats-doivent-intervenir","status":"publish","type":"post","link":"https:\/\/www.culturalusa.com\/news\/economie\/crise-de-lenergie-selon-le-maire-quand-les-prix-semballent-les-etats-doivent-intervenir\/","title":{"rendered":"Crise de l&rsquo;\u00e9nergie: selon Le Maire, \u00ab\u00a0Quand les prix s&#8217;emballent, les Etats doivent intervenir\u00a0\u00bb"},"content":{"rendered":"<p>Les Etats doivent intervenir pour r\u00e9guler les prix de l&rsquo;\u00e9nergie quand les march\u00e9s se montrent incapables de le faire, a estim\u00e9 dans un entretien \u00e0 l&rsquo;AFP le ministre de l&rsquo;Economie <strong>Bruno Le Maire<\/strong>.<\/p>\n<p>\u00ab\u00a0Nous continuons \u00e0 penser avec le pr\u00e9sident de la R\u00e9publique qu&rsquo;il est dans l&rsquo;int\u00e9r\u00eat de tous les pays europ\u00e9ens de faire baisser les prix de l&rsquo;\u00e9nergie sur le march\u00e9. Quand les prix s&#8217;emballent, les Etats doivent intervenir.<\/p>\n<blockquote><p>Les prix atteignent des sommets, les Etats doivent intervenir\u00a0\u00bb, a expliqu\u00e9 Bruno le Maire, avant un entretien avec ses homologues allemands Robert Habeck (Economie et protection du climat) et Christian Lindner (Finances).<\/p><\/blockquote>\n<p>A l&rsquo;issue de la r\u00e9union, le ministre fran\u00e7ais a r\u00e9it\u00e9r\u00e9 la \u00ab\u00a0n\u00e9cessit\u00e9 de soutenir \u00e0 la fois les m\u00e9nages et les entreprises priv\u00e9es dans cette lutte contre l&rsquo;inflation\u00a0\u00bb en employant \u00ab\u00a0tous les moyens possibles\u00a0\u00bb.<\/p>\n<p>Christian Lindner l&rsquo;a rejoint en ajoutant toutefois qu&rsquo;il ne fallait pas \u00ab\u00a0alimenter davantage l&rsquo;inflation en renfor\u00e7ant la demande\u00a0\u00bb ni \u00ab\u00a0contrer les mesures des banques centrales\u00a0\u00bb, qui augmentent leurs taux pour limiter la hausse des prix.<\/p>\n<p>Pour faire baisser les prix de l&rsquo;\u00e9nergie, la Commission europ\u00e9enne a pr\u00e9sent\u00e9 mardi des propositions visant \u00e0 r\u00e9former l&rsquo;indice phare du march\u00e9 gazier, \u00e9viter des prix extr\u00eames et d\u00e9finir un niveau obligatoire d&rsquo;achats en commun, mais sans plafonner le prix du gaz utilis\u00e9 pour produire de l&rsquo;\u00e9lectricit\u00e9, \u00e0 l&rsquo;instar de ce qui a \u00e9t\u00e9 mis en oeuvre en Espagne et au Portugal.<\/p>\n<p>La France essaye depuis des semaines \u00ab\u00a0d&rsquo;obtenir un accord sur la baisse des prix de l&rsquo;\u00e9lectricit\u00e9 au niveau europ\u00e9en, notamment par l&rsquo;extension du m\u00e9canisme ib\u00e9rique \u00e0 tout le continent europ\u00e9en.<\/p>\n<h3>Nous continuerons \u00e0 nous battre dans ce sens, comme nous continuerons \u00e0 nous battre pour la disjonction du prix du gaz et du prix de l&rsquo;\u00e9lectricit\u00e9\u00a0\u00bb, a d\u00e9clar\u00e9 \u00e0 l&rsquo;AFP le ministre fran\u00e7ais. L&rsquo;Allemagne y est elle r\u00e9ticente.<\/h3>\n<p>Si la Commission europ\u00e9enne ne fait rien sur les prix de l&rsquo;\u00e9nergie, \u00ab\u00a0c&rsquo;est une forme de suicide \u00e9conomique de l&rsquo;Europe\u00a0\u00bb, a averti au micro de BFM Business Jacques Creyssel, d\u00e9l\u00e9gu\u00e9 g\u00e9n\u00e9ral de la F\u00e9d\u00e9ration du Commerce et de la Distribution.<\/p>\n<p>\u00ab\u00a0Il va falloir augmenter massivement les prix pour tenir mais en m\u00eame temps si on le fait, il va y avoir une d\u00e9gradation des volumes vendus\u00a0\u00bb, a-t-il ajout\u00e9, mettant en garde contre un effondrement du syst\u00e8me qui ne laisserait pas le choix quant \u00e0 \u00ab\u00a0un nouveau quoi qu&rsquo;il en co\u00fbte\u00a0\u00bb.<\/p>\n<p>Bruno Le Maire a d\u00e9clar\u00e9 vouloir \u00ab\u00a0maintenir le filet de s\u00e9curit\u00e9 qui existe d\u00e9j\u00e0 pour les plus petites entreprises. 1,5 million de TPE sont aux tarifs r\u00e9gul\u00e9s de vente (TRV). Nous maintiendrons ce tarif-l\u00e0\u00a0\u00bb.<\/p>\n<p>Pour les autres entreprises \u00e9nergo-intensives, \u00ab\u00a0nous pr\u00e9senterons des solutions dans les jours qui viennent, et nous y travaillons notamment avec la CPME\u00a0\u00bb, a encore indiqu\u00e9 Bruno Le Maire.<\/p>\n","protected":false},"excerpt":{"rendered":"<p>Les Etats doivent intervenir pour r\u00e9guler les prix de l&rsquo;\u00e9nergie quand les march\u00e9s se montrent incapables de le faire, a estim\u00e9 dans un entretien \u00e0 l&rsquo;AFP le ministre de l&rsquo;Economie Bruno Le Maire. \u00ab\u00a0Nous continuons \u00e0 penser avec le pr\u00e9sident de la R\u00e9publique qu&rsquo;il est dans l&rsquo;int\u00e9r\u00eat de tous les pays europ\u00e9ens de faire baisser [&hellip;]<\/p>\n","protected":false},"author":1,"featured_media":7264,"comment_status":"open","ping_status":"closed","sticky":false,"template":"","format":"standard","meta":{"footnotes":""},"categories":[1],"tags":[933,1782,2485],"class_list":["post-11250","post","type-post","status-publish","format-standard","has-post-thumbnail","hentry","category-economie","tag-energie","tag-bruno-le-maire","tag-crise-de-lenergie"],"aioseo_notices":[],"_links":{"self":[{"href":"https:\/\/www.culturalusa.com\/news\/wp-json\/wp\/v2\/posts\/11250","targetHints":{"allow":["GET"]}}],"collection":[{"href":"https:\/\/www.culturalusa.com\/news\/wp-json\/wp\/v2\/posts"}],"about":[{"href":"https:\/\/www.culturalusa.com\/news\/wp-json\/wp\/v2\/types\/post"}],"author":[{"embeddable":true,"href":"https:\/\/www.culturalusa.com\/news\/wp-json\/wp\/v2\/users\/1"}],"replies":[{"embeddable":true,"href":"https:\/\/www.culturalusa.com\/news\/wp-json\/wp\/v2\/comments?post=11250"}],"version-history":[{"count":1,"href":"https:\/\/www.culturalusa.com\/news\/wp-json\/wp\/v2\/posts\/11250\/revisions"}],"predecessor-version":[{"id":11251,"href":"https:\/\/www.culturalusa.com\/news\/wp-json\/wp\/v2\/posts\/11250\/revisions\/11251"}],"wp:featuredmedia":[{"embeddable":true,"href":"https:\/\/www.culturalusa.com\/news\/wp-json\/wp\/v2\/media\/7264"}],"wp:attachment":[{"href":"https:\/\/www.culturalusa.com\/news\/wp-json\/wp\/v2\/media?parent=11250"}],"wp:term":[{"taxonomy":"category","embeddable":true,"href":"https:\/\/www.culturalusa.com\/news\/wp-json\/wp\/v2\/categories?post=11250"},{"taxonomy":"post_tag","embeddable":true,"href":"https:\/\/www.culturalusa.com\/news\/wp-json\/wp\/v2\/tags?post=11250"}],"curies":[{"name":"wp","href":"https:\/\/api.w.org\/{rel}","templated":true}]}}