{"id":11252,"date":"2022-10-21T17:17:19","date_gmt":"2022-10-21T15:17:19","guid":{"rendered":"https:\/\/www.culturalusa.com\/news\/?p=11252"},"modified":"2022-10-21T17:17:19","modified_gmt":"2022-10-21T15:17:19","slug":"face-a-la-russie-la-finlande-veut-son-nouveau-rideau-de-fer","status":"publish","type":"post","link":"https:\/\/www.culturalusa.com\/news\/monde\/face-a-la-russie-la-finlande-veut-son-nouveau-rideau-de-fer\/","title":{"rendered":"Face \u00e0 la Russie, la Finlande veut son nouveau rideau de fer"},"content":{"rendered":"<p>Plus de\u00a030\u00a0ans apr\u00e8s la fin de la Guerre froide, la Finlande pr\u00e9voit d&rsquo;\u00e9riger des dizaines de kilom\u00e8tres de barri\u00e8res et de barbel\u00e9s \u00e0 sa fronti\u00e8re avec la Russie, en cons\u00e9quence de l&rsquo;invasion de l&rsquo;Ukraine par Moscou.<\/p>\n<blockquote><p>En pleine adh\u00e9sion \u00e0 l&rsquo;Otan, la Premi\u00e8re ministre Sanna Marin a annonc\u00e9 cette semaine disposer d&rsquo;un large soutien au Parlement pour installer de hautes cl\u00f4tures m\u00e9talliques sur\u00a010\u00a0\u00e0 20\u00a0% de sa fronti\u00e8re de pr\u00e8s de 1.300 kilom\u00e8tres avec la Russie, un chantier \u00e0 plusieurs centaines de millions d&rsquo;euros.<\/p><\/blockquote>\n<p>Actuellement &#8211;\u00a0et m\u00eame au temps de l&rsquo;URSS &#8211;\u00a0la Finlande n&rsquo;a que de maigres cl\u00f4tures existantes en bois, principalement con\u00e7ues pour \u00e9viter que le b\u00e9tail ne franchisse la limite.<\/p>\n<h3>Helsinki veut aujourd&rsquo;hui construire des barri\u00e8res plus hautes, faites d&rsquo;un grillage solide et surmont\u00e9es de barbel\u00e9s courant le long d&rsquo;une route. Officiellement pour se prot\u00e9ger d&rsquo;un sc\u00e9nario d&rsquo;afflux migratoire, comme \u00e0 la fronti\u00e8re entre le B\u00e9larus et l&rsquo;Union europ\u00e9enne l&rsquo;an dernier.<\/h3>\n<p>\u00ab\u00a0J&rsquo;esp\u00e8re que le chantier pourra commencer aussi vite que possible\u00a0\u00bb, a d\u00e9clar\u00e9 Sanna Marin.<\/p>\n<p>De la Pologne \u00e0 l&rsquo;Estonie en passant par la Lettonie, plusieurs autres pays de l&rsquo;Union europ\u00e9enne ont d\u00e9j\u00e0 muscl\u00e9 ou pr\u00e9voient de renforcer leur fronti\u00e8re terrestre avec la Russie.<\/p>\n<p>Les gardes-fronti\u00e8res finlandais ont eux jug\u00e9 \u00ab\u00a0n\u00e9cessaire\u00a0\u00bb d&rsquo;\u00e9riger entre\u00a0130\u00a0et\u00a0260\u00a0kilom\u00e8tres de cl\u00f4ture dans les zones r\u00e9put\u00e9es cruciales, notamment dans le sud-est du pays qui concentre la plupart des passages \u00e0 la fronti\u00e8re.<\/p>\n<p>Depuis l&rsquo;ordre de mobilisation pour la guerre en Ukraine du pr\u00e9sident Vladimir Poutine en septembre, la Finlande a connu un afflux de citoyens russes, jusqu&rsquo;\u00e0 ce que le pays ne d\u00e9cide de s\u00e9vir et restreigne drastiquement les entr\u00e9es.<\/p>\n<p>Le projet, estim\u00e9 \u00e0 \u00ab\u00a0plusieurs centaines de millions d&rsquo;euros\u00a0\u00bb, sera d&rsquo;abord entam\u00e9 sur quelques kilom\u00e8tres de zone pilote avant que la barri\u00e8re ne soit totalement \u00e9rig\u00e9e d&rsquo;ici trois ou quatre ans.<\/p>\n<p>La cl\u00f4ture ne couvrira pas la totalit\u00e9 de la fronti\u00e8re, qui se trouve en grande partie sur des terrains bois\u00e9s et \u00e9loign\u00e9s des zones habit\u00e9es.<\/p>\n<p>Mais selon les gardes-fronti\u00e8res, elle aidera \u00e0 d\u00e9tecter de grands groupes et concentrer les intrusions \u00e0 des zones plus petites et plus g\u00e9rables.<\/p>\n<p>Bien que le gouvernement soit soutenu politiquement dans son projet, certains experts doutent des objectifs d&rsquo;une telle construction.<\/p>\n<p>\u00ab\u00a0Je pense que cette barri\u00e8re rel\u00e8ve d&rsquo;une r\u00e9action d&rsquo;\u00e9motion \u00e0 la guerre\u00a0\u00bb, d\u00e9clare \u00e0 l&rsquo;AFP Olga Davydova-Minguet, une experte de la Russie et des probl\u00e9matiques frontali\u00e8res.<\/p>\n<p>Elle \u00ab\u00a0renforce l&rsquo;image du Russe comme source inqui\u00e9tante de menaces\u00a0\u00bb et la \u00ab\u00a0sensation de danger au del\u00e0 de la fronti\u00e8re dont il faut se tenir \u00e0 distance\u00a0\u00bb.<\/p>\n<h3>Fronti\u00e8re poreuse<\/h3>\n<p>D\u00e9limitation symbolique entre Est et Ouest, la limite finlando-russe a jusqu&rsquo;ici \u00e9t\u00e9 \u00ab\u00a0une fronti\u00e8re tr\u00e8s pragmatique et pratique\u00a0\u00bb, explique \u00e0 l&rsquo;AFP Jussi Laine, professeur de g\u00e9ographie humaine \u00e0 l&rsquo;universit\u00e9 de Finlande orientale.<\/p>\n<p>\u00ab\u00a0Certains enfants ont pu aller \u00e0 l&rsquo;\u00e9cole du c\u00f4t\u00e9 finlandais tout en ayant des parents vivant de l&rsquo;autre c\u00f4t\u00e9 de la fronti\u00e8re\u00a0\u00bb, poursuit-il.<\/p>\n<p>Soumise \u00e0 une neutralit\u00e9 forc\u00e9e par Moscou apr\u00e8s leur affrontement durant la Seconde guerre mondiale, la Finlande a travers\u00e9 la Guerre froide avec l&rsquo;objectif tacite de ne pas f\u00e2cher son puissant voisin.<\/p>\n<p>Depuis les ann\u00e9es\u00a090\u00a0et la fin de l&rsquo;URSS, des projets de d\u00e9veloppement de visas \u00e9lectroniques et de nouvelles liaisons ferroviaires avaient pouss\u00e9 \u00e0 faire de la fronti\u00e8re russo-finlandaise une \u00ab\u00a0fronti\u00e8re normale de l&rsquo;Europe\u00a0\u00bb.<\/p>\n<p>\u00ab\u00a0Dans le quotidien des gens, cela signifiait que la pertinence d&rsquo;une fronti\u00e8re dispara\u00eetrait\u00a0\u00bb, explique Jussi Laine.<\/p>\n<p>La Finlande s&rsquo;\u00e9tait aussi ces derni\u00e8res ann\u00e9es plac\u00e9e en m\u00e9diatrice dans les relations entre l&rsquo;Occident et la Russie.<\/p>\n<p>Mais comme pour l&rsquo;adh\u00e9sion \u00e0 l&rsquo;Otan, la situation a radicalement chang\u00e9 avec la guerre en Ukraine.<\/p>\n<p>Avant l&rsquo;invasion, en novembre 2021, une premi\u00e8re proposition de l&rsquo;opposition centre-droit de construire une v\u00e9ritable barri\u00e8re avait \u00e9t\u00e9 rejet\u00e9e, consid\u00e9r\u00e9e comme populiste.<\/p>\n<p>En juillet, cinq mois apr\u00e8s le d\u00e9but de la guerre, le pays nordique avait d\u00e9j\u00e0 amend\u00e9 sa loi pour permettre le projet.<\/p>\n<p>Con\u00e7u \u00e0 la base pour r\u00e9pondre \u00e0 la menace \u00ab\u00a0hybride\u00a0\u00bb d&rsquo;une crise migratoire organis\u00e9e, ce dernier a \u00e9volu\u00e9 en l&rsquo;expression d&rsquo;une condamnation de la Russie, soulignent plusieurs analystes.<\/p>\n<p>\u00ab\u00a0Cette barri\u00e8re a une valeur symbolique. Elle n&rsquo;est pas bas\u00e9e sur une analyse rationnelle\u00a0\u00bb, estime Jussie Laine, qui s&rsquo;inqui\u00e8te de ses effets pervers.<\/p>\n<p>Selon lui, si le travail des gardes-fronti\u00e8res pourrait \u00eatre facilit\u00e9, l&rsquo;exp\u00e9rience \u00ab\u00a0montrera clairement\u00a0\u00bb que rendre la travers\u00e9e des fronti\u00e8res plus difficile alimente le trafic d&rsquo;\u00eatres humains. (AFP)<\/p>\n","protected":false},"excerpt":{"rendered":"<p>Plus de\u00a030\u00a0ans apr\u00e8s la fin de la Guerre froide, la Finlande pr\u00e9voit d&rsquo;\u00e9riger des dizaines de kilom\u00e8tres de barri\u00e8res et de barbel\u00e9s \u00e0 sa fronti\u00e8re avec la Russie, en cons\u00e9quence de l&rsquo;invasion de l&rsquo;Ukraine par Moscou. En pleine adh\u00e9sion \u00e0 l&rsquo;Otan, la Premi\u00e8re ministre Sanna Marin a annonc\u00e9 cette semaine disposer d&rsquo;un large soutien au [&hellip;]<\/p>\n","protected":false},"author":1,"featured_media":11253,"comment_status":"open","ping_status":"closed","sticky":false,"template":"","format":"standard","meta":{"footnotes":""},"categories":[1372],"tags":[132,2486,388],"class_list":["post-11252","post","type-post","status-publish","format-standard","has-post-thumbnail","hentry","category-monde","tag-finlande","tag-rideau-de-fer","tag-russie"],"aioseo_notices":[],"_links":{"self":[{"href":"https:\/\/www.culturalusa.com\/news\/wp-json\/wp\/v2\/posts\/11252","targetHints":{"allow":["GET"]}}],"collection":[{"href":"https:\/\/www.culturalusa.com\/news\/wp-json\/wp\/v2\/posts"}],"about":[{"href":"https:\/\/www.culturalusa.com\/news\/wp-json\/wp\/v2\/types\/post"}],"author":[{"embeddable":true,"href":"https:\/\/www.culturalusa.com\/news\/wp-json\/wp\/v2\/users\/1"}],"replies":[{"embeddable":true,"href":"https:\/\/www.culturalusa.com\/news\/wp-json\/wp\/v2\/comments?post=11252"}],"version-history":[{"count":1,"href":"https:\/\/www.culturalusa.com\/news\/wp-json\/wp\/v2\/posts\/11252\/revisions"}],"predecessor-version":[{"id":11254,"href":"https:\/\/www.culturalusa.com\/news\/wp-json\/wp\/v2\/posts\/11252\/revisions\/11254"}],"wp:featuredmedia":[{"embeddable":true,"href":"https:\/\/www.culturalusa.com\/news\/wp-json\/wp\/v2\/media\/11253"}],"wp:attachment":[{"href":"https:\/\/www.culturalusa.com\/news\/wp-json\/wp\/v2\/media?parent=11252"}],"wp:term":[{"taxonomy":"category","embeddable":true,"href":"https:\/\/www.culturalusa.com\/news\/wp-json\/wp\/v2\/categories?post=11252"},{"taxonomy":"post_tag","embeddable":true,"href":"https:\/\/www.culturalusa.com\/news\/wp-json\/wp\/v2\/tags?post=11252"}],"curies":[{"name":"wp","href":"https:\/\/api.w.org\/{rel}","templated":true}]}}