{"id":1126,"date":"2013-06-24T23:32:00","date_gmt":"2013-06-24T21:32:00","guid":{"rendered":"http:\/\/www.culturalusa.com\/news\/?p=1126"},"modified":"2013-06-24T23:34:55","modified_gmt":"2013-06-24T21:34:55","slug":"je-danserai-encore-a-90-ans-declare-madonna","status":"publish","type":"post","link":"https:\/\/www.culturalusa.com\/news\/culture\/je-danserai-encore-a-90-ans-declare-madonna\/","title":{"rendered":"Je danserai encore \u00e0 90 ans d\u00e9clare Madonna"},"content":{"rendered":"<p><img loading=\"lazy\" decoding=\"async\" src=\"http:\/\/www.culturalusa.com\/news\/wp-content\/uploads\/2013\/06\/Madonna-MDNA-Tour.jpg\" alt=\"Madonna MDNA Tour\" width=\"467\" height=\"261\" class=\"aligncenter size-full wp-image-1127\" srcset=\"https:\/\/www.culturalusa.com\/news\/wp-content\/uploads\/2013\/06\/Madonna-MDNA-Tour.jpg 467w, https:\/\/www.culturalusa.com\/news\/wp-content\/uploads\/2013\/06\/Madonna-MDNA-Tour-275x154.jpg 275w\" sizes=\"auto, (max-width: 467px) 100vw, 467px\" \/>video &#8211; De nouveau sous les feux des projecteurs depuis l&rsquo;avant-premi\u00e8re du film de sa derni\u00e8re tourn\u00e9e mondiale \u00ab\u00a0MDNA Tour\u00a0\u00bb, dont le DVD sortira le 26 ao\u00fbt, Madonna multiplie les apparitions et les d\u00e9clarations pour en assurer la promotion. <\/p>\n<p>A 54 ans, la popstar vient d&rsquo;annoncer dans l&rsquo;\u00e9mission \u00ab\u00a0Good Morning America\u00a0\u00bb qu&rsquo;elle ne comptait pas prendre sa retraite de sit\u00f4t. \u00ab\u00a0Je danserai encore \u00e0 90 ans\u00a0\u00bb.<\/p>\n<p>Cette semaine, le film du \u00ab\u00a0MDNA Tour\u00a0\u00bb de Madonna a \u00e9t\u00e9 diffus\u00e9 en avant-premi\u00e8re au Th\u00e9\u00e2tre de Paris, \u00e0 New York. Un \u00e9v\u00e9nement organis\u00e9 en partenariat avec la cha\u00eene de t\u00e9l\u00e9vision Epix, qui diffusera ce m\u00eame film ce soir aux Etats-Unis. <\/p>\n<p>Une occasion pour elle de faire quelques r\u00e9v\u00e9lations au sujet de cette immense tourn\u00e9e qui a rassembl\u00e9 2,2 millions de spectateurs dans les salles et les stades du monde entier, et g\u00e9n\u00e9rant des b\u00e9n\u00e9fices colossaux qui ont fait du \u00ab\u00a0MDNA Tour\u00a0\u00bb la tourn\u00e9e la plus lucrative de l&rsquo;ann\u00e9e 2012. <\/p>\n<p>R\u00e9v\u00e9lant une facette plus humaine de sa personnalit\u00e9, la Madone a notamment expliqu\u00e9 qu&rsquo;apr\u00e8s trente ans de carri\u00e8re, le trac la guettait toujours avant de monter sur sc\u00e8ne. \u00ab J&rsquo;ai vendu mes billets alors je ne pouvais pas d\u00e9cevoir le public \u00bb (Billboard).<\/p>\n<p>\u00ab\u00a0Je ne m\u0092imagine pas arr\u00eater\u00a0\u00bb<\/p>\n<p>Pour la cha\u00eene ABC, dans l&rsquo;\u00e9mission \u00ab\u00a0Good Morning America\u00a0\u00bb, l&rsquo;artiste est apparue sans fard face \u00e0 la cam\u00e9ra, naturelle, pour revenir sur certains d\u00e9tails de ce spectacle, et notamment sur la controverse n\u00e9e de la pr\u00e9sence d&rsquo;armes \u00e0 feu sur sc\u00e8ne. <\/p>\n<p>Selon le site madonnarama.com, la popstar a tenu \u00e0 rappeler qu&rsquo;elle n&rsquo;\u00e9tait pas responsable de la libre circulation d&rsquo;armes sur le sol am\u00e9ricain et de la violence au cin\u00e9ma. <\/p>\n<p>\u00ab\u00a0Allez demander aux gens de ne pas inclure les armes \u00e0 feu dans les films d\u0092action. Ce ne sont pas les armes qui tuent, mais les gens qui se tuent entre eux\u00a0\u00bb a-t-elle confi\u00e9, expliquant que sa \u00ab perception du show est celle d\u0092un grand film&#8230; (yahoo &#038; Chartsinfrance)<br \/>\n[youtube]http:\/\/www.youtube.com\/watch?v=mRYi7MhYH40[\/youtube]\n<p style=\"text-align:center;\"><script type=\"text\/javascript\"><!--\ngoogle_ad_client = \"ca-pub-2727717456356200\";\n\/* CulturaLusa 468x60 *\/\ngoogle_ad_slot = \"2785499263\";\ngoogle_ad_width = 468;\ngoogle_ad_height = 60;\n\/\/-->\n<\/script><br \/>\n<script type=\"text\/javascript\"\nsrc=\"http:\/\/pagead2.googlesyndication.com\/pagead\/show_ads.js\">\n<\/script><\/p>\n","protected":false},"excerpt":{"rendered":"<p>video &#8211; De nouveau sous les feux des projecteurs depuis l&rsquo;avant-premi\u00e8re du film de sa derni\u00e8re tourn\u00e9e mondiale \u00ab\u00a0MDNA Tour\u00a0\u00bb, dont le DVD sortira le 26 ao\u00fbt, Madonna multiplie les apparitions et les d\u00e9clarations pour en assurer la promotion. A 54 ans, la popstar vient d&rsquo;annoncer dans l&rsquo;\u00e9mission \u00ab\u00a0Good Morning America\u00a0\u00bb qu&rsquo;elle ne comptait pas [&hellip;]<\/p>\n","protected":false},"author":1,"featured_media":0,"comment_status":"open","ping_status":"closed","sticky":false,"template":"","format":"standard","meta":{"footnotes":""},"categories":[4],"tags":[],"class_list":["post-1126","post","type-post","status-publish","format-standard","hentry","category-culture"],"aioseo_notices":[],"_links":{"self":[{"href":"https:\/\/www.culturalusa.com\/news\/wp-json\/wp\/v2\/posts\/1126","targetHints":{"allow":["GET"]}}],"collection":[{"href":"https:\/\/www.culturalusa.com\/news\/wp-json\/wp\/v2\/posts"}],"about":[{"href":"https:\/\/www.culturalusa.com\/news\/wp-json\/wp\/v2\/types\/post"}],"author":[{"embeddable":true,"href":"https:\/\/www.culturalusa.com\/news\/wp-json\/wp\/v2\/users\/1"}],"replies":[{"embeddable":true,"href":"https:\/\/www.culturalusa.com\/news\/wp-json\/wp\/v2\/comments?post=1126"}],"version-history":[{"count":0,"href":"https:\/\/www.culturalusa.com\/news\/wp-json\/wp\/v2\/posts\/1126\/revisions"}],"wp:attachment":[{"href":"https:\/\/www.culturalusa.com\/news\/wp-json\/wp\/v2\/media?parent=1126"}],"wp:term":[{"taxonomy":"category","embeddable":true,"href":"https:\/\/www.culturalusa.com\/news\/wp-json\/wp\/v2\/categories?post=1126"},{"taxonomy":"post_tag","embeddable":true,"href":"https:\/\/www.culturalusa.com\/news\/wp-json\/wp\/v2\/tags?post=1126"}],"curies":[{"name":"wp","href":"https:\/\/api.w.org\/{rel}","templated":true}]}}