{"id":11273,"date":"2022-10-22T15:33:30","date_gmt":"2022-10-22T13:33:30","guid":{"rendered":"https:\/\/www.culturalusa.com\/news\/?p=11273"},"modified":"2022-10-22T15:33:30","modified_gmt":"2022-10-22T13:33:30","slug":"ecologie-elisabeth-borne-lance-22-chantiers-pour-une-nation-verte","status":"publish","type":"post","link":"https:\/\/www.culturalusa.com\/news\/technologie\/ecologie-elisabeth-borne-lance-22-chantiers-pour-une-nation-verte\/","title":{"rendered":"\u00c9cologie : \u00c9lisabeth Borne lance 22 chantiers pour une \u00ab\u00a0nation verte\u00a0\u00bb"},"content":{"rendered":"<h2>La Premi\u00e8re ministre a livr\u00e9 son plan de bataille pour faire\u00a0de la France une \u00ab <span style=\"color: #800000;\"><strong>nation verte<\/strong><\/span> \u00bb, tout en assumant une <strong>\u00e9cologie<\/strong>\u00a0\u00ab complexe \u00bb.<\/h2>\n<p>Un grand pas pour la d\u00e9fense de l&rsquo;environnement\u00a0? \u00c9lisabeth Borne a pr\u00e9sent\u00e9 vendredi\u00a021\u00a0octobre 22 chantiers relevant de la planification \u00e9cologique dont elle est charg\u00e9e, pour conduire une transition \u00ab\u00a0plus juste\u00a0\u00bb\u00a0mais \u00ab\u00a0complexe\u00a0\u00bb, et faire de la France une \u00ab\u00a0nation verte\u00a0\u00bb.<\/p>\n<blockquote><p>\u00ab\u00a0\u00c9vitons de nous fracturer. Entendons \u00e0 la fois ceux qui craignent que l&rsquo;on aille trop vite et ceux qui ont peur que l&rsquo;on n&rsquo;en fasse pas assez. Nous devons joindre nos forces\u00a0: monter au front ensemble\u00a0\u00bb\u00a0et \u00ab\u00a0allier radicalit\u00e9 et progr\u00e8s\u00a0\u00bb, a affirm\u00e9 la Premi\u00e8re ministre.<\/p><\/blockquote>\n<p>Accompagn\u00e9e par plusieurs ministres, dont Agn\u00e8s Pannier-Runacher (Transition \u00e9nerg\u00e9tique) et Christophe B\u00e9chu (Transition \u00e9cologique et Coh\u00e9sion des territoires), \u00c9lisabeth Borne s&rsquo;exprimait \u00e0 La Recyclerie, espace d\u00e9di\u00e9 \u00e0 l&rsquo;\u00e9co-responsabilit\u00e9 dans le 18e arrondissement de Paris, en amont d&rsquo;un Conseil national de la refondation sur le climat et la biodiversit\u00e9.<\/p>\n<p>Sans pr\u00e9senter de nouvelles actions, concr\u00e8tes ou symboliques, la cheffe du gouvernement, polytechnicienne de formation, a dit \u00ab\u00a0assumer\u00a0\u00bb\u00a0une \u00e9cologie \u00ab\u00a0de la responsabilit\u00e9, o\u00f9 l&rsquo;on refuse le simplisme et l&rsquo;on dit aux Fran\u00e7ais [&#8230;]\u00a0que les solutions sont complexes\u00a0\u00bb, en identifiant \u00ab\u00a0des leviers\u00a0\u00bb\u00a0\u00e0 partir de \u00ab\u00a0s\u00e9ries d&rsquo;indicateurs\u00a0\u00bb, ce qui \u00ab\u00a0peut para\u00eetre complexe ou abstrait\u00a0\u00bb.<\/p>\n<p>\u00ab\u00a0La transition \u00e9cologique ne conna\u00eet malheureusement pas de solution miracle et pourtant, beaucoup ne cessent de la r\u00e9clamer et de choisir des totems plut\u00f4t que des changements structurels. Ma conviction, c&rsquo;est que nous devons agir, en m\u00eame temps, et sur tous les fronts\u00a0\u00bb, a-t-elle insist\u00e9, r\u00e9futant les \u00ab\u00a0courses au symbole\u00a0\u00bb\u00a0quand certains, y compris au sein de son gouvernement, pr\u00f4naient de r\u00e9guler l&rsquo;utilisation des jets priv\u00e9s.<\/p>\n<h3>Une France \u00ab\u00a0plus verte\u00a0\u00bb\u00a0et \u00ab\u00a0plus juste\u00a0\u00bb<\/h3>\n<p>\u00c9lisabeth Borne a donc pr\u00e9sent\u00e9\u00a022\u00a0chantiers, de la r\u00e9novation des logements jusqu&rsquo;\u00e0 la d\u00e9carbonation des industries, qui s&rsquo;articulent autour de six th\u00e9matiques de la vie quotidienne\u00a0: se d\u00e9placer, se loger, se nourrir, produire, consommer et pr\u00e9server nos \u00e9cosyst\u00e8mes (les sols, les for\u00eats, l&rsquo;eau, les oc\u00e9ans). Ils se d\u00e9clineront en \u00ab\u00a0plans d&rsquo;action\u00a0\u00bb\u00a0sous la banni\u00e8re \u00ab\u00a0France nation verte\u00a0\u00bb.<\/p>\n<p>\u00c9lisabeth Borne a d\u00e9fendu une France \u00ab\u00a0plus verte\u00a0\u00bb\u00a0qui soit aussi \u00ab\u00a0plus juste\u00a0\u00bb, \u00ab\u00a0condition pour que la transition \u00e9cologique soit accept\u00e9e, efficace et f\u00e9d\u00e9ratrice\u00a0\u00bb. Le pr\u00e9sident Emmanuel Macron avait d\u00fb abandonner un projet de taxe carbone apr\u00e8s la lev\u00e9e de boucliers du mouvement des Gilets jaunes\u00a0en 2018.<\/p>\n<p>\u00ab\u00a0\u00c7a n&rsquo;est \u00e9videmment pas \u00e0 nos compatriotes en situation de pr\u00e9carit\u00e9 \u00e9nerg\u00e9tique de faire des efforts suppl\u00e9mentaires\u00a0\u00bb, a-t-elle dit. \u00ab\u00a0\u00c0\u00a0l&rsquo;inverse, ceux qui \u00e9mettent le plus et qui ont le plus de moyens doivent aussi \u00eatre ceux qui accompagnent le plus notre transition \u00e9cologique\u00a0\u00bb, en \u00ab\u00a0montrant l&rsquo;exemple\u00a0\u00bb\u00a0et en investissant \u00ab\u00a0pour financer l&rsquo;innovation\u00a0\u00bb.<\/p>\n<h3>Une mobilisation \u00e0 tous les \u00e9tages<\/h3>\n<p>\u00c9lisabeth Borne a promis d&rsquo;accompagner \u00ab\u00a0les plus modestes et ceux qui seront percut\u00e9s par les transitions\u00a0\u00bb\u00a0dans leurs emplois, et a assur\u00e9 que la transition \u00ab\u00a0serait synonyme de mieux vivre\u00a0\u00bb\u00a0\u2013 m\u00eame si \u00ab\u00a0le d\u00e9fi est immense\u00a0\u00bb, puisque \u00ab\u00a0nous devons faire en huit ans plus que ce que nous avons fait en\u00a032\u00a0ans\u00a0\u00bb\u00a0en mati\u00e8re de baisse d&rsquo;\u00e9missions.<\/p>\n<p>Elle a insist\u00e9 sur la mobilisation de \u00ab\u00a0tous les acteurs\u00a0\u00bb, citoyens, entreprises, \u00c9tat et surtout collectivit\u00e9s, \u00ab\u00a0qui ont entre leurs mains la plupart des comp\u00e9tences d\u00e9cisives pour la transition \u00e9cologique\u00a0\u00bb. Une \u00ab\u00a0premi\u00e8re version consolid\u00e9e\u00a0\u00bb\u00a0de cette planification sera \u00e9tablie \u00ab\u00a0en fin d&rsquo;ann\u00e9e\u00a0\u00bb, \u00ab\u00a0int\u00e9grant de nouvelles actions\u00a0\u00bb\u00a0et \u00ab\u00a0des clauses de rendez-vous\u00a0\u00bb, a pr\u00e9cis\u00e9 la Premi\u00e8re ministre.<\/p>\n<h3>Un dialogue autour de nombreux acteurs<\/h3>\n<p>Indicateurs et tableaux de bord seront mis en ligne pour\u00a0montrer \u00ab\u00a0ce qui avance\u00a0\u00bb, mais aussi \u00ab\u00a0les difficult\u00e9s rencontr\u00e9es\u00a0\u00bb, selon Matignon. Le CNR nourrira ces travaux avec notamment les acteurs \u00ab\u00a0de la soci\u00e9t\u00e9 civile\u00a0\u00bb\u00a0et les secteurs \u00e9conomiques concern\u00e9s.<\/p>\n<p>La Ligue de protection des oiseaux (LPO) a refus\u00e9 de participer \u00e0 ce CNR, arguant de r\u00e9centes d\u00e9cisions de l&rsquo;\u00c9tat \u00ab\u00a0contre la nature et la biodiversit\u00e9\u00a0\u00bb, mais n&rsquo;exclut pas d&rsquo;y revenir. L&rsquo;association France Nature Environnement a promis une \u00ab\u00a0participation exigeante\u00a0\u00bb.<\/p>\n","protected":false},"excerpt":{"rendered":"<p>La Premi\u00e8re ministre a livr\u00e9 son plan de bataille pour faire\u00a0de la France une \u00ab nation verte \u00bb, tout en assumant une \u00e9cologie\u00a0\u00ab complexe \u00bb. Un grand pas pour la d\u00e9fense de l&rsquo;environnement\u00a0? \u00c9lisabeth Borne a pr\u00e9sent\u00e9 vendredi\u00a021\u00a0octobre 22 chantiers relevant de la planification \u00e9cologique dont elle est charg\u00e9e, pour conduire une transition \u00ab\u00a0plus juste\u00a0\u00bb\u00a0mais [&hellip;]<\/p>\n","protected":false},"author":1,"featured_media":11274,"comment_status":"open","ping_status":"closed","sticky":false,"template":"","format":"standard","meta":{"footnotes":""},"categories":[6],"tags":[976,1577,1293,2491],"class_list":["post-11273","post","type-post","status-publish","format-standard","has-post-thumbnail","hentry","category-technologie","tag-ecologie","tag-elisabeth-borne","tag-france","tag-nation-verte"],"aioseo_notices":[],"_links":{"self":[{"href":"https:\/\/www.culturalusa.com\/news\/wp-json\/wp\/v2\/posts\/11273","targetHints":{"allow":["GET"]}}],"collection":[{"href":"https:\/\/www.culturalusa.com\/news\/wp-json\/wp\/v2\/posts"}],"about":[{"href":"https:\/\/www.culturalusa.com\/news\/wp-json\/wp\/v2\/types\/post"}],"author":[{"embeddable":true,"href":"https:\/\/www.culturalusa.com\/news\/wp-json\/wp\/v2\/users\/1"}],"replies":[{"embeddable":true,"href":"https:\/\/www.culturalusa.com\/news\/wp-json\/wp\/v2\/comments?post=11273"}],"version-history":[{"count":1,"href":"https:\/\/www.culturalusa.com\/news\/wp-json\/wp\/v2\/posts\/11273\/revisions"}],"predecessor-version":[{"id":11275,"href":"https:\/\/www.culturalusa.com\/news\/wp-json\/wp\/v2\/posts\/11273\/revisions\/11275"}],"wp:featuredmedia":[{"embeddable":true,"href":"https:\/\/www.culturalusa.com\/news\/wp-json\/wp\/v2\/media\/11274"}],"wp:attachment":[{"href":"https:\/\/www.culturalusa.com\/news\/wp-json\/wp\/v2\/media?parent=11273"}],"wp:term":[{"taxonomy":"category","embeddable":true,"href":"https:\/\/www.culturalusa.com\/news\/wp-json\/wp\/v2\/categories?post=11273"},{"taxonomy":"post_tag","embeddable":true,"href":"https:\/\/www.culturalusa.com\/news\/wp-json\/wp\/v2\/tags?post=11273"}],"curies":[{"name":"wp","href":"https:\/\/api.w.org\/{rel}","templated":true}]}}