{"id":11312,"date":"2022-11-03T17:42:27","date_gmt":"2022-11-03T16:42:27","guid":{"rendered":"https:\/\/www.culturalusa.com\/news\/?p=11312"},"modified":"2022-11-03T17:42:27","modified_gmt":"2022-11-03T16:42:27","slug":"elisabeth-borne-annonce-un-fonds-pour-une-aide-alimentaire-durable-de-60-millions","status":"publish","type":"post","link":"https:\/\/www.culturalusa.com\/news\/politique\/elisabeth-borne-annonce-un-fonds-pour-une-aide-alimentaire-durable-de-60-millions\/","title":{"rendered":"\u00c9lisabeth Borne annonce un \u00ab\u00a0fonds pour une aide alimentaire durable\u00a0\u00bb de 60 millions"},"content":{"rendered":"<p>\u00c9lisabeth Borne a annonc\u00e9 un \u00ab\u00a0<strong>fonds pour une aide alimentaire durable<\/strong>\u00a0\u00bb de <strong>60\u00a0millions d&rsquo;euros en 2023<\/strong>, destin\u00e9 \u00e0 permettre aux Fran\u00e7ais \u00ab\u00a0les plus fragiles\u00a0\u00bb d&rsquo;acc\u00e9der \u00e0 \u00ab\u00a0une alimentation de qualit\u00e9\u00a0\u00bb, lors d&rsquo;une visite de la Banque alimentaire de la Marne, \u00e0 Reims.<\/p>\n<blockquote><p>\u00ab\u00a0C&rsquo;est\u00a060\u00a0millions d&rsquo;euros que nous allons mobiliser en\u00a02023\u00a0pour \u00e0 la fois soutenir nos grands acteurs nationaux, pour qu&rsquo;ils puissent acheter davantage de produits de qualit\u00e9, de produits frais\u00a0\u00bb, a d\u00e9clar\u00e9 la Premi\u00e8re ministre \u00e0 la presse \u00e0 l&rsquo;issue de sa visite.<\/p><\/blockquote>\n<p>\u00ab\u00a0On veut \u00e9galement soutenir des initiatives comme celle qu&rsquo;on a pu voir ce matin dans les territoires, par exemple des produits de qualit\u00e9 en circuit court pour nos banques alimentaires et les associations qui sont mobilis\u00e9es sur cette aide alimentaire\u00a0\u00bb, a expliqu\u00e9 Mme Borne.<\/p>\n<p>La Premi\u00e8re ministre \u00e9tait accompagn\u00e9e pour ce d\u00e9placement du ministre des Solidarit\u00e9s Jean-Christophe Combe et de la secr\u00e9taire d&rsquo;\u00c9tat \u00e0 l&rsquo;\u00c9conomie sociale et solidaire et de la Vie associative, Marl\u00e8ne Schiappa. Le maire (Horizons) de Reims Arnaud Robinet \u00e9tait \u00e9galement pr\u00e9sent.<\/p>\n<h3>Ces\u00a060\u00a0millions d&rsquo;euros iront, a expliqu\u00e9 Mme Borne, \u00ab\u00a0\u00e0 la fois aux grands r\u00e9seaux nationaux qui proposent de l&rsquo;aide alimentaire, dans des appels \u00e0 projets qu&rsquo;on va lancer\u00a0\u00bb mais \u00e9galement \u00ab\u00a0\u00e0 des projets locaux, au travers des pr\u00e9fets de r\u00e9gion\u00a0\u00bb.<\/h3>\n<p>Ces derniers \u00ab\u00a0pourront soutenir des initiatives (&#8230;) entre les agriculteurs, des producteurs qui pourront aussi proposer des circuits courts pour une alimentation de qualit\u00e9. Par exemple aussi mettre en place des ch\u00e8ques alimentation durable puisque c&rsquo;est quelque chose qu&rsquo;on veut pouvoir d\u00e9velopper ensuite \u00e0 l&rsquo;\u00e9chelle nationale\u00a0\u00bb, a poursuivi la cheffe du gouvernement.<\/p>\n<h3>\u00ab\u00a0On travaille sur un ch\u00e8que alimentation, qui est un sujet tr\u00e8s compliqu\u00e9. On a souhait\u00e9 d\u00e9marrer avec ce dispositif d&rsquo;aide alimentaire renfor\u00e7ant la qualit\u00e9 des produits qui sont propos\u00e9s\u00a0\u00bb, a-t-elle pr\u00e9cis\u00e9.<\/h3>\n<p>Casse-t\u00eate pour l&rsquo;ex\u00e9cutif, le ch\u00e8que alimentaire ne figure pas dans le budget 2023. Il devait initialement permettre aux foyers modestes d&rsquo;acheter des produits frais et locaux, mais devant la complexit\u00e9 du syst\u00e8me, le gouvernement avait annonc\u00e9 en juin qu&rsquo;il se fondrait dans un \u00ab\u00a0ch\u00e8que inflation\u00a0\u00bb, plus simple, distribu\u00e9 \u00e0 la rentr\u00e9e.<\/p>\n","protected":false},"excerpt":{"rendered":"<p>\u00c9lisabeth Borne a annonc\u00e9 un \u00ab\u00a0fonds pour une aide alimentaire durable\u00a0\u00bb de 60\u00a0millions d&rsquo;euros en 2023, destin\u00e9 \u00e0 permettre aux Fran\u00e7ais \u00ab\u00a0les plus fragiles\u00a0\u00bb d&rsquo;acc\u00e9der \u00e0 \u00ab\u00a0une alimentation de qualit\u00e9\u00a0\u00bb, lors d&rsquo;une visite de la Banque alimentaire de la Marne, \u00e0 Reims. \u00ab\u00a0C&rsquo;est\u00a060\u00a0millions d&rsquo;euros que nous allons mobiliser en\u00a02023\u00a0pour \u00e0 la fois soutenir nos grands [&hellip;]<\/p>\n","protected":false},"author":1,"featured_media":11313,"comment_status":"open","ping_status":"closed","sticky":false,"template":"","format":"standard","meta":{"footnotes":""},"categories":[1494],"tags":[1577,2505],"class_list":["post-11312","post","type-post","status-publish","format-standard","has-post-thumbnail","hentry","category-politique","tag-elisabeth-borne","tag-fonds-aide-alimentaire"],"aioseo_notices":[],"_links":{"self":[{"href":"https:\/\/www.culturalusa.com\/news\/wp-json\/wp\/v2\/posts\/11312","targetHints":{"allow":["GET"]}}],"collection":[{"href":"https:\/\/www.culturalusa.com\/news\/wp-json\/wp\/v2\/posts"}],"about":[{"href":"https:\/\/www.culturalusa.com\/news\/wp-json\/wp\/v2\/types\/post"}],"author":[{"embeddable":true,"href":"https:\/\/www.culturalusa.com\/news\/wp-json\/wp\/v2\/users\/1"}],"replies":[{"embeddable":true,"href":"https:\/\/www.culturalusa.com\/news\/wp-json\/wp\/v2\/comments?post=11312"}],"version-history":[{"count":1,"href":"https:\/\/www.culturalusa.com\/news\/wp-json\/wp\/v2\/posts\/11312\/revisions"}],"predecessor-version":[{"id":11314,"href":"https:\/\/www.culturalusa.com\/news\/wp-json\/wp\/v2\/posts\/11312\/revisions\/11314"}],"wp:featuredmedia":[{"embeddable":true,"href":"https:\/\/www.culturalusa.com\/news\/wp-json\/wp\/v2\/media\/11313"}],"wp:attachment":[{"href":"https:\/\/www.culturalusa.com\/news\/wp-json\/wp\/v2\/media?parent=11312"}],"wp:term":[{"taxonomy":"category","embeddable":true,"href":"https:\/\/www.culturalusa.com\/news\/wp-json\/wp\/v2\/categories?post=11312"},{"taxonomy":"post_tag","embeddable":true,"href":"https:\/\/www.culturalusa.com\/news\/wp-json\/wp\/v2\/tags?post=11312"}],"curies":[{"name":"wp","href":"https:\/\/api.w.org\/{rel}","templated":true}]}}