{"id":11316,"date":"2022-11-05T17:15:35","date_gmt":"2022-11-05T16:15:35","guid":{"rendered":"https:\/\/www.culturalusa.com\/news\/?p=11316"},"modified":"2022-11-06T21:51:35","modified_gmt":"2022-11-06T20:51:35","slug":"coup-denvoi-de-la-cop27-sur-le-climat-avec-le-financement-des-degats-au-menu","status":"publish","type":"post","link":"https:\/\/www.culturalusa.com\/news\/technologie\/coup-denvoi-de-la-cop27-sur-le-climat-avec-le-financement-des-degats-au-menu\/","title":{"rendered":"Coup d&rsquo;envoi de la COP27 sur le climat avec le financement des d\u00e9g\u00e2ts au menu"},"content":{"rendered":"<p>La conf\u00e9rence de l<strong>&lsquo;ONU<\/strong> sur le <strong>climat<\/strong> s&rsquo;est ouverte dimanche \u00e0 Charm el-Cheikh en Egypte avec une nouvelle mise en garde sur une acc\u00e9l\u00e9ration du <strong>r\u00e9chauffement climatique<\/strong>, dont le financement des d\u00e9g\u00e2ts sera pour la premi\u00e8re fois officiellement au menu des discussions.<\/p>\n<blockquote><p>Les huit ann\u00e9es de 2015 \u00e0 2022 seront les plus chaudes jamais enregistr\u00e9es, s&rsquo;est ainsi alarm\u00e9e dimanche l&rsquo;Organisation m\u00e9t\u00e9orologique mondiale (OMM) dans un rapport publi\u00e9 \u00e0 l&rsquo;occasion de l&rsquo;ouverture du grand rassemblement mondial annuel sur le changement climatique.<\/p><\/blockquote>\n<p>\u00ab\u00a0Alors que la COP27 commence, notre plan\u00e8te envoie un signal de d\u00e9tresse\u00a0\u00bb, a comment\u00e9 le secr\u00e9taire g\u00e9n\u00e9ral de l&rsquo;ONU Antonio Guterres dans un message vid\u00e9o aux participants, \u00e9voquant une \u00ab\u00a0chronique du chaos climatique\u00a0\u00bb.<\/p>\n<p>Jusqu&rsquo;au 18 novembre, les d\u00e9l\u00e9gu\u00e9s de pr\u00e8s de 200 pays vont tenter de donner un nouveau souffle \u00e0 la lutte contre le r\u00e9chauffement, alors que les crises multiples et li\u00e9es qui secouent le monde &#8211; guerre en Ukraine, inflation et menace de r\u00e9cession, crise alimentaire &#8211; font craindre qu&rsquo;elle passe au second plan.<\/p>\n<p>\u00ab\u00a0Mettons en oeuvre ensemble (nos engagements) pour l&rsquo;humanit\u00e9 et notre plan\u00e8te\u00a0\u00bb, a lanc\u00e9 en ouverture le ministre \u00e9gyptien des Affaires \u00e9trang\u00e8res Sameh Choukri, qui pr\u00e9side la COP27.<\/p>\n<p>Car les impacts du changement climatique se multiplient, comme l&rsquo;a illustr\u00e9 le cort\u00e8ge de catastrophes qui ont frapp\u00e9 la plan\u00e8te en 2022: inondations historiques au Pakistan, canicules \u00e0 r\u00e9p\u00e9tition en Europe, ouragans, incendies, s\u00e9cheresses&#8230;<\/p>\n<p>D\u00e9sastres dont les co\u00fbts se chiffrent d\u00e9j\u00e0 en dizaines de milliards et pour lesquels les pays du Sud r\u00e9clament des d\u00e9dommagements financiers.<\/p>\n<p>Cette question d\u00e9licate des \u00ab\u00a0pertes et dommages\u00a0\u00bb a \u00e9t\u00e9 officiellement ajout\u00e9e \u00e0 l&rsquo;ordre du jour des discussions lors de la c\u00e9r\u00e9monie d&rsquo;ouverture, alors qu&rsquo;elle ne devait jusqu&rsquo;alors faire l&rsquo;objet que d&rsquo;un \u00ab\u00a0dialogue\u00a0\u00bb, pr\u00e9vu jusqu&rsquo;en 2024.<\/p>\n<p>\u00ab\u00a0Cette inclusion \u00e0 l&rsquo;agenda refl\u00e8te un sens de la solidarit\u00e9 et de l&#8217;empathie pour la souffrance des victimes des catastrophes caus\u00e9es par le climat\u00a0\u00bb, a soulign\u00e9 Sameh Choukri.<\/p>\n<p>Le patron de l&rsquo;ONU-Climat, Simon Stiell, a parl\u00e9 d&rsquo;une question \u00ab\u00a0cruciale\u00a0\u00bb.<\/p>\n<h3>\u00a0D\u00e9fiance<\/h3>\n<p>\u00ab\u00a0On jugera du succ\u00e8s ou de l&rsquo;\u00e9chec de la COP27 sur un accord sur cette facilit\u00e9 de financement des pertes et dommages\u00a0\u00bb, avait pr\u00e9venu Munir Akram, ambassadeur du Pakistan \u00e0 l&rsquo;ONU et pr\u00e9sident du G77+Chine, qui repr\u00e9sente plus de 130 pays \u00e9mergents et pauvres.<\/p>\n<p>La d\u00e9fiance des pays en d\u00e9veloppement est forte alors que la promesse des pays du Nord de porter \u00e0 100 milliards de dollars par an \u00e0 partir de 2020 leur aide \u00e0 ceux du Sud pour r\u00e9duire leurs \u00e9missions et se pr\u00e9parer aux impacts n&rsquo;est pas tenue.<\/p>\n<p>Accord ou non sur un m\u00e9canisme sp\u00e9cial pour financer les \u00ab\u00a0pertes et dommages\u00a0\u00bb ou sur un nouvel objectif pour prendre la suite des 100 milliards \u00e0 partir de 2025, les besoins de financement se comptent en \u00ab\u00a0milliards de milliards\u00a0\u00bb, dit \u00e0 l&rsquo;AFP Michai Robertson, n\u00e9gociateur pour l&rsquo;Alliance des petits Etats insulaires (Aosis), jugeant que ce sera impossible sans le secteur priv\u00e9.<\/p>\n<p>Autre dossier br\u00fblant: \u00e9viter une \u00ab\u00a0reculade\u00a0\u00bb sur les engagements de r\u00e9duction des \u00e9missions, d\u00e9j\u00e0 insuffisants. Seuls 29 pays ont d\u00e9pos\u00e9 depuis la COP de 2021 des plans de r\u00e9ductions rehauss\u00e9s, alors m\u00eame qu&rsquo;ils avaient adopt\u00e9 un \u00ab\u00a0pacte\u00a0\u00bb les appelant \u00e0 le faire.<\/p>\n<p>Les \u00e9missions de gaz \u00e0 effet de serre doivent en effet baisser de 45% d&rsquo;ici 2030 pour avoir une chance de limiter le r\u00e9chauffement \u00e0 1,5\u00b0C par rapport \u00e0 l&rsquo;\u00e8re pr\u00e9-industrielle, objectif le plus ambitieux de l&rsquo;accord de Paris.<\/p>\n<p>Mais les engagements actuels des Etats signataires, m\u00eame s&rsquo;ils \u00e9taient enfin respect\u00e9s, entra\u00eeneraient une hausse de 5 \u00e0 10% des \u00e9missions, mettant le monde sur une trajectoire au mieux de 2,4\u00b0C d&rsquo;ici la fin du si\u00e8cle.<\/p>\n<p>Loin de respecter l&rsquo;objectif principal de l&rsquo;accord de Paris de moins de 2\u00b0C par rapport \u00e0 l&rsquo;\u00e9poque o\u00f9 les humains ont commenc\u00e9 \u00e0 br\u00fbler \u00e0 grande \u00e9chelle les \u00e9nergies fossiles (charbon, p\u00e9trole ou gaz) responsables du r\u00e9chauffement.<\/p>\n<h3>\u00a0\u00ab\u00a0Aucune piste cr\u00e9dible\u00a0\u00bb<\/h3>\n<p>Avec les politiques men\u00e9es actuellement, c&rsquo;est un catastrophique +2,8\u00b0C qui se profile, selon l&rsquo;ONU.<\/p>\n<p>Les agences sp\u00e9cialis\u00e9es de l&rsquo;ONU ne voient ainsi \u00ab\u00a0aucune piste cr\u00e9dible\u00a0\u00bb pour tenir l&rsquo;objectif de 1,5\u00b0C.<\/p>\n<p>Plus de 120 chefs d&rsquo;Etat et de gouvernement sont attendus lundi et mardi pour un sommet cens\u00e9 donner une impulsion \u00e0 ces deux semaines de n\u00e9gociations.<\/p>\n<p>Sans le pr\u00e9sident chinois Xi Jinping ni l&rsquo;Am\u00e9ricain Joe Biden, qui passera rapidement \u00e0 la COP le 11 novembre. La coop\u00e9ration entre les deux principaux \u00e9metteurs mondiaux de gaz \u00e0 effet de serre, dont les relations sont tendues, est pourtant cruciale. MM. Xi et Biden pourraient toutefois se rencontrer \u00e0 Bali la semaine suivante en marge du G20.<\/p>\n<p>Le prince h\u00e9ritier saoudien Mohammed ben Salmane, ardent soutien de la production p\u00e9troli\u00e8re, sera par contre pr\u00e9sent \u00e0 Charm el-Cheikh.<\/p>\n<p>Ainsi que le nouveau Premier ministre britannique Rishi Sunak, qui a assur\u00e9 qu&rsquo;il \u00e9voquerait par ailleurs en Egypte le cas du d\u00e9tenu politique britannico-\u00e9gyptien Alaa Abdel Fattah, en gr\u00e8ve de la faim et qui a selon sa famille cess\u00e9 de boire dimanche. (AFP)<\/p>\n","protected":false},"excerpt":{"rendered":"<p>La conf\u00e9rence de l&lsquo;ONU sur le climat s&rsquo;est ouverte dimanche \u00e0 Charm el-Cheikh en Egypte avec une nouvelle mise en garde sur une acc\u00e9l\u00e9ration du r\u00e9chauffement climatique, dont le financement des d\u00e9g\u00e2ts sera pour la premi\u00e8re fois officiellement au menu des discussions. Les huit ann\u00e9es de 2015 \u00e0 2022 seront les plus chaudes jamais enregistr\u00e9es, [&hellip;]<\/p>\n","protected":false},"author":1,"featured_media":10717,"comment_status":"open","ping_status":"closed","sticky":false,"template":"","format":"standard","meta":{"footnotes":""},"categories":[6],"tags":[208,2506,553,356],"class_list":["post-11316","post","type-post","status-publish","format-standard","has-post-thumbnail","hentry","category-technologie","tag-climat","tag-cop27","tag-onu","tag-rechauffement-climatique"],"aioseo_notices":[],"_links":{"self":[{"href":"https:\/\/www.culturalusa.com\/news\/wp-json\/wp\/v2\/posts\/11316","targetHints":{"allow":["GET"]}}],"collection":[{"href":"https:\/\/www.culturalusa.com\/news\/wp-json\/wp\/v2\/posts"}],"about":[{"href":"https:\/\/www.culturalusa.com\/news\/wp-json\/wp\/v2\/types\/post"}],"author":[{"embeddable":true,"href":"https:\/\/www.culturalusa.com\/news\/wp-json\/wp\/v2\/users\/1"}],"replies":[{"embeddable":true,"href":"https:\/\/www.culturalusa.com\/news\/wp-json\/wp\/v2\/comments?post=11316"}],"version-history":[{"count":1,"href":"https:\/\/www.culturalusa.com\/news\/wp-json\/wp\/v2\/posts\/11316\/revisions"}],"predecessor-version":[{"id":11317,"href":"https:\/\/www.culturalusa.com\/news\/wp-json\/wp\/v2\/posts\/11316\/revisions\/11317"}],"wp:featuredmedia":[{"embeddable":true,"href":"https:\/\/www.culturalusa.com\/news\/wp-json\/wp\/v2\/media\/10717"}],"wp:attachment":[{"href":"https:\/\/www.culturalusa.com\/news\/wp-json\/wp\/v2\/media?parent=11316"}],"wp:term":[{"taxonomy":"category","embeddable":true,"href":"https:\/\/www.culturalusa.com\/news\/wp-json\/wp\/v2\/categories?post=11316"},{"taxonomy":"post_tag","embeddable":true,"href":"https:\/\/www.culturalusa.com\/news\/wp-json\/wp\/v2\/tags?post=11316"}],"curies":[{"name":"wp","href":"https:\/\/api.w.org\/{rel}","templated":true}]}}