{"id":11325,"date":"2022-11-06T22:06:19","date_gmt":"2022-11-06T21:06:19","guid":{"rendered":"https:\/\/www.culturalusa.com\/news\/?p=11325"},"modified":"2022-11-06T22:06:19","modified_gmt":"2022-11-06T21:06:19","slug":"litalie-autorise-les-migrants-uniquement-pour-le-debarquement-de-mineurs-ou-malades-2","status":"publish","type":"post","link":"https:\/\/www.culturalusa.com\/news\/monde\/litalie-autorise-les-migrants-uniquement-pour-le-debarquement-de-mineurs-ou-malades-2\/","title":{"rendered":"L\u2019Italie autorise les migrants uniquement pour le d\u00e9barquement de mineurs ou malades"},"content":{"rendered":"<h2>Le nouveau gouvernement de droite radicale italien a autoris\u00e9 dimanche le d\u00e9barquement de mineurs et d&rsquo;autres migrants souffrant de probl\u00e8mes m\u00e9dicaux, mais entend, selon des sources gouvernementales, en renvoyer d&rsquo;autres \u00e0 bord de navires d&rsquo;ONG humanitaires.<\/h2>\n<p>Trois mineures et un b\u00e9b\u00e9 ont \u00e9t\u00e9 les premiers \u00e0 d\u00e9barquer \u00e0 l&rsquo;aube du bateau Humanit\u00e9 1, suivis des gar\u00e7ons mineurs et des hommes adultes ayant des probl\u00e8mes m\u00e9dicaux, a d\u00e9clar\u00e9 \u00e0 l&rsquo;AFP Petra Krischok, attach\u00e9e de presse de SOS Humanit\u00e9.<\/p>\n<p>Au total,\u00a0144\u00a0personnes ont d\u00e9barqu\u00e9 du Humanity 1, navire sous drapeau allemand, au port de Catane mais\u00a035\u00a0sont rest\u00e9s \u00e0 bord, selon cette source.<\/p>\n<p>Ils \u00ab\u00a0sont extr\u00eamement d\u00e9prim\u00e9s\u00a0\u00bb, a-t-elle ajout\u00e9 aupr\u00e8s de l&rsquo;AFP. \u00ab\u00a0Pour l&rsquo;instant, nous restons ici et nous attendons\u00a0\u00bb, a-t-elle affirm\u00e9, sans savoir si les autorit\u00e9s avaient d\u00e9cid\u00e9 de donner l&rsquo;ordre au bateau de partir.<\/p>\n<p>Le ministre de l&rsquo;Int\u00e9rieur Matteo Piantedosi avait d\u00e9clar\u00e9 samedi que le gouvernement ne ferait pas marche arri\u00e8re quant \u00e0 ses obligations humanitaires mais que ceux qui ne sont pas \u00ab\u00a0qualifi\u00e9s\u00a0\u00bb devraient \u00eatre pris en charge par l&rsquo;Etat du pavillon du navire.<\/p>\n<p>Trois autres navires, qui transportent au total\u00a0900\u00a0migrants, ont demand\u00e9, en vain, de pouvoir accoster\u00a0: le Rise Above, de l&rsquo;ONG Mission Lifetime, \u00e9galement sous pavillon allemand, ainsi que l&rsquo;Ocean Viking de SOS M\u00e9diterran\u00e9e et le Geo Barents de M\u00e9decins sans Fronti\u00e8res, enregistr\u00e9s eux en Norv\u00e8ge.<\/p>\n<p>Le Geo Barents a affirm\u00e9 avoir \u00e9t\u00e9 contact\u00e9 par les autorit\u00e9s italiennes qui entendent \u00ab\u00a0\u00e9valuer les cas vuln\u00e9rables\u00a0\u00bb parmi les\u00a0572\u00a0personnes secourues \u00e0 bord.<\/p>\n<h3>Comme des objets ?<\/h3>\n<p>\u00ab\u00a0Ceux qui restent dans le navire recevront l&rsquo;assistance n\u00e9cessaire pour quitter les eaux territoriales\u00a0\u00bb italiennes, ont affirm\u00e9 dimanche des sources proches du ministre des Transports et dirigeant populiste de la Ligue antimigrants Matteo Salvini, dont d\u00e9pendent les ports.<\/p>\n<p>Le nouveau gouvernement d&rsquo;extr\u00eame droite italien, qui a pr\u00eat\u00e9 serment le mois dernier, s&rsquo;est engag\u00e9 \u00e0 s\u00e9vir contre les migrants par bateau venant d&rsquo;Afrique du Nord vers l&rsquo;Europe.<\/p>\n<blockquote><p>Plus de 87.000 personnes ont d\u00e9barqu\u00e9 en Italie cette ann\u00e9e, selon le minist\u00e8re de l&rsquo;Int\u00e9rieur, dont 14\u00a0% ont \u00e9t\u00e9 secourues par des navires humanitaires.<\/p><\/blockquote>\n<p>Le patron du Parti d\u00e9mocrate (PD, principale formation de gauche) Enrico Letta a accus\u00e9 le gouvernement sur Twitter de violer les trait\u00e9s internationaux. Le PD a affirm\u00e9 que Matteo Piantedosi devrait s&rsquo;expliquer devant le parlement.<\/p>\n<p>Le d\u00e9put\u00e9 de l&rsquo;opposition Aboubakar Soumahoro, qui \u00e9tait pr\u00e9sent lors du d\u00e9barquement de l&rsquo;Humanity 1, a critiqu\u00e9 la \u00ab\u00a0s\u00e9lection des migrants naufrag\u00e9s\u00a0\u00bb, qui, selon lui, viole le droit international.<\/p>\n<p>Pour lui, le gouvernement traite \u00ab\u00a0les naufrag\u00e9s, d\u00e9j\u00e0 \u00e9puis\u00e9s par le froid, la fatigue, les traumatismes et la torture comme des objets\u00a0\u00bb.<\/p>\n<p>\u00ab\u00a0Si les naufrag\u00e9s restants sont rejet\u00e9s, nous contesterons cette d\u00e9cision devant toutes les instances appropri\u00e9es\u00a0\u00bb, a-t-il d\u00e9clar\u00e9 sur Twitter.<\/p>\n<p>Le minist\u00e8re norv\u00e9gien des Affaires \u00e9trang\u00e8res a d\u00e9clar\u00e9 jeudi qu&rsquo;il n&rsquo;assumait \u00ab\u00a0aucune responsabilit\u00e9\u00a0\u00bb pour les personnes secourues par des navires priv\u00e9s battant pavillon norv\u00e9gien en M\u00e9diterran\u00e9e.<\/p>\n<p>L&rsquo;Allemagne a insist\u00e9, dans une \u00ab\u00a0note\u00a0\u00bb diplomatique adress\u00e9e \u00e0 l&rsquo;Italie, sur le fait que les organisations caritatives \u00ab\u00a0apportaient une contribution importante au sauvetage de vies humaines\u00a0\u00bb et a demand\u00e9 \u00e0 Rome \u00ab\u00a0de les aider d\u00e8s que possible\u00a0\u00bb. (AFP)<\/p>\n","protected":false},"excerpt":{"rendered":"<p>Le nouveau gouvernement de droite radicale italien a autoris\u00e9 dimanche le d\u00e9barquement de mineurs et d&rsquo;autres migrants souffrant de probl\u00e8mes m\u00e9dicaux, mais entend, selon des sources gouvernementales, en renvoyer d&rsquo;autres \u00e0 bord de navires d&rsquo;ONG humanitaires. Trois mineures et un b\u00e9b\u00e9 ont \u00e9t\u00e9 les premiers \u00e0 d\u00e9barquer \u00e0 l&rsquo;aube du bateau Humanit\u00e9 1, suivis des [&hellip;]<\/p>\n","protected":false},"author":1,"featured_media":11319,"comment_status":"open","ping_status":"closed","sticky":false,"template":"","format":"standard","meta":{"footnotes":""},"categories":[1372],"tags":[2507,542,244],"class_list":["post-11325","post","type-post","status-publish","format-standard","has-post-thumbnail","hentry","category-monde","tag-debarquement","tag-italie","tag-migrants"],"aioseo_notices":[],"_links":{"self":[{"href":"https:\/\/www.culturalusa.com\/news\/wp-json\/wp\/v2\/posts\/11325","targetHints":{"allow":["GET"]}}],"collection":[{"href":"https:\/\/www.culturalusa.com\/news\/wp-json\/wp\/v2\/posts"}],"about":[{"href":"https:\/\/www.culturalusa.com\/news\/wp-json\/wp\/v2\/types\/post"}],"author":[{"embeddable":true,"href":"https:\/\/www.culturalusa.com\/news\/wp-json\/wp\/v2\/users\/1"}],"replies":[{"embeddable":true,"href":"https:\/\/www.culturalusa.com\/news\/wp-json\/wp\/v2\/comments?post=11325"}],"version-history":[{"count":1,"href":"https:\/\/www.culturalusa.com\/news\/wp-json\/wp\/v2\/posts\/11325\/revisions"}],"predecessor-version":[{"id":11327,"href":"https:\/\/www.culturalusa.com\/news\/wp-json\/wp\/v2\/posts\/11325\/revisions\/11327"}],"wp:featuredmedia":[{"embeddable":true,"href":"https:\/\/www.culturalusa.com\/news\/wp-json\/wp\/v2\/media\/11319"}],"wp:attachment":[{"href":"https:\/\/www.culturalusa.com\/news\/wp-json\/wp\/v2\/media?parent=11325"}],"wp:term":[{"taxonomy":"category","embeddable":true,"href":"https:\/\/www.culturalusa.com\/news\/wp-json\/wp\/v2\/categories?post=11325"},{"taxonomy":"post_tag","embeddable":true,"href":"https:\/\/www.culturalusa.com\/news\/wp-json\/wp\/v2\/tags?post=11325"}],"curies":[{"name":"wp","href":"https:\/\/api.w.org\/{rel}","templated":true}]}}