{"id":11328,"date":"2022-11-07T12:23:48","date_gmt":"2022-11-07T11:23:48","guid":{"rendered":"https:\/\/www.culturalusa.com\/news\/?p=11328"},"modified":"2022-11-07T12:23:48","modified_gmt":"2022-11-07T11:23:48","slug":"8-milliards-dhumains-sur-une-planete-aux-ressources-sensibles","status":"publish","type":"post","link":"https:\/\/www.culturalusa.com\/news\/actualite\/8-milliards-dhumains-sur-une-planete-aux-ressources-sensibles\/","title":{"rendered":"8 milliards d&rsquo;humains sur une plan\u00e8te aux ressources sensibles"},"content":{"rendered":"<h2>Nous serons officiellement 8 milliards d&rsquo;habitants sur Terre le 15 novembre, est-ce trop ? Pas forc\u00e9ment, r\u00e9pondent les experts, qui alertent plut\u00f4t sur la surconsommation des ressources de la plan\u00e8te par la partie la plus riche de l&rsquo;humanit\u00e9.<\/h2>\n<p>\u00ab\u00a0Huit milliards, c&rsquo;est un jalon capital pour l&rsquo;humanit\u00e9\u00a0\u00bb, note la patronne du Fonds des Nations unies pour la population Natalia Kanem, se r\u00e9jouissant de l&rsquo;augmentation de l&rsquo;esp\u00e9rance de vie et de la baisse de la mortalit\u00e9 infantile et maternelle.<\/p>\n<p>\u00ab\u00a0Cependant, je me rends compte que ce n&rsquo;est pas un moment n\u00e9cessairement c\u00e9l\u00e9br\u00e9 par tous. Certains s&rsquo;inqui\u00e8tent d&rsquo;un monde surpeupl\u00e9, avec bien trop d&rsquo;habitants et des ressources insuffisantes pour vivre\u00a0\u00bb, ajoute-t-elle, appelant \u00e0 ne pas avoir \u00ab\u00a0peur\u00a0\u00bb d&rsquo;un nombre.<\/p>\n<blockquote><p>Alors, sommes-nous trop nombreux sur cette Terre ? Ce n&rsquo;est pas la bonne question, selon de nombreux experts.<\/p><\/blockquote>\n<p>\u00ab\u00a0Trop pour qui ? Trop pour quoi ? Si vous me demandez si je suis de trop, je ne pense pas\u00a0\u00bb, r\u00e9pond ainsi \u00e0 l&rsquo;AFP Joel Cohen, de l&rsquo;universit\u00e9 Rockefeller \u00e0 New York.<\/p>\n<p>\u00ab\u00a0Je consid\u00e8re la question du nombre de personnes que la Terre peut supporter comme une question \u00e0 deux facettes: les contraintes ou limites naturelles, et les choix faits par les humains\u00a0\u00bb.<\/p>\n<h3>\u00ab\u00a0Des goinfres\u00a0\u00bb<\/h3>\n<p>Des choix qui font que nous consommons bien plus de ressources biologiques (for\u00eats, poissons, terres&#8230;) que ce que la Terre peut r\u00e9g\u00e9n\u00e9rer chaque ann\u00e9e et que cette surconsommation, notamment d&rsquo;\u00e9nergies fossiles, entra\u00eene toujours plus d&rsquo;\u00e9missions de CO2 responsables du r\u00e9chauffement.<\/p>\n<p>C\u00f4t\u00e9 ressources, il faudrait ainsi 1,75 Terre pour subvenir aux besoins de la population de fa\u00e7on durable, selon les ONG Global Footprint Network et WWF.<\/p>\n<p>C\u00f4t\u00e9 climat, le dernier rapport des experts climat de l&rsquo;ONU (Giec) notait que la croissance de la population est bien un des moteurs majeurs de la hausse des \u00e9missions de gaz \u00e0 effet de serre, mais moins que la croissance \u00e9conomique.<\/p>\n<p>\u00ab\u00a0Souvent, nous sommes stupides. Nous avons manqu\u00e9 de vision. Nous sommes des goinfres. C&rsquo;est l\u00e0 que r\u00e9sident le probl\u00e8me et les choix\u00a0\u00bb, insiste Joel Cohen, appelant malgr\u00e9 tout \u00e0 ne pas consid\u00e9rer l&rsquo;humanit\u00e9 comme une \u00ab\u00a0plaie\u00a0\u00bb.<\/p>\n<p>\u00ab\u00a0Notre impact sur la plan\u00e8te est d\u00e9termin\u00e9 bien plus par nos comportements que par notre nombre\u00a0\u00bb, rench\u00e9rit Jennifer Sciubba, chercheuse en r\u00e9sidence au centre de r\u00e9flexion Wilson Center.<\/p>\n<p>\u00ab\u00a0C&rsquo;est paresseux et pr\u00e9judiciable de continuer \u00e0 mettre en avant la surpopulation\u00a0\u00bb, poursuit-elle, soulignant le risque que les pays riches, au lieu de changer leur propre comportement, rejettent le probl\u00e8me vers les pays en d\u00e9veloppement qui tirent la croissance d\u00e9mographique.<\/p>\n<p>Alors que si tout le monde vivait comme un habitant de l&rsquo;Inde, l&rsquo;humanit\u00e9 n&rsquo;aurait besoin que de 0,8 plan\u00e8te chaque ann\u00e9e, contre plus de 5 plan\u00e8tes pour un habitant des Etats-Unis, selon le Global Footprint Network et WWF.<\/p>\n<p>Trop nombreux ou non, ces 8 milliards d&rsquo;humains sont d\u00e9j\u00e0 l\u00e0, et la population va continuer \u00e0 grossir, avec 9,7 milliards projet\u00e9s en 2050 par l&rsquo;ONU, qui note qu&rsquo;en raison du nombre important de jeunes, une tr\u00e8s large part de cette croissance aura lieu m\u00eame si les pays \u00e0 la f\u00e9condit\u00e9 la plus \u00e9lev\u00e9e tombaient d\u00e8s aujourd&rsquo;hui \u00e0 deux enfants par femme.<\/p>\n<h3>Droits des femmes<\/h3>\n<p>Une question de f\u00e9condit\u00e9 directement li\u00e9e aux droits des femmes, qui provoque des r\u00e9actions imm\u00e9diates de d\u00e9fense m\u00eame de ceux qui pencheraient vers un \u00ab\u00a0oui\u00a0\u00bb \u00e0 la question \u00ab\u00a0sommes-nous trop nombreux sur cette Terre\u00a0\u00bb.<\/p>\n<p>L&rsquo;ONG Population Matters plaide ainsi pour une baisse de la population mondiale, mais \u00ab\u00a0uniquement par des moyens positifs, volontaires et respectant les droits\u00a0\u00bb, explique \u00e0 l&rsquo;AFP son directeur Robin Maynard, s&rsquo;opposant \u00e0 toute \u00ab\u00a0politique de contr\u00f4le\u00a0\u00bb des naissances impos\u00e9e par l&rsquo;Etat.<\/p>\n<p>Le Projet Drawdown fait, lui, de l&rsquo;\u00e9ducation et du planning familial l&rsquo;une de ses quelque 100 solutions pour freiner le r\u00e9chauffement: \u00ab\u00a0Au niveau mondial, une population plus r\u00e9duite avec des niveaux de consommation durables permettrait de r\u00e9duire la demande d&rsquo;\u00e9nergie, de transports, de mat\u00e9riaux, de nourriture et de ressources naturelles\u00a0\u00bb.<\/p>\n<p>Parce que \u00ab\u00a0chaque personne n\u00e9e sur cette Terre ajoute un stress suppl\u00e9mentaire sur la plan\u00e8te\u00a0\u00bb, estime de son c\u00f4t\u00e9 Vanessa Perez, analyste au World Resources Institute.<\/p>\n<p>\u00ab\u00a0On \u00e9tait d\u00e9j\u00e0 trop nombreux il y a des ann\u00e9es\u00a0\u00bb, mais \u00ab\u00a0c&rsquo;est une question tr\u00e8s \u00e9pineuse\u00a0\u00bb, reconna\u00eet-elle aupr\u00e8s de l&rsquo;AFP, refusant que \u00ab\u00a0les \u00e9lites s&#8217;emparent de ce narratif pour demander de plafonner la croissance d\u00e9mographique dans les pays du Sud\u00a0\u00bb.<\/p>\n<p>Un narratif qu&rsquo;elle pr\u00e9f\u00e8re centrer autour de l'\u00a0\u00bb\u00e9quit\u00e9\u00a0\u00bb et de la \u00ab\u00a0distribution\u00a0\u00bb des ressources, notamment l&rsquo;acc\u00e8s \u00e0 la nourriture.<\/p>\n<p>Tout comme Joel Cohen. M\u00eame s&rsquo;il y a math\u00e9matiquement assez de nourriture produite pour 8 milliards d&rsquo;habitants, \u00ab\u00a0800 millions de personnes, une personne sur 10 sur la plan\u00e8te, sont chroniquement mal-nourris\u00a0\u00bb, insiste-t-il.<\/p>\n<p>\u00ab\u00a0Le concept du +trop nombreux+ est une distraction des vrais probl\u00e8mes li\u00e9s au bien-\u00eatre de l&rsquo;esp\u00e8ce humaine et des esp\u00e8ces avec lesquelles nous partageons la plan\u00e8te\u00a0\u00bb.<\/p>\n","protected":false},"excerpt":{"rendered":"<p>Nous serons officiellement 8 milliards d&rsquo;habitants sur Terre le 15 novembre, est-ce trop ? Pas forc\u00e9ment, r\u00e9pondent les experts, qui alertent plut\u00f4t sur la surconsommation des ressources de la plan\u00e8te par la partie la plus riche de l&rsquo;humanit\u00e9. \u00ab\u00a0Huit milliards, c&rsquo;est un jalon capital pour l&rsquo;humanit\u00e9\u00a0\u00bb, note la patronne du Fonds des Nations unies pour [&hellip;]<\/p>\n","protected":false},"author":1,"featured_media":11329,"comment_status":"open","ping_status":"closed","sticky":false,"template":"","format":"standard","meta":{"footnotes":""},"categories":[30],"tags":[2508,185,2509],"class_list":["post-11328","post","type-post","status-publish","format-standard","has-post-thumbnail","hentry","category-actualite","tag-8-milliards-dhumains","tag-planete","tag-ressources-de-la-planete"],"aioseo_notices":[],"_links":{"self":[{"href":"https:\/\/www.culturalusa.com\/news\/wp-json\/wp\/v2\/posts\/11328","targetHints":{"allow":["GET"]}}],"collection":[{"href":"https:\/\/www.culturalusa.com\/news\/wp-json\/wp\/v2\/posts"}],"about":[{"href":"https:\/\/www.culturalusa.com\/news\/wp-json\/wp\/v2\/types\/post"}],"author":[{"embeddable":true,"href":"https:\/\/www.culturalusa.com\/news\/wp-json\/wp\/v2\/users\/1"}],"replies":[{"embeddable":true,"href":"https:\/\/www.culturalusa.com\/news\/wp-json\/wp\/v2\/comments?post=11328"}],"version-history":[{"count":1,"href":"https:\/\/www.culturalusa.com\/news\/wp-json\/wp\/v2\/posts\/11328\/revisions"}],"predecessor-version":[{"id":11330,"href":"https:\/\/www.culturalusa.com\/news\/wp-json\/wp\/v2\/posts\/11328\/revisions\/11330"}],"wp:featuredmedia":[{"embeddable":true,"href":"https:\/\/www.culturalusa.com\/news\/wp-json\/wp\/v2\/media\/11329"}],"wp:attachment":[{"href":"https:\/\/www.culturalusa.com\/news\/wp-json\/wp\/v2\/media?parent=11328"}],"wp:term":[{"taxonomy":"category","embeddable":true,"href":"https:\/\/www.culturalusa.com\/news\/wp-json\/wp\/v2\/categories?post=11328"},{"taxonomy":"post_tag","embeddable":true,"href":"https:\/\/www.culturalusa.com\/news\/wp-json\/wp\/v2\/tags?post=11328"}],"curies":[{"name":"wp","href":"https:\/\/api.w.org\/{rel}","templated":true}]}}