{"id":11340,"date":"2022-11-10T16:08:35","date_gmt":"2022-11-10T15:08:35","guid":{"rendered":"https:\/\/www.culturalusa.com\/news\/?p=11340"},"modified":"2022-11-10T16:08:35","modified_gmt":"2022-11-10T15:08:35","slug":"les-seniors-de-55-a-64-ans-quittent-les-grandes-villes-a-lapproche-de-la-retraite","status":"publish","type":"post","link":"https:\/\/www.culturalusa.com\/news\/economie\/les-seniors-de-55-a-64-ans-quittent-les-grandes-villes-a-lapproche-de-la-retraite\/","title":{"rendered":"Les seniors de 55 \u00e0 64 ans quittent les grandes villes \u00e0 l&rsquo;approche de la retraite"},"content":{"rendered":"<p><strong>Les personnes \u00e2g\u00e9es de 55 \u00e0 64 ans<\/strong> sont nombreuses \u00e0 d\u00e9m\u00e9nager hors des grandes agglom\u00e9rations, une tendance qui augmente avec le niveau de dipl\u00f4me et tout particuli\u00e8rement en r\u00e9gion parisienne, selon une \u00e9tude de la Caisse des d\u00e9p\u00f4ts.<\/p>\n<blockquote><p>\u00ab\u00a0Des gens habitant dans de grandes agglom\u00e9rations quand ils travaillent encore tendent \u00e0 aller vers des communes moins denses quand ils arrivent \u00e0 la retraite\u00a0\u00bb, a expliqu\u00e9 Ronan Mahieu, auteur de l&rsquo;\u00e9tude, bas\u00e9e sur les donn\u00e9es d\u00e9mographiques de l&rsquo;Insee.<\/p><\/blockquote>\n<p>Le ph\u00e9nom\u00e8ne est patent en r\u00e9gion parisienne, o\u00f9 le solde migratoire des 55-74 ans est particuli\u00e8rement n\u00e9gatif.<\/p>\n<p>Les d\u00e9partements abritant les plus grandes m\u00e9tropoles, comme le Rh\u00f4ne, les Bouches-du-Rh\u00f4ne, le Nord ou la Haute-Garonne, voient \u00e9galement beaucoup de seniors partir.<\/p>\n<p>Au contraire, ceux recevant le plus de seniors sont massivement situ\u00e9s \u00ab\u00a0au sud-ouest d&rsquo;une ligne Cherbourg-Chamb\u00e9ry\u00a0\u00bb, note l&rsquo;\u00e9tude.<\/p>\n<p>Le niveau de dipl\u00f4me joue fortement dans les migrations de seniors. Ceux ayant au moins le bac sont plus nombreux \u00e0 s&rsquo;\u00e9tablir dans des communes rurales, alors qu&rsquo;ils y sont nettement moins pr\u00e9sents en g\u00e9n\u00e9ral. Les seniors les plus dipl\u00f4m\u00e9s sont significativement plus nombreux \u00e0 d\u00e9m\u00e9nager vers le Sud ou le littoral.<\/p>\n<p>\u00ab\u00a0Il se peut que ces \u00e9carts entre cat\u00e9gories de dipl\u00f4me aient partiellement \u00e0 voir avec les diff\u00e9rences de prix du foncier, les peu ou pas dipl\u00f4m\u00e9s \u00e9tant probablement moins souvent en mesure \u00e9conomiquement de s&rsquo;\u00e9tablir dans des d\u00e9partements o\u00f9 l&rsquo;immobilier est cher\u00a0\u00bb, note l&rsquo;\u00e9tude.<\/p>\n<p>Pass\u00e9 85 ans, en revanche, la mobilit\u00e9 change d&rsquo;aspect et est bien plus corr\u00e9l\u00e9e \u00e0 la pr\u00e9sence de places en \u00e9tablissements m\u00e9dicalis\u00e9s (Ehpad).<\/p>\n<p>L&rsquo;\u00e9tude montre que la disponibilit\u00e9 de l&rsquo;offre de soins n&rsquo;est en revanche pas un crit\u00e8re d\u00e9cisif d&rsquo;installation avant l&rsquo;\u00e2ge de la d\u00e9pendance.<\/p>\n<p>\u00ab\u00a0On n&rsquo;a pas l&rsquo;impression que la question de l&rsquo;accessibilit\u00e9 des soins de sant\u00e9 soit importante dans la mobilit\u00e9 des personnes\u00a0\u00bb, a affirm\u00e9 Ronan Mahieu.<\/p>\n","protected":false},"excerpt":{"rendered":"<p>Les personnes \u00e2g\u00e9es de 55 \u00e0 64 ans sont nombreuses \u00e0 d\u00e9m\u00e9nager hors des grandes agglom\u00e9rations, une tendance qui augmente avec le niveau de dipl\u00f4me et tout particuli\u00e8rement en r\u00e9gion parisienne, selon une \u00e9tude de la Caisse des d\u00e9p\u00f4ts. \u00ab\u00a0Des gens habitant dans de grandes agglom\u00e9rations quand ils travaillent encore tendent \u00e0 aller vers des [&hellip;]<\/p>\n","protected":false},"author":1,"featured_media":11341,"comment_status":"open","ping_status":"closed","sticky":false,"template":"","format":"standard","meta":{"footnotes":""},"categories":[1],"tags":[2515,992,2514],"class_list":["post-11340","post","type-post","status-publish","format-standard","has-post-thumbnail","hentry","category-economie","tag-grandes-villes","tag-retraite","tag-seniors"],"aioseo_notices":[],"_links":{"self":[{"href":"https:\/\/www.culturalusa.com\/news\/wp-json\/wp\/v2\/posts\/11340","targetHints":{"allow":["GET"]}}],"collection":[{"href":"https:\/\/www.culturalusa.com\/news\/wp-json\/wp\/v2\/posts"}],"about":[{"href":"https:\/\/www.culturalusa.com\/news\/wp-json\/wp\/v2\/types\/post"}],"author":[{"embeddable":true,"href":"https:\/\/www.culturalusa.com\/news\/wp-json\/wp\/v2\/users\/1"}],"replies":[{"embeddable":true,"href":"https:\/\/www.culturalusa.com\/news\/wp-json\/wp\/v2\/comments?post=11340"}],"version-history":[{"count":1,"href":"https:\/\/www.culturalusa.com\/news\/wp-json\/wp\/v2\/posts\/11340\/revisions"}],"predecessor-version":[{"id":11342,"href":"https:\/\/www.culturalusa.com\/news\/wp-json\/wp\/v2\/posts\/11340\/revisions\/11342"}],"wp:featuredmedia":[{"embeddable":true,"href":"https:\/\/www.culturalusa.com\/news\/wp-json\/wp\/v2\/media\/11341"}],"wp:attachment":[{"href":"https:\/\/www.culturalusa.com\/news\/wp-json\/wp\/v2\/media?parent=11340"}],"wp:term":[{"taxonomy":"category","embeddable":true,"href":"https:\/\/www.culturalusa.com\/news\/wp-json\/wp\/v2\/categories?post=11340"},{"taxonomy":"post_tag","embeddable":true,"href":"https:\/\/www.culturalusa.com\/news\/wp-json\/wp\/v2\/tags?post=11340"}],"curies":[{"name":"wp","href":"https:\/\/api.w.org\/{rel}","templated":true}]}}