{"id":11350,"date":"2022-11-13T19:13:37","date_gmt":"2022-11-13T18:13:37","guid":{"rendered":"https:\/\/www.culturalusa.com\/news\/?p=11350"},"modified":"2022-11-13T19:14:12","modified_gmt":"2022-11-13T18:14:12","slug":"ocean-viking-la-france-a-demande-a-leurope-de-se-prononcer-a-legard-de-litalie","status":"publish","type":"post","link":"https:\/\/www.culturalusa.com\/news\/actualite\/ocean-viking-la-france-a-demande-a-leurope-de-se-prononcer-a-legard-de-litalie\/","title":{"rendered":"Ocean Viking: la France a demand\u00e9 \u00e0 l&rsquo;Europe de se prononcer \u00e0 l&rsquo;\u00e9gard de l&rsquo;Italie"},"content":{"rendered":"<h2>\u00ab\u00a0La France demande \u00e0 l&rsquo;Europe de se prononcer tr\u00e8s rapidement sur les suites \u00e0 donner\u00a0\u00bb au refus de l&rsquo;Italie d&rsquo;accueillir le navire Ocean Viking et ses 230 migrants \u00e0 bord, a indiqu\u00e9 le porte-parole du gouvernement Olivier V\u00e9ran.<\/h2>\n<p>Vendredi, le bateau ambulance de l&rsquo;ONG SOS M\u00e9diterran\u00e9e op\u00e9rant au large de la Libye a d\u00e9barqu\u00e9 en France des rescap\u00e9s, une premi\u00e8re. Un accueil exceptionnel, par \u00ab\u00a0devoir d&rsquo;humanit\u00e9\u00a0\u00bb, selon le ministre de l&rsquo;Int\u00e9rieur G\u00e9rald Darmanin, le droit maritime pr\u00e9voyant en principe que ce d\u00e9barquement ait lieu plus pr\u00e8s de la zone de secours, entre Libye et Italie.<\/p>\n<blockquote><p>M. V\u00e9ran a critiqu\u00e9 \u00e0 nouveau dimanche sur BFMTV le refus de l&rsquo;Italie de l&rsquo;accueillir, \u00ab\u00a0une d\u00e9cision unilat\u00e9rale, inacceptable (&#8230;) qui appelle des r\u00e9ponses europ\u00e9ennes\u00a0\u00bb.<\/p><\/blockquote>\n<p>\u00ab\u00a0La premi\u00e8re r\u00e9ponse \u00e9tait humanitaire, c&rsquo;est fait\u00a0\u00bb depuis l&rsquo;accostage vendredi du bateau \u00e0 Toulon, a-t-il poursuivi.<\/p>\n<p>Et \u00ab\u00a0la deuxi\u00e8me r\u00e9ponse, c&rsquo;est rappeler les obligations\u00a0\u00bb de l&rsquo;Italie, \u00ab\u00a0et si elle refusait, envisager toute mesure utile\u00a0\u00bb.<\/p>\n<p>\u00ab\u00a0L&rsquo;heure, et nous l&rsquo;avons fait, est \u00e0 ce que la France demande \u00e0 l&rsquo;Europe de se prononcer tr\u00e8s rapidement sur les suites \u00e0 donner\u00a0\u00bb, a ajout\u00e9 M. V\u00e9ran, alors que \u00ab\u00a0l&rsquo;Italie se d\u00e9fausse de sa responsabilit\u00e9 sur ses voisins et ses amis fran\u00e7ais\u00a0\u00bb.<\/p>\n<p>Jeudi, en annon\u00e7ant la d\u00e9cision de laisser accoster l&rsquo;Ocean Viking M. Darmanin avait indiqu\u00e9 qu&rsquo;en guise de r\u00e9torsion, la France suspendait avec \u00ab\u00a0effet imm\u00e9diat\u00a0\u00bb l&rsquo;accueil pr\u00e9vu de 3.500 migrants actuellement en Italie. Quelque 500 d&rsquo;entre eux devaient arriver d&rsquo;ici la fin de l&rsquo;ann\u00e9e, a pr\u00e9cis\u00e9 M. V\u00e9ran.<\/p>\n<p>La cheffe du gouvernement italien de droite radicale\u00a0 Giorgia Meloni avait elle d\u00e9nonc\u00e9 une r\u00e9action fran\u00e7aise \u00ab\u00a0agressive (&#8230;) et injustifi\u00e9e\u00a0\u00bb, rappelant que son pays a accueilli pr\u00e8s de 90.000 migrants depuis le d\u00e9but de l&rsquo;ann\u00e9e.<\/p>\n<p>L&rsquo;italie souligne que si plusieurs pays se sont engag\u00e9s depuis juin \u00e0 recueillir 8.000 d&rsquo;entre eux pour aider Rome, seuls 117 ont \u00e9t\u00e9 effectivement relocalis\u00e9s depuis juin.<\/p>\n<p>Interrog\u00e9 sur la diff\u00e9rence de traitement par rapport \u00e0 l&rsquo;Aquarius, ancien navire de SOS M\u00e9diterran\u00e9e qui avait fini par accoster en Espagne il y a quatre ans, M. V\u00e9ran a soulign\u00e9 que depuis, \u00ab\u00a0nous avons eu cet accord de r\u00e9partition des migrants\u00a0\u00bb et \u00ab\u00a0chaque pays europ\u00e9en s&rsquo;est engag\u00e9\u00a0\u00bb.<\/p>\n<p>Actuellement plac\u00e9s dans un centre \u00e0 Hy\u00e8res (Var) transform\u00e9 pour l&rsquo;occasion en zone d&rsquo;attente internationale ferm\u00e9e et s\u00e9curis\u00e9e, 190 de ces rescap\u00e9s ont commenc\u00e9 \u00e0 \u00eatre entendus par les personnels de l&rsquo;Office fran\u00e7ais pour la protection des r\u00e9fugi\u00e9s et des apatrides (Ofpra) sur leur demande d&rsquo;asile, a indiqu\u00e9 la pr\u00e9fecture du Var. Deux sont hospitalis\u00e9s.<\/p>\n<p>La Croix-Rouge les aide par ailleurs \u00e0 reprendre contact avec leur famille. Dimanche, plusieurs d\u00e9put\u00e9s et s\u00e9nateurs ainsi que des repr\u00e9sentants du barreau de Toulon ont visit\u00e9 le centre, selon la pr\u00e9fecture, des associations ayant regrett\u00e9 que ces exil\u00e9s soient plac\u00e9s en centre ferm\u00e9.<\/p>\n<p>En tout, deux tiers des migrants de l&rsquo;Ocean Viking quitteront la France pour \u00eatre relocalis\u00e9s dans onze pays.<\/p>\n<p>De son c\u00f4t\u00e9, l&rsquo;ancien ministre de l&rsquo;Int\u00e9rieur G\u00e9rard Collomb a d\u00e9nonc\u00e9 dans Le Point l&rsquo;ouverture d&rsquo;une \u00ab\u00a0br\u00e8che, cr\u00e9ant un pr\u00e9c\u00e9dent\u00a0\u00bb avec l&rsquo;accostage de l&rsquo;Ocean Viking \u00e0 Toulon.<\/p>\n<p>\u00ab\u00a0Pour moi, cela ne peut qu&rsquo;encourager les r\u00e9seaux de passeurs pour qui les migrants sont une source de gains consid\u00e9rables (&#8230;)\u00a0\u00bb, a-t-il estim\u00e9.<\/p>\n<p>G\u00e9rard Collomb, qui avait d\u00e9missionn\u00e9 en octobre 2018 apr\u00e8s avoir d\u00e9clar\u00e9 sa candidature \u00e0 la mairie de Lyon, affirme avoir quitt\u00e9 le gouvernement \u00e0 l&rsquo;\u00e9poque pour protester contre la cr\u00e9ation \u00e9ventuelle de \u00ab\u00a0centres contr\u00f4l\u00e9s\u00a0\u00bb de migrants \u00e0 Toulon ou Marseille.<\/p>\n","protected":false},"excerpt":{"rendered":"<p>\u00ab\u00a0La France demande \u00e0 l&rsquo;Europe de se prononcer tr\u00e8s rapidement sur les suites \u00e0 donner\u00a0\u00bb au refus de l&rsquo;Italie d&rsquo;accueillir le navire Ocean Viking et ses 230 migrants \u00e0 bord, a indiqu\u00e9 le porte-parole du gouvernement Olivier V\u00e9ran. Vendredi, le bateau ambulance de l&rsquo;ONG SOS M\u00e9diterran\u00e9e op\u00e9rant au large de la Libye a d\u00e9barqu\u00e9 en [&hellip;]<\/p>\n","protected":false},"author":1,"featured_media":11351,"comment_status":"open","ping_status":"closed","sticky":false,"template":"","format":"standard","meta":{"footnotes":""},"categories":[30],"tags":[1293,542,244,2520],"class_list":["post-11350","post","type-post","status-publish","format-standard","has-post-thumbnail","hentry","category-actualite","tag-france","tag-italie","tag-migrants","tag-ocean-viking"],"aioseo_notices":[],"_links":{"self":[{"href":"https:\/\/www.culturalusa.com\/news\/wp-json\/wp\/v2\/posts\/11350","targetHints":{"allow":["GET"]}}],"collection":[{"href":"https:\/\/www.culturalusa.com\/news\/wp-json\/wp\/v2\/posts"}],"about":[{"href":"https:\/\/www.culturalusa.com\/news\/wp-json\/wp\/v2\/types\/post"}],"author":[{"embeddable":true,"href":"https:\/\/www.culturalusa.com\/news\/wp-json\/wp\/v2\/users\/1"}],"replies":[{"embeddable":true,"href":"https:\/\/www.culturalusa.com\/news\/wp-json\/wp\/v2\/comments?post=11350"}],"version-history":[{"count":1,"href":"https:\/\/www.culturalusa.com\/news\/wp-json\/wp\/v2\/posts\/11350\/revisions"}],"predecessor-version":[{"id":11352,"href":"https:\/\/www.culturalusa.com\/news\/wp-json\/wp\/v2\/posts\/11350\/revisions\/11352"}],"wp:featuredmedia":[{"embeddable":true,"href":"https:\/\/www.culturalusa.com\/news\/wp-json\/wp\/v2\/media\/11351"}],"wp:attachment":[{"href":"https:\/\/www.culturalusa.com\/news\/wp-json\/wp\/v2\/media?parent=11350"}],"wp:term":[{"taxonomy":"category","embeddable":true,"href":"https:\/\/www.culturalusa.com\/news\/wp-json\/wp\/v2\/categories?post=11350"},{"taxonomy":"post_tag","embeddable":true,"href":"https:\/\/www.culturalusa.com\/news\/wp-json\/wp\/v2\/tags?post=11350"}],"curies":[{"name":"wp","href":"https:\/\/api.w.org\/{rel}","templated":true}]}}