{"id":11359,"date":"2022-11-19T19:09:24","date_gmt":"2022-11-19T18:09:24","guid":{"rendered":"https:\/\/www.culturalusa.com\/news\/?p=11359"},"modified":"2022-11-21T21:05:04","modified_gmt":"2022-11-21T20:05:04","slug":"climat-lespoir-renait-de-sauver-la-cop27-en-egypte","status":"publish","type":"post","link":"https:\/\/www.culturalusa.com\/news\/technologie\/climat-lespoir-renait-de-sauver-la-cop27-en-egypte\/","title":{"rendered":"Climat : l&rsquo;espoir rena\u00eet de sauver la COP27 en Egypte"},"content":{"rendered":"<h2>Un accord a \u00e9t\u00e9 trouv\u00e9 sur la question des d\u00e9g\u00e2ts climatiques subis par les pays pauvres, un des principaux points de blocage des difficiles n\u00e9gociations de la conf\u00e9rence internationale sur le climat, selon une source europ\u00e9enne.<\/h2>\n<p>\u00ab\u00a0Un accord a \u00e9t\u00e9 trouv\u00e9\u00a0\u00bb sur la cr\u00e9ation d&rsquo;un fonds sp\u00e9cifique d\u00e9di\u00e9 \u00e0 ces \u00ab\u00a0pertes et dommages\u00a0\u00bb qui \u00ab\u00a0dirige\u00a0\u00bb les moyens financiers vers les pays les plus vuln\u00e9rables, a indiqu\u00e9 cette source \u00e0 l&rsquo;AFP.<\/p>\n<p>Cette annonce donne l&rsquo;espoir que cette 27e conf\u00e9rence internationale sur le climat, qui semblait au bord de l&rsquo;\u00e9chec samedi matin, soit sauv\u00e9e.<\/p>\n<p>\u00ab\u00a0Plut\u00f4t pas d&rsquo;accord qu&rsquo;un mauvais accord\u00a0\u00bb, avait lanc\u00e9 le vice-pr\u00e9sident de la Commission europ\u00e9enne Frans Timmermans devant la presse.<\/p>\n<p>\u00ab\u00a0Nous sommes inquiets de certaines des choses que nous avons vues et entendues au cours des derni\u00e8res 12 heures\u00a0\u00bb, a-t-il dit, ajoutant que l&rsquo;objectif des Europ\u00e9ens \u00e9tait de garder \u00ab\u00a0en vie\u00a0\u00bb la limite de r\u00e9chauffement de 1,5\u00b0C, objectif le plus ambitieux de l&rsquo;accord de Paris.<\/p>\n<h3>\u00a0P\u00e9trole et gaz absents<\/h3>\n<p>La pr\u00e9sidence \u00e9gyptienne, critiqu\u00e9e pour la lenteur des n\u00e9gociations, a fini par publier un nouveau projet de texte final tr\u00e8s attendu en d\u00e9but d&rsquo;apr\u00e8s-midi.<\/p>\n<p>Cette proposition doit encore \u00eatre discut\u00e9e par les n\u00e9gociateurs de pr\u00e8s de 200 pays rassembl\u00e9s \u00e0 Charm el-Cheikh pour des discussions qui ont d\u00e9j\u00e0 d\u00e9bord\u00e9 d&rsquo;un jour.<\/p>\n<p>Le document r\u00e9affirme les objectifs de l&rsquo;accord de Paris de 2015, qui vise \u00e0 limiter le r\u00e9chauffement de la plan\u00e8te \u00ab\u00a0nettement en-dessous de 2\u00b0C\u00a0\u00bb par rapport \u00e0 l&rsquo;\u00e8re pr\u00e9-industrielle, et si possible \u00e0 1,5\u00b0C.<\/p>\n<p>Le texte souligne que les impacts du d\u00e9r\u00e8glement climatique seraient bien moins importants \u00e0 1,5\u00b0C et affiche l&rsquo;importance de poursuivre les \u00ab\u00a0efforts\u00a0\u00bb pour respecter cette limite.<\/p>\n<p>C\u00f4t\u00e9 \u00e9nergie, la fin des \u00ab\u00a0subventions inefficaces aux carburants fossile\u00a0\u00bb est affirm\u00e9e mais pas la sortie du p\u00e9trole ou du gaz. L&rsquo;objectif d&rsquo;une sortie progressive des centrales \u00e0 charbon &#8211; acquis de Glasgow l&rsquo;an dernier &#8211; est r\u00e9affirm\u00e9, mais avec d\u00e9sormais un appel \u00e0 acc\u00e9l\u00e9rer le d\u00e9veloppement des renouvelables au cours de cette d\u00e9cennie.<\/p>\n<h3>\u00a0Espoir<\/h3>\n<p>Cette conf\u00e9rence, qui aurait d\u00fb se terminer vendredi soir, a longtemps bloqu\u00e9 sur la compensation des d\u00e9g\u00e2ts d\u00e9j\u00e0 occasionn\u00e9s par le changement climatique, les \u00ab\u00a0pertes et dommages\u00a0\u00bb.<\/p>\n<p>Une proposition de texte sur cette question, l&rsquo;une des plus \u00e9pineuses des discussions depuis deux semaines, avait aussi \u00e9t\u00e9 avanc\u00e9e samedi par la pr\u00e9sidence \u00e9gyptienne, avec l&rsquo;espoir qu&rsquo;un consensus puisse \u00eatre trouv\u00e9.<\/p>\n<p>Le document propose d&rsquo;\u00e9tablir \u00ab\u00a0de nouveaux accords de financement pour aider les pays en d\u00e9veloppement\u00a0\u00bb \u00e0 \u00ab\u00a0mobiliser des ressources nouvelles et suppl\u00e9mentaires\u00a0\u00bb.<\/p>\n<p>Mais aussi, revendication phare des pays pauvres tr\u00e8s expos\u00e9s, de \u00ab\u00a0cr\u00e9er un fonds de r\u00e9ponse aux pertes et dommages\u00a0\u00bb, dont le fonctionnement et les financements devront \u00eatre \u00e9labor\u00e9s par un \u00ab\u00a0comit\u00e9 de transition\u00a0\u00bb d&rsquo;ici la prochaine COP28 aux Emirats arabes unis fin 2023.<\/p>\n<p>L\u2019ambigu\u00eft\u00e9 sur les b\u00e9n\u00e9ficiaires de ce fonds, un point de blocage majeur des derniers jours, est lev\u00e9e a indiqu\u00e9 la source europ\u00e9enne.<\/p>\n<p>Ce sujet des d\u00e9g\u00e2ts d\u00e9j\u00e0 occasionn\u00e9s par le changement climatique est plus que jamais au centre des d\u00e9bats apr\u00e8s les inondations historiques qui ont r\u00e9cemment frapp\u00e9 le Pakistan et le Nigeria.<\/p>\n<p>De timides avanc\u00e9es avaient cependant eu lieu ces derniers jours.<\/p>\n<p>Des \u00ab\u00a0facilitateurs\u00a0\u00bb de ce dossier au centre des frictions Nord-Sud avaient publi\u00e9 une proposition de r\u00e9solution sur la question, avec trois options, dont une actant le principe de cr\u00e9ation d&rsquo;un fonds dont le fonctionnement exact sera ensuite d\u00e9termin\u00e9.<\/p>\n<p>Option jug\u00e9e vendredi acceptable \u00ab\u00a0avec quelques changements\u00a0\u00bb par Sherry Rehman, ministre pakistanaise du Changement climatique et pr\u00e9sidente en exercice du puissant groupe de n\u00e9gociation G77+Chine, qui compte plus de 130 pays.<\/p>\n<h3>\u00a0Risque d&#8217;emballement incontr\u00f4lable<\/h3>\n<p>Les pays riches \u00e9taient depuis des ann\u00e9es tr\u00e8s r\u00e9ticents \u00e0 l&rsquo;id\u00e9e d&rsquo;un financement sp\u00e9cifique, mais l&rsquo;Union europ\u00e9enne a fait une ouverture jeudi en acceptant le principe d&rsquo;un \u00ab\u00a0fonds de r\u00e9ponse aux pertes et dommages\u00a0\u00bb, r\u00e9serv\u00e9 aux \u00ab\u00a0plus vuln\u00e9rables\u00a0\u00bb sur une \u00ab\u00a0base de contributeurs \u00e9largie\u00a0\u00bb, sous entendu \u00e0 la Chine, qui s&rsquo;est consid\u00e9rablement enrichie en trente ans.<\/p>\n<p>Mais ni la Chine ni les Etats-Unis n&rsquo;ont fait conna\u00eetre leur position dans l&rsquo;imm\u00e9diat.<\/p>\n<p>Les engagements actuels des diff\u00e9rents pays sont loin de permettre de tenir l&rsquo;objectif de 1,5\u00b0C. Selon les analyses de l&rsquo;ONU, ils permettent au mieux de limiter le r\u00e9chauffement \u00e0 2,4\u00b0C d&rsquo;ici la fin du si\u00e8cle, menant l&rsquo;humanit\u00e9 vers le risque que des points de bascule irr\u00e9versibles soient atteints et provoquent un emballement incontr\u00f4lable du d\u00e9r\u00e8glement climatique. (AFP)<\/p>\n","protected":false},"excerpt":{"rendered":"<p>Un accord a \u00e9t\u00e9 trouv\u00e9 sur la question des d\u00e9g\u00e2ts climatiques subis par les pays pauvres, un des principaux points de blocage des difficiles n\u00e9gociations de la conf\u00e9rence internationale sur le climat, selon une source europ\u00e9enne. \u00ab\u00a0Un accord a \u00e9t\u00e9 trouv\u00e9\u00a0\u00bb sur la cr\u00e9ation d&rsquo;un fonds sp\u00e9cifique d\u00e9di\u00e9 \u00e0 ces \u00ab\u00a0pertes et dommages\u00a0\u00bb qui \u00ab\u00a0dirige\u00a0\u00bb [&hellip;]<\/p>\n","protected":false},"author":1,"featured_media":11364,"comment_status":"open","ping_status":"closed","sticky":false,"template":"","format":"standard","meta":{"footnotes":""},"categories":[6],"tags":[208,2506,2526,2525],"class_list":["post-11359","post","type-post","status-publish","format-standard","has-post-thumbnail","hentry","category-technologie","tag-climat","tag-cop27","tag-degats-climatiques","tag-egypte"],"aioseo_notices":[],"_links":{"self":[{"href":"https:\/\/www.culturalusa.com\/news\/wp-json\/wp\/v2\/posts\/11359","targetHints":{"allow":["GET"]}}],"collection":[{"href":"https:\/\/www.culturalusa.com\/news\/wp-json\/wp\/v2\/posts"}],"about":[{"href":"https:\/\/www.culturalusa.com\/news\/wp-json\/wp\/v2\/types\/post"}],"author":[{"embeddable":true,"href":"https:\/\/www.culturalusa.com\/news\/wp-json\/wp\/v2\/users\/1"}],"replies":[{"embeddable":true,"href":"https:\/\/www.culturalusa.com\/news\/wp-json\/wp\/v2\/comments?post=11359"}],"version-history":[{"count":1,"href":"https:\/\/www.culturalusa.com\/news\/wp-json\/wp\/v2\/posts\/11359\/revisions"}],"predecessor-version":[{"id":11361,"href":"https:\/\/www.culturalusa.com\/news\/wp-json\/wp\/v2\/posts\/11359\/revisions\/11361"}],"wp:featuredmedia":[{"embeddable":true,"href":"https:\/\/www.culturalusa.com\/news\/wp-json\/wp\/v2\/media\/11364"}],"wp:attachment":[{"href":"https:\/\/www.culturalusa.com\/news\/wp-json\/wp\/v2\/media?parent=11359"}],"wp:term":[{"taxonomy":"category","embeddable":true,"href":"https:\/\/www.culturalusa.com\/news\/wp-json\/wp\/v2\/categories?post=11359"},{"taxonomy":"post_tag","embeddable":true,"href":"https:\/\/www.culturalusa.com\/news\/wp-json\/wp\/v2\/tags?post=11359"}],"curies":[{"name":"wp","href":"https:\/\/api.w.org\/{rel}","templated":true}]}}